{"id":53383,"date":"2015-02-20T17:49:51","date_gmt":"2015-02-20T20:49:51","guid":{"rendered":"http:\/\/aconteceunovale.com.br\/portal\/?p=53383"},"modified":"2015-02-20T17:51:50","modified_gmt":"2015-02-20T20:51:50","slug":"jovem-e-assassinado-a-tiros-dentro-de-carro-em-governador-valadares","status":"publish","type":"post","link":"https:\/\/aconteceunovale.com.br\/portal\/?p=53383","title":{"rendered":"Jovem \u00e9 assassinado dentro de carro em Governador Valadares"},"content":{"rendered":"<h4><em><strong>Dois homens que estavam em outro ve\u00edculo fizeram os disparos. V\u00edtima tinha passagens pelos meios policiais.<\/strong><\/em><\/h4>\n<p>Um homem de 23 anos foi executado a tiros dentro de um carro, na tarde desta sexta-feira, 20 de fevereiro, na Avenida I do Bairro Jardim Ip\u00ea, em Governador Valadares, no Leste de Minas Gerais. Segundo a Pol\u00edcia Militar, dois suspeitos se aproximaram em outro autom\u00f3vel, e um deles efetuou diversos disparos. A per\u00edcia esteve no local, mas ainda n\u00e3o informou o n\u00famero de tiros que atingiram a v\u00edtima.<\/p>\n<p>De acordo com a PM h\u00e1 suspeitas de que o crime seja um de acerto de contas. Conforme o Tenente B\u00e9rthalo Heleno da Pol\u00edcia Militar, a v\u00edtima Guilherme Mendon\u00e7a da Silva tinha passagens e era conhecido nos meios policiais. \u201cNa noite desta quinta-feira uma viatura esteve na casa da v\u00edtima por causa do envolvimento dela com drogas. Ele j\u00e1 era conhecido no meio policial\u201d, afirmou o militar.<\/p>\n<p>A v\u00edtima estava no banco do motorista e havia acabado de estacionar. No mesmo carro tinha um rapaz que n\u00e3o teve a idade revelada e uma adolescente de 15 anos. Eles n\u00e3o foram atingidos pelos disparos e sa\u00edram correndo para dentro de uma casa que fica em frente ao local do crime. N\u00e3o h\u00e1 informa\u00e7\u00f5es sobre os autores do crime.<\/p>\n<p>\u201cOs dois passaram poucas informa\u00e7\u00f5es e disseram que n\u00e3o sabem identificar quem s\u00e3o os autores. Isso \u00e9 ruim porque s\u00f3 dificulta o trabalho da pol\u00edcia no sentido de identificar e prender os autores. O rapaz que estava no carro e escapou tem passagem pela pol\u00edcia. Ele \u00e9 suspeito de envolvimento em um homic\u00eddio\u201d, ressaltou o tenente B\u00e9rthalo.<\/p>\n<p>O caso \u00e9 investigado pela 5\u00aa Delegacia de Pol\u00edcia Civil de Governador Valadares.<\/p>\n<p><img decoding=\"async\" src=\"http:\/\/aconteceunovale.com.br\/portal\/wp-content\/uploads\/2015\/02\/homicidio_gv_20_2_1.jpg\" alt=\"\" \/><em>V\u00edtima estava no banco do motorista (Foto: Roberto Higino \/ Programa Caso de Pol\u00edcia)<\/em><br \/>\n<\/br><\/p>\n<p><em><strong>(Fonte: Inter TV dos Vales)<\/strong><\/em><\/p>\n","protected":false},"excerpt":{"rendered":"<p>Dois homens que estavam em outro ve\u00edculo fizeram os disparos. V\u00edtima tinha passagens pelos meios policiais. Um homem de 23 anos foi executado a tiros dentro de um carro, na tarde desta sexta-feira, 20 de fevereiro, na Avenida I do Bairro Jardim Ip\u00ea, em Governador Valadares, no Leste de Minas Gerais. Segundo a Pol\u00edcia Militar, [&hellip;]<\/p>\n","protected":false},"author":1,"featured_media":53384,"comment_status":"open","ping_status":"closed","sticky":false,"template":"","format":"standard","meta":{"amp_status":"","footnotes":""},"categories":[121],"tags":[247,34282,8180,34283,34280,34281],"class_list":["post-53383","post","type-post","status-publish","format-standard","has-post-thumbnail","hentry","category-leste","tag-governador-valadares","tag-guilherme-mendonca-da-silva","tag-homicidio-em-governador-valadares","tag-homicidio-na-avenida-i-do-bairro-jardim-ipe","tag-jovem-e-assassinado-a-tiros-dentro-de-carro-em-governador-valadares","tag-tenente-berthalo-heleno"],"_links":{"self":[{"href":"https:\/\/aconteceunovale.com.br\/portal\/index.php?rest_route=\/wp\/v2\/posts\/53383","targetHints":{"allow":["GET"]}}],"collection":[{"href":"https:\/\/aconteceunovale.com.br\/portal\/index.php?rest_route=\/wp\/v2\/posts"}],"about":[{"href":"https:\/\/aconteceunovale.com.br\/portal\/index.php?rest_route=\/wp\/v2\/types\/post"}],"author":[{"embeddable":true,"href":"https:\/\/aconteceunovale.com.br\/portal\/index.php?rest_route=\/wp\/v2\/users\/1"}],"replies":[{"embeddable":true,"href":"https:\/\/aconteceunovale.com.br\/portal\/index.php?rest_route=%2Fwp%2Fv2%2Fcomments&post=53383"}],"version-history":[{"count":0,"href":"https:\/\/aconteceunovale.com.br\/portal\/index.php?rest_route=\/wp\/v2\/posts\/53383\/revisions"}],"wp:featuredmedia":[{"embeddable":true,"href":"https:\/\/aconteceunovale.com.br\/portal\/index.php?rest_route=\/wp\/v2\/media\/53384"}],"wp:attachment":[{"href":"https:\/\/aconteceunovale.com.br\/portal\/index.php?rest_route=%2Fwp%2Fv2%2Fmedia&parent=53383"}],"wp:term":[{"taxonomy":"category","embeddable":true,"href":"https:\/\/aconteceunovale.com.br\/portal\/index.php?rest_route=%2Fwp%2Fv2%2Fcategories&post=53383"},{"taxonomy":"post_tag","embeddable":true,"href":"https:\/\/aconteceunovale.com.br\/portal\/index.php?rest_route=%2Fwp%2Fv2%2Ftags&post=53383"}],"curies":[{"name":"wp","href":"https:\/\/api.w.org\/{rel}","templated":true}]}}