{"id":53368,"date":"2015-02-20T10:59:00","date_gmt":"2015-02-20T13:59:00","guid":{"rendered":"http:\/\/aconteceunovale.com.br\/portal\/?p=53368"},"modified":"2015-02-20T10:59:00","modified_gmt":"2015-02-20T13:59:00","slug":"profissionais-do-mais-medicos-devem-se-apresentar-ate-hoje-nos-municipios","status":"publish","type":"post","link":"https:\/\/aconteceunovale.com.br\/portal\/?p=53368","title":{"rendered":"Profissionais do Mais M\u00e9dicos devem se apresentar at\u00e9 hoje nos munic\u00edpios"},"content":{"rendered":"<h4><em><strong>Profissional precisa entregar c\u00f3pias de documento oficial com foto, do diploma e do registro no Conselho de Medicina.<\/strong><\/em><\/h4>\n<p>Os profissionais  selecionados para atuar no Mais M\u00e9dicos devem se apresentar at\u00e9 hoje (20) nos munic\u00edpios onde trabalhar\u00e3o, caso contr\u00e1rio n\u00e3o participar\u00e3o das novas chamadas desta edi\u00e7\u00e3o do programa.<\/p>\n<p>Para confirmar a vaga, o profissional precisa entregar \u00e0 gest\u00e3o do munic\u00edpio c\u00f3pias de documento oficial com foto, do diploma e do registro no Conselho de Medicina. Segundo o cronograma do governo, os m\u00e9dicos come\u00e7am a trabalhar no dia 2 de mar\u00e7o.<\/p>\n<p>Nesta etapa do programa, 12.580 profissionais fizeram a inscri\u00e7\u00e3o. Desse total, 3.936 foram selecionados. Diferentemente das outras edi\u00e7\u00f5es, nas quais cerca de 80% dos participantes haviam se formado no exterior e n\u00e3o tinham o diploma validado, desta vez mais de 90% das vagas foram preenchidas por m\u00e9dicos formados no Brasil. O ministro da Sa\u00fade, Arthur Chioro, alega que entre os motivos para a mudan\u00e7a de quadro est\u00e3o a possibilidade de o m\u00e9dico receber um b\u00f4nus de 10% em provas para resid\u00eancia e tamb\u00e9m o aumento da credibilidade do programa.<\/p>\n<p>Para a segunda chamada, que ocorrer\u00e1 nos dias 23 e 24 de fevereiro, estar\u00e3o dispon\u00edveis as 210 vagas que n\u00e3o foram preenchidas e, eventualmente, as surgidas pela n\u00e3o confirma\u00e7\u00e3o do profissional at\u00e9 amanh\u00e3. A terceira chamada est\u00e1 prevista para os dias 17 e 18 de mar\u00e7o. Caso ainda haja vagas, ocorrer\u00e1, em 10 de abril, chamada para brasileiros formados fora do pa\u00eds e, em 5 de maio, para m\u00e9dicos estrangeiros. Trimestralmente, o Minist\u00e9rio da Sa\u00fade lan\u00e7ar\u00e1 edital para a oferta de vagas que, eventualmente, forem abertas. (Ag\u00eancia Brasil)<\/p>\n","protected":false},"excerpt":{"rendered":"<p>Profissional precisa entregar c\u00f3pias de documento oficial com foto, do diploma e do registro no Conselho de Medicina. Os profissionais selecionados para atuar no Mais M\u00e9dicos devem se apresentar at\u00e9 hoje (20) nos munic\u00edpios onde trabalhar\u00e3o, caso contr\u00e1rio n\u00e3o participar\u00e3o das novas chamadas desta edi\u00e7\u00e3o do programa. Para confirmar a vaga, o profissional precisa entregar [&hellip;]<\/p>\n","protected":false},"author":1,"featured_media":28778,"comment_status":"open","ping_status":"closed","sticky":false,"template":"","format":"standard","meta":{"amp_status":"","footnotes":""},"categories":[6],"tags":[21165,6855,34259,34258,34257,550],"class_list":["post-53368","post","type-post","status-publish","format-standard","has-post-thumbnail","hentry","category-br","tag-arthur-chioro","tag-mais-medicos","tag-ministro-da-saude","tag-profissionais-do-mais-medicos","tag-profissionais-do-mais-medicos-devem-se-apresentar-ate-hoje-nos-municipios","tag-programa-mais-medicos"],"_links":{"self":[{"href":"https:\/\/aconteceunovale.com.br\/portal\/index.php?rest_route=\/wp\/v2\/posts\/53368","targetHints":{"allow":["GET"]}}],"collection":[{"href":"https:\/\/aconteceunovale.com.br\/portal\/index.php?rest_route=\/wp\/v2\/posts"}],"about":[{"href":"https:\/\/aconteceunovale.com.br\/portal\/index.php?rest_route=\/wp\/v2\/types\/post"}],"author":[{"embeddable":true,"href":"https:\/\/aconteceunovale.com.br\/portal\/index.php?rest_route=\/wp\/v2\/users\/1"}],"replies":[{"embeddable":true,"href":"https:\/\/aconteceunovale.com.br\/portal\/index.php?rest_route=%2Fwp%2Fv2%2Fcomments&post=53368"}],"version-history":[{"count":0,"href":"https:\/\/aconteceunovale.com.br\/portal\/index.php?rest_route=\/wp\/v2\/posts\/53368\/revisions"}],"wp:featuredmedia":[{"embeddable":true,"href":"https:\/\/aconteceunovale.com.br\/portal\/index.php?rest_route=\/wp\/v2\/media\/28778"}],"wp:attachment":[{"href":"https:\/\/aconteceunovale.com.br\/portal\/index.php?rest_route=%2Fwp%2Fv2%2Fmedia&parent=53368"}],"wp:term":[{"taxonomy":"category","embeddable":true,"href":"https:\/\/aconteceunovale.com.br\/portal\/index.php?rest_route=%2Fwp%2Fv2%2Fcategories&post=53368"},{"taxonomy":"post_tag","embeddable":true,"href":"https:\/\/aconteceunovale.com.br\/portal\/index.php?rest_route=%2Fwp%2Fv2%2Ftags&post=53368"}],"curies":[{"name":"wp","href":"https:\/\/api.w.org\/{rel}","templated":true}]}}