{"id":53364,"date":"2015-02-20T10:39:29","date_gmt":"2015-02-20T13:39:29","guid":{"rendered":"http:\/\/aconteceunovale.com.br\/portal\/?p=53364"},"modified":"2015-02-20T10:39:29","modified_gmt":"2015-02-20T13:39:29","slug":"dois-homens-sao-baleados-no-bairro-morrinhos-em-montes-claros-2","status":"publish","type":"post","link":"https:\/\/aconteceunovale.com.br\/portal\/?p=53364","title":{"rendered":"Dois homens s\u00e3o baleados no bairro Morrinhos em Montes Claros"},"content":{"rendered":"<h4><strong><em>Crime aconteceu na noite dessa quinta-feira (19). V\u00edtimas foram atingidas por v\u00e1rios disparos e foram socorridas pelo Samu.<\/em><\/strong><\/h4>\n<p>Dois homens foram baleados na noite desta quinta-feira (19) em Montes Claros, Norte de Minas. Segundo a Pol\u00edcia Militar, as v\u00edtimas estavam em uma motocicleta quando foram surpreendidas pelos criminosos na Avenida Leonel Beir\u00e3o de Jesus, no Bairro Morrinhos.<\/p>\n<p>A PM informou ainda que os suspeitos estavam em outra motocicleta no momento do crime. \u201cAs v\u00edtimas seguiam sentido cemit\u00e9rio\/Morrinhos, quando os suspeitos efetuaram v\u00e1rios disparos e depois fugiram\u201d, afirma o tenente Gildo Oliveira.<\/p>\n<p>Uma v\u00edtima, de 23 anos, foi atingida por dois tiros nas costas. A outra, de 29 anos, foi alvejada por v\u00e1rios disparos. \u201cTudo leva a crer que este crime esteja relacionado com o tr\u00e1fico de drogas\u201d, afirma o tenente.<\/p>\n<p>As v\u00edtimas foram socorridas por equipes do Servi\u00e7o de Atendimento M\u00f3vel de Urg\u00eancia (Samu) e encaminhadas a hospitais da cidade.<\/p>\n<p><img decoding=\"async\" src=\"http:\/\/aconteceunovale.com.br\/portal\/wp-content\/uploads\/2015\/02\/baleados_moc.jpg\" alt=\"\" \/><em>V\u00edtimas foram baleadas na Avenida Leonel Beir\u00e3o de Jesus (Foto: Valdivan Veloso\/G1)<\/em><br \/>\n<\/br><\/p>\n<p><em><strong>(Inter TV Grande Minas)<\/strong><\/em><\/p>\n","protected":false},"excerpt":{"rendered":"<p>Crime aconteceu na noite dessa quinta-feira (19). V\u00edtimas foram atingidas por v\u00e1rios disparos e foram socorridas pelo Samu. Dois homens foram baleados na noite desta quinta-feira (19) em Montes Claros, Norte de Minas. Segundo a Pol\u00edcia Militar, as v\u00edtimas estavam em uma motocicleta quando foram surpreendidas pelos criminosos na Avenida Leonel Beir\u00e3o de Jesus, no [&hellip;]<\/p>\n","protected":false},"author":1,"featured_media":53362,"comment_status":"open","ping_status":"closed","sticky":false,"template":"","format":"standard","meta":{"amp_status":"","footnotes":""},"categories":[1236],"tags":[34247,34246,34245,210],"class_list":["post-53364","post","type-post","status-publish","format-standard","has-post-thumbnail","hentry","category-norte_de_minas","tag-baleados-no-bairro-morrinhos","tag-baleados-no-bairro-morrinhos-em-montes-claros","tag-dois-homens-sao-baleados-no-bairro-morrinhos-em-montes-claros","tag-montes-claros"],"_links":{"self":[{"href":"https:\/\/aconteceunovale.com.br\/portal\/index.php?rest_route=\/wp\/v2\/posts\/53364","targetHints":{"allow":["GET"]}}],"collection":[{"href":"https:\/\/aconteceunovale.com.br\/portal\/index.php?rest_route=\/wp\/v2\/posts"}],"about":[{"href":"https:\/\/aconteceunovale.com.br\/portal\/index.php?rest_route=\/wp\/v2\/types\/post"}],"author":[{"embeddable":true,"href":"https:\/\/aconteceunovale.com.br\/portal\/index.php?rest_route=\/wp\/v2\/users\/1"}],"replies":[{"embeddable":true,"href":"https:\/\/aconteceunovale.com.br\/portal\/index.php?rest_route=%2Fwp%2Fv2%2Fcomments&post=53364"}],"version-history":[{"count":0,"href":"https:\/\/aconteceunovale.com.br\/portal\/index.php?rest_route=\/wp\/v2\/posts\/53364\/revisions"}],"wp:featuredmedia":[{"embeddable":true,"href":"https:\/\/aconteceunovale.com.br\/portal\/index.php?rest_route=\/wp\/v2\/media\/53362"}],"wp:attachment":[{"href":"https:\/\/aconteceunovale.com.br\/portal\/index.php?rest_route=%2Fwp%2Fv2%2Fmedia&parent=53364"}],"wp:term":[{"taxonomy":"category","embeddable":true,"href":"https:\/\/aconteceunovale.com.br\/portal\/index.php?rest_route=%2Fwp%2Fv2%2Fcategories&post=53364"},{"taxonomy":"post_tag","embeddable":true,"href":"https:\/\/aconteceunovale.com.br\/portal\/index.php?rest_route=%2Fwp%2Fv2%2Ftags&post=53364"}],"curies":[{"name":"wp","href":"https:\/\/api.w.org\/{rel}","templated":true}]}}