{"id":53202,"date":"2015-02-20T09:35:05","date_gmt":"2015-02-20T12:35:05","guid":{"rendered":"http:\/\/aconteceunovale.com.br\/portal\/?p=53202"},"modified":"2015-02-20T09:35:05","modified_gmt":"2015-02-20T12:35:05","slug":"previsao-do-tempo-para-minas-gerais-nesta-sexta-feira-20-de-fevereiro","status":"publish","type":"post","link":"https:\/\/aconteceunovale.com.br\/portal\/?p=53202","title":{"rendered":"Previs\u00e3o do tempo para Minas Gerais nesta sexta-feira, 20 de fevereiro"},"content":{"rendered":"<h4><em><strong>C\u00e9u nublado, com pancadas de chuva na maior parte do Estado de Minas Gerais<\/strong><\/em><\/h4>\n<p>Nesta sexta-feira (20\/2), \u00e1reas de instabilidade atmosf\u00e9ricas provocam pancadas de chuva em boa parte do Sudeste do Brasil. Em Minas Gerais, o c\u00e9u fica nublado com pancadas de chuva a qualquer momento na maior parte do Estado, sobretudo, no Norte, Noroeste, Central Mineira, Tri\u00e2ngulo, Oeste, Sul, Campo das Vertentes e Zona da Mata.<\/p>\n<p>Nas demais mesorregi\u00f5es mineiras, o sol aparece pela manh\u00e3, mas no decorrer da tarde aumentam as nuvens que podem provocar pancadas de chuva. Na capital, o tempo fica inst\u00e1vel com pancadas de chuva a partir da tarde, e temperaturas oscilando entre 18 e 29\u00b0C.<\/p>\n<p>No fim de semana, a nebulosidade diminuir\u00e1 em boa parte de Minas Gerais. Com isso, o sol dever\u00e1 predominar na maior parte do per\u00edodo. Por\u00e9m, h\u00e1 possibilidade de chuvas isoladas no Norte, Nordeste e Leste mineiro, al\u00e9m de pancadas de chuva nas mesorregi\u00f5es Noroeste, Central Mineira e Tri\u00e2ngulo. Na Regi\u00e3o Metropolitana de Belo Horizonte, o c\u00e9u ficar\u00e1 claro a parcialmente nublado, e as temperaturas oscilar\u00e3o entre 18 e 29\u00b0C.<\/p>\n","protected":false},"excerpt":{"rendered":"<p>C\u00e9u nublado, com pancadas de chuva na maior parte do Estado de Minas Gerais Nesta sexta-feira (20\/2), \u00e1reas de instabilidade atmosf\u00e9ricas provocam pancadas de chuva em boa parte do Sudeste do Brasil. Em Minas Gerais, o c\u00e9u fica nublado com pancadas de chuva a qualquer momento na maior parte do Estado, sobretudo, no Norte, Noroeste, [&hellip;]<\/p>\n","protected":false},"author":1,"featured_media":51728,"comment_status":"open","ping_status":"closed","sticky":false,"template":"","format":"standard","meta":{"amp_status":"","footnotes":""},"categories":[123],"tags":[34230,1956,1839,27976,34231,12636,34232],"class_list":["post-53202","post","type-post","status-publish","format-standard","has-post-thumbnail","hentry","category-gerais","tag-20-de-fevereiro","tag-previsao-do-tempo","tag-previsao-do-tempo-para-minas-gerais","tag-previsao-do-tempo-para-minas-gerais-nesta-sexta-feira","tag-previsao-do-tempo-para-minas-gerais-nesta-sexta-feira-20-de-fevereiro","tag-temperatura-em-minas-gerais","tag-tempo-em-minas-gerais"],"_links":{"self":[{"href":"https:\/\/aconteceunovale.com.br\/portal\/index.php?rest_route=\/wp\/v2\/posts\/53202","targetHints":{"allow":["GET"]}}],"collection":[{"href":"https:\/\/aconteceunovale.com.br\/portal\/index.php?rest_route=\/wp\/v2\/posts"}],"about":[{"href":"https:\/\/aconteceunovale.com.br\/portal\/index.php?rest_route=\/wp\/v2\/types\/post"}],"author":[{"embeddable":true,"href":"https:\/\/aconteceunovale.com.br\/portal\/index.php?rest_route=\/wp\/v2\/users\/1"}],"replies":[{"embeddable":true,"href":"https:\/\/aconteceunovale.com.br\/portal\/index.php?rest_route=%2Fwp%2Fv2%2Fcomments&post=53202"}],"version-history":[{"count":0,"href":"https:\/\/aconteceunovale.com.br\/portal\/index.php?rest_route=\/wp\/v2\/posts\/53202\/revisions"}],"wp:featuredmedia":[{"embeddable":true,"href":"https:\/\/aconteceunovale.com.br\/portal\/index.php?rest_route=\/wp\/v2\/media\/51728"}],"wp:attachment":[{"href":"https:\/\/aconteceunovale.com.br\/portal\/index.php?rest_route=%2Fwp%2Fv2%2Fmedia&parent=53202"}],"wp:term":[{"taxonomy":"category","embeddable":true,"href":"https:\/\/aconteceunovale.com.br\/portal\/index.php?rest_route=%2Fwp%2Fv2%2Fcategories&post=53202"},{"taxonomy":"post_tag","embeddable":true,"href":"https:\/\/aconteceunovale.com.br\/portal\/index.php?rest_route=%2Fwp%2Fv2%2Ftags&post=53202"}],"curies":[{"name":"wp","href":"https:\/\/api.w.org\/{rel}","templated":true}]}}