{"id":53193,"date":"2015-02-19T21:25:36","date_gmt":"2015-02-20T00:25:36","guid":{"rendered":"http:\/\/aconteceunovale.com.br\/portal\/?p=53193"},"modified":"2015-02-19T21:25:36","modified_gmt":"2015-02-20T00:25:36","slug":"mec-libera-r-119-milhoes-para-regularizar-pagamento-do-pronatec","status":"publish","type":"post","link":"https:\/\/aconteceunovale.com.br\/portal\/?p=53193","title":{"rendered":"MEC libera R$ 119 milh\u00f5es para regularizar pagamento do Pronatec"},"content":{"rendered":"<h4><strong><em>Segundo o jornal Folha de S.Paulo, desde outubro o Governo n\u00e3o pagava as institui\u00e7\u00f5es privadas participantes do Pronatec.<\/em><\/strong><\/h4>\n<p>O Minist\u00e9rio da Educa\u00e7\u00e3o (MEC) informou hoje (19) que foram liberados R$ 119 milh\u00f5es para regularizar o pagamento de mensalidades de 2014 do Programa Nacional de Acesso ao Ensino T\u00e9cnico e Emprego (Pronatec) para institui\u00e7\u00f5es privadas.<\/p>\n<p>Segundo mat\u00e9ria publicada na edi\u00e7\u00e3o de hoje do jornal Folha de S.Paulo, o governo federal deixou de pagar as aulas dadas desde outubro pelas 500 institui\u00e7\u00f5es privadas participantes do Pronatec.<\/p>\n<p>A nota do minist\u00e9rio esclarece que a libera\u00e7\u00e3o dos repasses este ano est\u00e1 dentro do previsto. \u201cO MEC informa que foram liberados R$ 119 milh\u00f5es para regularizar o fluxo de pagamento referente \u00e0s mensalidades de 2014 para institui\u00e7\u00f5es privadas&#8221;. A libera\u00e7\u00e3o dos repasses este ano est\u00e1 dentro do previsto, diz o MEC, lembrando que o pagamento de cada parcela pode ser feito at\u00e9 45 dias ap\u00f3s o vencimento do m\u00eas de refer\u00eancia.<\/p>\n<p>De acordo com o Minist\u00e9rio da Educa\u00e7\u00e3o, as institui\u00e7\u00f5es privadas participam da iniciativa Bolsa Forma\u00e7\u00e3o do Pronatec, na oferta de cursos t\u00e9cnicos subsequentes por meio do Sistema de Sele\u00e7\u00e3o Unificada da Educa\u00e7\u00e3o Profissional e Tecnol\u00f3gica (Sisutec). A pasta informa que as institui\u00e7\u00f5es privadas representam cerca de 7% das matr\u00edculas totais do Pronatec. Por meio dessa a\u00e7\u00e3o, foram feitas cerca de 440 mil matr\u00edculas em 2014, al\u00e9m das cerca de 150 mil iniciadas em 2013.<\/p>\n<p>Segundo a nota, o pagamento dos valores \u00e9 feito em parcelas, a partir do registro de frequ\u00eancia do benefici\u00e1rio pela institui\u00e7\u00e3o, bem como da confirma\u00e7\u00e3o pelo pr\u00f3prio aluno, com senha pessoal e intransfer\u00edvel. No ano passado, foram repassados cerca de R$ 640 milh\u00f5es a institui\u00e7\u00f5es privadas.<\/p>\n<p>O Pronatec foi criado em 2011 pelo governo federal, com o objetivo de ampliar a oferta de cursos de educa\u00e7\u00e3o profissional e tecnol\u00f3gica. (Ag\u00eancia Brasil)<\/p>\n","protected":false},"excerpt":{"rendered":"<p>Segundo o jornal Folha de S.Paulo, desde outubro o Governo n\u00e3o pagava as institui\u00e7\u00f5es privadas participantes do Pronatec. O Minist\u00e9rio da Educa\u00e7\u00e3o (MEC) informou hoje (19) que foram liberados R$ 119 milh\u00f5es para regularizar o pagamento de mensalidades de 2014 do Programa Nacional de Acesso ao Ensino T\u00e9cnico e Emprego (Pronatec) para institui\u00e7\u00f5es privadas. Segundo [&hellip;]<\/p>\n","protected":false},"author":1,"featured_media":14949,"comment_status":"open","ping_status":"closed","sticky":false,"template":"","format":"standard","meta":{"amp_status":"","footnotes":""},"categories":[6],"tags":[34212,1168,34209,34210,1296,34211,5753,34213],"class_list":["post-53193","post","type-post","status-publish","format-standard","has-post-thumbnail","hentry","category-br","tag-educacao-profissional","tag-mec","tag-mec-libera-r-119-milhoes-para-regularizar-pagamento-do-pronatec","tag-pagamento-do-pronatec","tag-pronatec","tag-regularizacao-de-pagamento-do-pronatec","tag-sisutec","tag-tecnologica"],"_links":{"self":[{"href":"https:\/\/aconteceunovale.com.br\/portal\/index.php?rest_route=\/wp\/v2\/posts\/53193","targetHints":{"allow":["GET"]}}],"collection":[{"href":"https:\/\/aconteceunovale.com.br\/portal\/index.php?rest_route=\/wp\/v2\/posts"}],"about":[{"href":"https:\/\/aconteceunovale.com.br\/portal\/index.php?rest_route=\/wp\/v2\/types\/post"}],"author":[{"embeddable":true,"href":"https:\/\/aconteceunovale.com.br\/portal\/index.php?rest_route=\/wp\/v2\/users\/1"}],"replies":[{"embeddable":true,"href":"https:\/\/aconteceunovale.com.br\/portal\/index.php?rest_route=%2Fwp%2Fv2%2Fcomments&post=53193"}],"version-history":[{"count":0,"href":"https:\/\/aconteceunovale.com.br\/portal\/index.php?rest_route=\/wp\/v2\/posts\/53193\/revisions"}],"wp:featuredmedia":[{"embeddable":true,"href":"https:\/\/aconteceunovale.com.br\/portal\/index.php?rest_route=\/wp\/v2\/media\/14949"}],"wp:attachment":[{"href":"https:\/\/aconteceunovale.com.br\/portal\/index.php?rest_route=%2Fwp%2Fv2%2Fmedia&parent=53193"}],"wp:term":[{"taxonomy":"category","embeddable":true,"href":"https:\/\/aconteceunovale.com.br\/portal\/index.php?rest_route=%2Fwp%2Fv2%2Fcategories&post=53193"},{"taxonomy":"post_tag","embeddable":true,"href":"https:\/\/aconteceunovale.com.br\/portal\/index.php?rest_route=%2Fwp%2Fv2%2Ftags&post=53193"}],"curies":[{"name":"wp","href":"https:\/\/api.w.org\/{rel}","templated":true}]}}