{"id":53178,"date":"2015-02-19T21:02:10","date_gmt":"2015-02-20T00:02:10","guid":{"rendered":"http:\/\/aconteceunovale.com.br\/portal\/?p=53178"},"modified":"2015-02-19T21:09:23","modified_gmt":"2015-02-20T00:09:23","slug":"quatro-pessoas-morrem-em-acidente-aereo-no-sul-de-minas-gerais","status":"publish","type":"post","link":"https:\/\/aconteceunovale.com.br\/portal\/?p=53178","title":{"rendered":"Quatro pessoas morrem em acidente a\u00e9reo no Sul de Minas Gerais"},"content":{"rendered":"<h4><strong><em>Aeronave de pequeno porte, que saiu de Paraty (RJ) para Ribeir\u00e3o Preto (SP), caiu por volta das 12h20.<\/em><\/strong><\/h4>\n<p>Quatro pessoas morreram, no in\u00edcio da tarde desta quinta-feira (19), na queda de um avi\u00e3o de pequeno porte na zona rural de Bueno Brand\u00e3o, no Sul do Estado. Ainda n\u00e3o h\u00e1 informa\u00e7\u00f5es sobre o que teria provocado o acidente, mas a aeronave prefixo PTKBV, modelo Cessna Aircraft, partiu de Paraty (RJ) e seguia para Ribeir\u00e3o Preto (SP). <\/p>\n<p>De acordo com o Corpo de Bombeiros de Varginha, na mesma regi\u00e3o, a corpora\u00e7\u00e3o foi acionada por volta das 12h20. Seis militares em duas viaturas se deslocaram para o local. No fim desta tarde, a corpora\u00e7\u00e3o confirmou os quatro mortos, sendo eles Eduardo Laurentez de Caiado Castro, piloto do avi\u00e3o, e os passageiros J\u00fania de Salles Caiado Castro, de 25 anos, Talita Mariana Fornel, de 29, e o namorado de Talita, Eduardo Martinelli, de 27 anos. <\/p>\n<p><img decoding=\"async\" src=\"http:\/\/aconteceunovale.com.br\/portal\/wp-content\/uploads\/2015\/02\/acidente_parati_rb_1.jpg\" alt=\"\" \/>J\u00fania seria a filha do propriet\u00e1rio do avi\u00e3o, Denilton Gubolin de Salles. Durante o Carnaval, Talita, que \u00e9 diretora administrativa do frigor\u00edfico Fornel e Walmeat, chegou a publicar uma foto no interior da aeronave do acidente.<br \/>\n<\/br><\/p>\n<p><strong>Cen\u00e1rio da trag\u00e9dia<\/strong><\/p>\n<p>O sargento Jos\u00e9 Ronaldo de Queiroz, da Pol\u00edcia Militar (PM) do munic\u00edpio, foi um dos primeiros a chegar ao local. &#8220;Fomos acionados por moradores que viram o momento em que o avi\u00e3o caiu, j\u00e1 sem uma asa, em uma mata na zona rural. O local da queda fica pr\u00f3ximo ao bairro Torre, a cerca de 8 km do centro da cidade, perto de uma estrada de terra&#8221;, conta o militar. Chovia no momento do acidente.<\/p>\n<p>Ele ainda conta que o cen\u00e1rio \u00e9 de destrui\u00e7\u00e3o total. &#8220;A aeronave ficou completamente retorcida, n\u00e3o deu nem para ver identifica\u00e7\u00e3o. Tem muitos materiais espalhados no interior da mata. Conseguimos avistar o corpo de um casal, mas estavam completamente mutilados, despeda\u00e7ados mesmo&#8221;, detalhou Queiroz. <\/p>\n<p>Ainda nesta tarde, o sargento recebeu uma liga\u00e7\u00e3o de um homem que se identificou como Denilton e afirmava ser o propriet\u00e1rio da aeronave, que estaria indo para Ribeir\u00e3o Preto, em S\u00e3o Paulo. &#8220;Ele estava muito nervoso e o m\u00e1ximo que consegui obter de informa\u00e7\u00e3o dele foi que haviam quatro pessoas na aeronave, sendo dois homens chamados Eduardo e duas mulheres, J\u00falia e Talita&#8221;, finalizou. <\/p>\n<p>O capit\u00e3o Emiliano Lages Ferreira auxiliar\u00e1 nas buscas no local do acidente at\u00e9 a noite desta quinta-feira. &#8220;A princ\u00edpio os policiais tinham avistado apenas dois corpos, mas agora j\u00e1 conseguimos encontrar um terceiro. Os corpos est\u00e3o muito espalhados e n\u00e3o tem como saber se h\u00e1 mais pessoas ali. S\u00f3 mesmo quando os bombeiros fizerem a retirada&#8221;, explicou. <\/p>\n<p><strong>Aeronave estava em dia, diz Anac<\/strong><\/p>\n<p>Nota divulgada pela Ag\u00eancia Nacional de Avia\u00e7\u00e3o Civil (Anac) afirma que de acordo com o Registro Aeron\u00e1utico Brasileiro (RAB), o monomotor Cessna modelo 182P estava com a Inspe\u00e7\u00e3o Anual de Manuten\u00e7\u00e3o (IAM) em dia e com o Certificado de Aeronavegabilidade (CA) v\u00e1lido. Ainda de acordo com a ag\u00eancia, a aeronave pertence \u00e0 Denilton Gubolin de Salles. <\/p>\n<p>Segundo a For\u00e7a A\u00e9rea Brasileira (FAB), a aeronave decolou \u00e0s 10h30 de Paraty, no Rio de Janeiro, e ia em dire\u00e7\u00e3o \u00e0 Ribeir\u00e3o Preto, em S\u00e3o Paulo. O \u00faltimo contato feito com o piloto foi \u00e0s 11h08, ainda de acordo com a corpora\u00e7\u00e3o. <\/p>\n<p>Assim que foi notificada sobre a ocorr\u00eancia do acidente, o Centro de Investiga\u00e7\u00e3o e Preven\u00e7\u00e3o de Acidentes Aeron\u00e1uticos (Cenipa) deslocou uma equipe para o local. Esta equipe \u00e9 formada por t\u00e9cnicos e investigadores que far\u00e3o os levantamentos iniciais com rela\u00e7\u00e3o \u00e0 trag\u00e9dia. <\/p>\n<p>Ainda segundo a assessoria de imprensa da Cenipa, ser\u00e3o coletados dados, entrevistas com testemunhas, entre outras medidas, para dar in\u00edcio \u00e0 investiga\u00e7\u00e3o. Somente ap\u00f3s uma an\u00e1lise destes dados \u00e9 que ser\u00e1 elaborado o relat\u00f3rio final, que dever\u00e1 apontar o que provocou a queda e as recomenda\u00e7\u00f5es de seguran\u00e7a. <\/p>\n<p><img decoding=\"async\" src=\"http:\/\/aconteceunovale.com.br\/portal\/wp-content\/uploads\/2015\/02\/acidente_parati_rb_2.jpg\" alt=\"\" \/><img decoding=\"async\" src=\"http:\/\/aconteceunovale.com.br\/portal\/wp-content\/uploads\/2015\/02\/acidente_parati_rb_3.jpg\" alt=\"\" \/><img decoding=\"async\" src=\"http:\/\/aconteceunovale.com.br\/portal\/wp-content\/uploads\/2015\/02\/acidente_parati_rb_4.jpg\" alt=\"\" \/><img decoding=\"async\" src=\"http:\/\/aconteceunovale.com.br\/portal\/wp-content\/uploads\/2015\/02\/acidente_parati_rb_5.jpg\" alt=\"\" \/><img decoding=\"async\" src=\"http:\/\/aconteceunovale.com.br\/portal\/wp-content\/uploads\/2015\/02\/acidente_parati_rb_6.jpg\" alt=\"\" \/><img decoding=\"async\" src=\"http:\/\/aconteceunovale.com.br\/portal\/wp-content\/uploads\/2015\/02\/acidente_parati_rb_7.jpg\" alt=\"\" \/><em>Primeiros policiais a chegarem no local conseguiram identificar dois corpos at\u00e9 o momento &#8211; Foto: Divulga\u00e7\u00e3o \/ Pol\u00edcia Militar de Minas Gerais \/ Reprodu\u00e7\u00e3o O Tempo<\/em><br \/>\n<\/br><\/p>\n<p><em><strong>(Fonte: Jornal O Tempo)<\/strong><\/em><\/p>\n","protected":false},"excerpt":{"rendered":"<p>Aeronave de pequeno porte, que saiu de Paraty (RJ) para Ribeir\u00e3o Preto (SP), caiu por volta das 12h20. Quatro pessoas morreram, no in\u00edcio da tarde desta quinta-feira (19), na queda de um avi\u00e3o de pequeno porte na zona rural de Bueno Brand\u00e3o, no Sul do Estado. Ainda n\u00e3o h\u00e1 informa\u00e7\u00f5es sobre o que teria provocado [&hellip;]<\/p>\n","protected":false},"author":1,"featured_media":53183,"comment_status":"open","ping_status":"closed","sticky":false,"template":"","format":"standard","meta":{"amp_status":"","footnotes":""},"categories":[6],"tags":[34179,34180,34178,34191,34197,34198,34177,34181,34188,34182,34187,34195,34192,34189,34194,34199,34184,34193,20915,34183,34196,9516,34190,34186,34185,223],"class_list":["post-53178","post","type-post","status-publish","format-standard","has-post-thumbnail","hentry","category-br","tag-acidente-com-aviao-de-ribeirao-preto","tag-acidente-com-aviao-que-saiu-de-paraty","tag-acidente-com-aviao-que-seguia-para-ribeirao-preto","tag-acidente-com-talita-fornel","tag-aviao-que-caiu-em-minas-gerais","tag-aviao-que-caiu-no-sul-de-minas-gerais","tag-bueno-brandao","tag-corpo-de-bombeiros-de-varginha","tag-denilton-gubolin-de-salles","tag-eduardo-laurentez-de-caiado-castro","tag-eduardo-martinelli","tag-emiliano-lages-ferreira","tag-fotos-do-acidente-com-talita-fornel","tag-frigorifico-fornel-e-walmeat","tag-jose-ronaldo-de-queiroz","tag-junia-de-sales-caiado-castro","tag-junia-de-salles-caiado-castro","tag-morre-talita-fornel","tag-paraty","tag-piloto-eduardo-laurentez-de-caiado-castro","tag-quatro-pessoas-morrem-em-acidente-aereo-no-sul-de-minas-gerais","tag-ribeirao-preto","tag-talita-fornel","tag-talita-mariana-fornel","tag-talita-mariana-tornel","tag-varginha"],"_links":{"self":[{"href":"https:\/\/aconteceunovale.com.br\/portal\/index.php?rest_route=\/wp\/v2\/posts\/53178","targetHints":{"allow":["GET"]}}],"collection":[{"href":"https:\/\/aconteceunovale.com.br\/portal\/index.php?rest_route=\/wp\/v2\/posts"}],"about":[{"href":"https:\/\/aconteceunovale.com.br\/portal\/index.php?rest_route=\/wp\/v2\/types\/post"}],"author":[{"embeddable":true,"href":"https:\/\/aconteceunovale.com.br\/portal\/index.php?rest_route=\/wp\/v2\/users\/1"}],"replies":[{"embeddable":true,"href":"https:\/\/aconteceunovale.com.br\/portal\/index.php?rest_route=%2Fwp%2Fv2%2Fcomments&post=53178"}],"version-history":[{"count":0,"href":"https:\/\/aconteceunovale.com.br\/portal\/index.php?rest_route=\/wp\/v2\/posts\/53178\/revisions"}],"wp:featuredmedia":[{"embeddable":true,"href":"https:\/\/aconteceunovale.com.br\/portal\/index.php?rest_route=\/wp\/v2\/media\/53183"}],"wp:attachment":[{"href":"https:\/\/aconteceunovale.com.br\/portal\/index.php?rest_route=%2Fwp%2Fv2%2Fmedia&parent=53178"}],"wp:term":[{"taxonomy":"category","embeddable":true,"href":"https:\/\/aconteceunovale.com.br\/portal\/index.php?rest_route=%2Fwp%2Fv2%2Fcategories&post=53178"},{"taxonomy":"post_tag","embeddable":true,"href":"https:\/\/aconteceunovale.com.br\/portal\/index.php?rest_route=%2Fwp%2Fv2%2Ftags&post=53178"}],"curies":[{"name":"wp","href":"https:\/\/api.w.org\/{rel}","templated":true}]}}