{"id":53168,"date":"2015-02-19T19:37:55","date_gmt":"2015-02-19T22:37:55","guid":{"rendered":"http:\/\/aconteceunovale.com.br\/portal\/?p=53168"},"modified":"2015-02-19T19:37:55","modified_gmt":"2015-02-19T22:37:55","slug":"grileiros-sao-suspeitos-de-ataques-a-liderancas-geraizeiras-no-norte-de-minas","status":"publish","type":"post","link":"https:\/\/aconteceunovale.com.br\/portal\/?p=53168","title":{"rendered":"Grileiros s\u00e3o suspeitos de ataques a lideran\u00e7as geraizeiras no Norte de Minas"},"content":{"rendered":"<h4><strong><em>Principais suspeitos s\u00e3o grileiros de terras p\u00fablicas que atuam na regi\u00e3o. Resid\u00eancia e ve\u00edculo ficaram totalmente destru\u00eddos.<\/em><\/strong><\/h4>\n<p>Durante o carnaval (14 e 15 de fevereiro) lideran\u00e7as geraizeiras sofreram atentados no povoado Martin\u00f3polis, zona rural de Fruta de Leite. Os principais suspeitos s\u00e3o grileiros de terras p\u00fablicas quer atuam na regi\u00e3o, dizem as pr\u00f3prias v\u00edtimas, que s\u00e3o conhecidas na regi\u00e3o devido \u00e0 luta em defesa de seus territ\u00f3rios tradicionais.<\/p>\n<p>Uma das v\u00edtimas foi Alceu Batista Franco, de 42 anos, que foi atacado por dois homens que o seguiam de moto na noite de 14 de Fevereiro, quando se deslocava da casa de seu pai para a sua resid\u00eancia. Ele foi derrubado de sua moto com golpes de barra de ferro nas costas, mas, ap\u00f3s cair do ve\u00edculo, conseguiu fugir pelo matagal. Alceu relata que &#8220;vem sofrendo amea\u00e7as h\u00e1 mais de um m\u00eas&#8221;.<\/p>\n<p>A outra v\u00edtima foi Valdivina Dias Batista, de 62 anos, trabalhadora rural e forte lideran\u00e7a sindical e do Movimento Geraizeiro. Dona Vina, como \u00e9 conhecida popularmente, encontrou a sua casa completamente destru\u00edda pelo fogo depois de voltar da missa, na manh\u00e3 do dia 15 de Fevereiro. O inc\u00eandio destruiu praticamente toda a casa, deixando a v\u00edtima e sua fam\u00edlia apenas com a roupa do corpo. Os autores teriam usado a gasolina do ve\u00edculo Fiat que estava na garagem para incendiar a resid\u00eancia. O ve\u00edculo tamb\u00e9m ficou totalmente destru\u00eddo pelas chamas. Documentos pessoais e cart\u00f5es banc\u00e1rios da fam\u00edlia foram queimados.<\/p>\n<p>Segundo Orlando Santos, uma das principais lideran\u00e7as do movimento Geraizeiro do munic\u00edpio de Novorizonte, n\u00e3o existem duvidas quanto \u00e0 motiva\u00e7\u00e3o dos crimes. <em>&#8220;Desde 2011 nosso movimento luta contra a grilagem das terras devolutas e temos vindo a sofrer constantes ataques e amea\u00e7as&#8221;<\/em>, disse Orlando, ressaltando que a atua\u00e7\u00e3o est\u00e1 mexendo com interesses de poderosos.<\/p>\n<p>Os locais dos crimes foram periciados, mas os autores ainda n\u00e3o identificados.<\/p>\n<p><img decoding=\"async\" src=\"http:\/\/aconteceunovale.com.br\/portal\/wp-content\/uploads\/2015\/02\/ataque_geraizeiros_1.jpg\" alt=\"\" \/><img decoding=\"async\" src=\"http:\/\/aconteceunovale.com.br\/portal\/wp-content\/uploads\/2015\/02\/ataque_geraizeiros_2.jpg\" alt=\"\" \/><img decoding=\"async\" src=\"http:\/\/aconteceunovale.com.br\/portal\/wp-content\/uploads\/2015\/02\/ataque_geraizeiros_3.jpg\" alt=\"\" \/><img decoding=\"async\" src=\"http:\/\/aconteceunovale.com.br\/portal\/wp-content\/uploads\/2015\/02\/ataque_geraizeiros_4.jpg\" alt=\"\" \/><img decoding=\"async\" src=\"http:\/\/aconteceunovale.com.br\/portal\/wp-content\/uploads\/2015\/02\/ataque_geraizeiros_5.jpg\" alt=\"\" \/><em>(Fotos divulgas no Facebook pelo internauta Jorge Farinha)<\/em><br \/>\n<\/br><\/p>\n<p><em><strong>(Fonte: Folha Regional)<\/strong><\/em><\/p>\n","protected":false},"excerpt":{"rendered":"<p>Principais suspeitos s\u00e3o grileiros de terras p\u00fablicas que atuam na regi\u00e3o. Resid\u00eancia e ve\u00edculo ficaram totalmente destru\u00eddos. Durante o carnaval (14 e 15 de fevereiro) lideran\u00e7as geraizeiras sofreram atentados no povoado Martin\u00f3polis, zona rural de Fruta de Leite. Os principais suspeitos s\u00e3o grileiros de terras p\u00fablicas quer atuam na regi\u00e3o, dizem as pr\u00f3prias v\u00edtimas, que [&hellip;]<\/p>\n","protected":false},"author":1,"featured_media":53171,"comment_status":"open","ping_status":"closed","sticky":false,"template":"","format":"standard","meta":{"amp_status":"","footnotes":""},"categories":[1236],"tags":[34171,1034,34172,34167,34173,34168,4532,34169,34170],"class_list":["post-53168","post","type-post","status-publish","format-standard","has-post-thumbnail","hentry","category-norte_de_minas","tag-alceu-batista-franco","tag-fruta-de-leite","tag-grileiros-sao-suspeitos-de-ataques-a-liderancas-geraizeiras-no-norte-de-minas","tag-liderancas-do-movimento-geraizeiro","tag-martinopolis","tag-movimento-geraizeiro","tag-novorizonte","tag-orlando-santos","tag-valdivina-dias-batista"],"_links":{"self":[{"href":"https:\/\/aconteceunovale.com.br\/portal\/index.php?rest_route=\/wp\/v2\/posts\/53168","targetHints":{"allow":["GET"]}}],"collection":[{"href":"https:\/\/aconteceunovale.com.br\/portal\/index.php?rest_route=\/wp\/v2\/posts"}],"about":[{"href":"https:\/\/aconteceunovale.com.br\/portal\/index.php?rest_route=\/wp\/v2\/types\/post"}],"author":[{"embeddable":true,"href":"https:\/\/aconteceunovale.com.br\/portal\/index.php?rest_route=\/wp\/v2\/users\/1"}],"replies":[{"embeddable":true,"href":"https:\/\/aconteceunovale.com.br\/portal\/index.php?rest_route=%2Fwp%2Fv2%2Fcomments&post=53168"}],"version-history":[{"count":0,"href":"https:\/\/aconteceunovale.com.br\/portal\/index.php?rest_route=\/wp\/v2\/posts\/53168\/revisions"}],"wp:featuredmedia":[{"embeddable":true,"href":"https:\/\/aconteceunovale.com.br\/portal\/index.php?rest_route=\/wp\/v2\/media\/53171"}],"wp:attachment":[{"href":"https:\/\/aconteceunovale.com.br\/portal\/index.php?rest_route=%2Fwp%2Fv2%2Fmedia&parent=53168"}],"wp:term":[{"taxonomy":"category","embeddable":true,"href":"https:\/\/aconteceunovale.com.br\/portal\/index.php?rest_route=%2Fwp%2Fv2%2Fcategories&post=53168"},{"taxonomy":"post_tag","embeddable":true,"href":"https:\/\/aconteceunovale.com.br\/portal\/index.php?rest_route=%2Fwp%2Fv2%2Ftags&post=53168"}],"curies":[{"name":"wp","href":"https:\/\/api.w.org\/{rel}","templated":true}]}}