{"id":53165,"date":"2015-02-19T19:06:30","date_gmt":"2015-02-19T22:06:30","guid":{"rendered":"http:\/\/aconteceunovale.com.br\/portal\/?p=53165"},"modified":"2015-02-19T19:06:30","modified_gmt":"2015-02-19T22:06:30","slug":"feriado-nao-teve-acidentes-com-mortes-nas-rodovias-federais-que-cortam-o-norte-de-minas","status":"publish","type":"post","link":"https:\/\/aconteceunovale.com.br\/portal\/?p=53165","title":{"rendered":"Feriado n\u00e3o teve acidentes com mortes nas rodovias federais que cortam o Norte de Minas"},"content":{"rendered":"<h4><strong><em>Desde 2012 n\u00e3o havia um carnaval sem morte, diz inspetora da PRF. Ainda houve redu\u00e7\u00e3o de mais de 50% no n\u00famero de acidentes.<\/em><\/strong><\/h4>\n<p>A Pol\u00edcia Rodovi\u00e1ria Federal registrou queda no n\u00famero de acidentes no Norte de Minas neste feriado prolongado de Carnaval. Segundo a corpora\u00e7\u00e3o, em rela\u00e7\u00e3o ao ano passado, a redu\u00e7\u00e3o chegou a 51%, totalizando 12 ocorr\u00eancias. Dezesseis pessoas se feriram, o que corresponde a uma redu\u00e7\u00e3o de 28%, em compara\u00e7\u00e3o ao ano de 2014. E nenhuma morte foi registrada nos \u00faltimos dias. O balan\u00e7o foi divulgado nesta quinta-feira (19).<\/p>\n<p><img decoding=\"async\" src=\"http:\/\/aconteceunovale.com.br\/portal\/wp-content\/uploads\/2015\/02\/rodovias_nm.jpg\" alt=\"\" \/><em>Neste feriado de Carnaval houve redu\u00e7\u00e3o de mais de 50% dos acidentes (Foto: Taislaine Antunes\/G1)<\/em><br \/>\n<\/br><\/p>\n<p>A PRF \u00e9 respons\u00e1vel pela BR-135, BR-365 e BR-251, tr\u00eas importantes rodovias da regi\u00e3o. Ao todo s\u00e3o 580 km de extens\u00e3o. Para a inspetora da PRF, Helo\u00edsa Menezes, desde 2012 n\u00e3o era registrado um carnaval t\u00e3o tranquilo, j\u00e1 que al\u00e9m da redu\u00e7\u00e3o de acidentes, tamb\u00e9m n\u00e3o houve mortes. Segundo ela, a fiscaliza\u00e7\u00e3o intensiva foi essencial para se obter n\u00fameros t\u00e3o satisfat\u00f3rios.<\/p>\n<p>\u201cFoi feita uma fiscaliza\u00e7\u00e3o bem direcionada nos pontos cr\u00edticos. A equipe ficou bem distribu\u00edda em todo o trecho onde ocorriam esses acidentes; e a conscientiza\u00e7\u00e3o e comportamento dos condutores tamb\u00e9m influenciou muito\u201d, afirma.<\/p>\n<p>A instala\u00e7\u00e3o dos radares ao longo dos trechos tamb\u00e9m \u00e9 apontada como um diferencial para a redu\u00e7\u00e3o dos acidentes e, consequentemente, das mortes. \u201cA redu\u00e7\u00e3o da velocidade reduz a viol\u00eancia dos acidentes. Assim, o impacto \u00e9 minimizado pela diminui\u00e7\u00e3o da velocidade\u201d, diz a inspetora.<\/p>\n<p>Quem passa por essas BRs tamb\u00e9m diz que a seguran\u00e7a nas viagens tem aumentado. \u201cEu trafego sempre por aqui e este ano eu constatei que caiu muito o n\u00famero de acidentes. Antes, todos os dias eu via um acidente, este ano foi diferente. Espero que os pr\u00f3ximos anos tamb\u00e9m seja tranquilo como foi agora\u201d, diz o caminhoneiro Ivan Soares da Silva.<\/p>\n<p>Para o produtor rural, Manoel Ata\u00edde, o fato de n\u00e3o ter havido nenhuma morte neste per\u00edodo \u00e9 um grande avan\u00e7o para as rodovias brasileiras. \u201c\u00c9 um ponto muito positivo ter um carnaval sem mortes. Tamb\u00e9m percebi que esse ano foi bem mais tranquilo. Parece que o povo est\u00e1 mais consciente, o que \u00e9 muito bom. Durante a minha viagem, n\u00e3o vi nenhum acidente\u201d, conta.<\/p>\n<p>A Opera\u00e7\u00e3o de Carnaval deste ano come\u00e7ou as 00h da sexta-feira (13), e encerrou as 24h da quarta-feira (18) de cinzas. Durante este per\u00edodo foram realizados quase 400 testes de baf\u00f4metro e tr\u00eas pessoas foram presas por suspeita de embriaguez.<\/p>\n<p><em><strong>(Fonte: Inter TV Grande Minas)<\/strong><\/em><\/p>\n","protected":false},"excerpt":{"rendered":"<p>Desde 2012 n\u00e3o havia um carnaval sem morte, diz inspetora da PRF. Ainda houve redu\u00e7\u00e3o de mais de 50% no n\u00famero de acidentes. A Pol\u00edcia Rodovi\u00e1ria Federal registrou queda no n\u00famero de acidentes no Norte de Minas neste feriado prolongado de Carnaval. Segundo a corpora\u00e7\u00e3o, em rela\u00e7\u00e3o ao ano passado, a redu\u00e7\u00e3o chegou a 51%, [&hellip;]<\/p>\n","protected":false},"author":1,"featured_media":53166,"comment_status":"open","ping_status":"closed","sticky":false,"template":"","format":"standard","meta":{"amp_status":"","footnotes":""},"categories":[1236],"tags":[34160,34161,34162,34163,34164,34165,34166],"class_list":["post-53165","post","type-post","status-publish","format-standard","has-post-thumbnail","hentry","category-norte_de_minas","tag-feriado-nao-teve-acidentes-com-mortes-nas-rodovias-federais-que-cortam-o-norte-de-minas","tag-feriado-sem-mortes-nas-brs-do-norte-de-minas","tag-feriado-sem-mortes-nas-rodovias-federais-do-norte-de-minas","tag-feriado-sem-mortes-no-norte-de-minas","tag-heloisa-menezes","tag-ivan-soares-da-silva","tag-manoel-ataide"],"_links":{"self":[{"href":"https:\/\/aconteceunovale.com.br\/portal\/index.php?rest_route=\/wp\/v2\/posts\/53165","targetHints":{"allow":["GET"]}}],"collection":[{"href":"https:\/\/aconteceunovale.com.br\/portal\/index.php?rest_route=\/wp\/v2\/posts"}],"about":[{"href":"https:\/\/aconteceunovale.com.br\/portal\/index.php?rest_route=\/wp\/v2\/types\/post"}],"author":[{"embeddable":true,"href":"https:\/\/aconteceunovale.com.br\/portal\/index.php?rest_route=\/wp\/v2\/users\/1"}],"replies":[{"embeddable":true,"href":"https:\/\/aconteceunovale.com.br\/portal\/index.php?rest_route=%2Fwp%2Fv2%2Fcomments&post=53165"}],"version-history":[{"count":0,"href":"https:\/\/aconteceunovale.com.br\/portal\/index.php?rest_route=\/wp\/v2\/posts\/53165\/revisions"}],"wp:featuredmedia":[{"embeddable":true,"href":"https:\/\/aconteceunovale.com.br\/portal\/index.php?rest_route=\/wp\/v2\/media\/53166"}],"wp:attachment":[{"href":"https:\/\/aconteceunovale.com.br\/portal\/index.php?rest_route=%2Fwp%2Fv2%2Fmedia&parent=53165"}],"wp:term":[{"taxonomy":"category","embeddable":true,"href":"https:\/\/aconteceunovale.com.br\/portal\/index.php?rest_route=%2Fwp%2Fv2%2Fcategories&post=53165"},{"taxonomy":"post_tag","embeddable":true,"href":"https:\/\/aconteceunovale.com.br\/portal\/index.php?rest_route=%2Fwp%2Fv2%2Ftags&post=53165"}],"curies":[{"name":"wp","href":"https:\/\/api.w.org\/{rel}","templated":true}]}}