{"id":53155,"date":"2015-02-19T18:49:19","date_gmt":"2015-02-19T21:49:19","guid":{"rendered":"http:\/\/aconteceunovale.com.br\/portal\/?p=53155"},"modified":"2015-02-19T18:49:19","modified_gmt":"2015-02-19T21:49:19","slug":"homens-encapuzados-invadem-fazenda-e-espancam-caseiro-em-teofilo-otoni","status":"publish","type":"post","link":"https:\/\/aconteceunovale.com.br\/portal\/?p=53155","title":{"rendered":"Homens encapuzados invadem fazenda e espancam caseiro em Te\u00f3filo Otoni"},"content":{"rendered":"<h4><strong><em>Suspeitos chegaram em quatro motocicletas e incendiaram um dos quartos. Pol\u00edcia acredita que os motoqueiros procuravam o dono da fazenda.<\/em><\/strong><\/h4>\n<p>Um homem de 44 anos foi espancado na madrugada desta quinta-feira (19), em uma fazenda \u00e0s margens da BR-116, pr\u00f3ximo a Te\u00f3filo Otoni, no Vale do Mucuri. O caseiro contou para a Pol\u00edcia Militar que oito homens, armados e encapuzados, e em quatro motocicletas, invadiram a propriedade, queimaram um dos quartos e agrediram a v\u00edtima.<\/p>\n<p>O caseiro ainda afirmou para a PM que os homens queimaram roupas, m\u00f3veis e parte do telhado de madeira da casa da fazenda. Dois funcion\u00e1rios dormiam no quarto incendiado e fugiram por um matagal. Os suspeitos ainda atiraram contra eles, sendo que um dos disparos acertou o vidro de uma das janelas.<\/p>\n<p>De acordo com a pol\u00edcia, os homens ainda roubaram alguns eletrodom\u00e9sticos da casa. A PM acredita que eles procuravam o dono da fazenda e o filho dele, que s\u00e3o suspeitos de um homic\u00eddio na mesma fazenda, ocorrido na \u00faltima segunda-feira (7).<\/p>\n<p>O Servi\u00e7o de Atendimento M\u00f3vel de Urg\u00eancia (Samu) prestou os primeiros socorros, mas o caseiro se recusou a ir para o hospital. A PM ainda n\u00e3o localizou os suspeitos.<\/p>\n<p><img decoding=\"async\" src=\"http:\/\/aconteceunovale.com.br\/portal\/wp-content\/uploads\/2015\/02\/fazenda_queimada_teo_19_2_1.jpg\" alt=\"\" \/><em>Suspeitos colocaram fogo em uma casa &#8211; Foto: Leandro Silva \/ Reprodu\u00e7\u00e3o<\/em><br \/>\n<\/br><\/p>\n<p><img decoding=\"async\" src=\"http:\/\/aconteceunovale.com.br\/portal\/wp-content\/uploads\/2015\/02\/fazenda_queimada_teo_19_2_2.jpg\" alt=\"\" \/><em>Suspeitos colocaram fogo em uma casa &#8211; Foto: Leandro Silva \/ Reprodu\u00e7\u00e3o<\/em><br \/>\n<\/br><\/p>\n<p><img decoding=\"async\" src=\"http:\/\/aconteceunovale.com.br\/portal\/wp-content\/uploads\/2015\/02\/fazenda_queimada_teo_19_2_3.jpg\" alt=\"\" \/><em>Suspeitos colocaram fogo em uma casa &#8211; Foto: Cristiano Dias\/Inter TV dos Vales<\/em><br \/>\n<\/br><\/p>\n<p><img decoding=\"async\" src=\"http:\/\/aconteceunovale.com.br\/portal\/wp-content\/uploads\/2015\/02\/fazenda_queimada_teo_19_2_4.jpg\" alt=\"\" \/><em>Suspeitos colocaram fogo em uma casa &#8211; Foto: Cristiano Dias\/Inter TV dos Vales<\/em><br \/>\n<\/br><\/p>\n<p><img decoding=\"async\" src=\"http:\/\/aconteceunovale.com.br\/portal\/wp-content\/uploads\/2015\/02\/fazenda_queimada_teo_19_2_5.jpg\" alt=\"\" \/><em>Suspeitos colocaram fogo em uma casa &#8211; Foto: Cristiano Dias\/Inter TV dos Vales<\/em><br \/>\n<\/br><\/p>\n<p><em><strong>(Fonte: Inter TV dos Vales)<\/strong><\/em><\/p>\n","protected":false},"excerpt":{"rendered":"<p>Suspeitos chegaram em quatro motocicletas e incendiaram um dos quartos. Pol\u00edcia acredita que os motoqueiros procuravam o dono da fazenda. Um homem de 44 anos foi espancado na madrugada desta quinta-feira (19), em uma fazenda \u00e0s margens da BR-116, pr\u00f3ximo a Te\u00f3filo Otoni, no Vale do Mucuri. O caseiro contou para a Pol\u00edcia Militar que [&hellip;]<\/p>\n","protected":false},"author":1,"featured_media":53162,"comment_status":"open","ping_status":"closed","sticky":false,"template":"","format":"standard","meta":{"amp_status":"","footnotes":""},"categories":[122],"tags":[34155,34156,34157,34154,34159,34153,34158,164],"class_list":{"0":"post-53155","1":"post","2":"type-post","3":"status-publish","4":"format-standard","5":"has-post-thumbnail","6":"hentry","7":"category-mucuri","8":"tag-cirilo-lemos-mattos-pereira","9":"tag-clarismundo-almeida","10":"tag-dega","11":"tag-fazenda-joia","14":"tag-jose-roberto","15":"tag-teofilo-otoni"},"_links":{"self":[{"href":"https:\/\/aconteceunovale.com.br\/portal\/index.php?rest_route=\/wp\/v2\/posts\/53155","targetHints":{"allow":["GET"]}}],"collection":[{"href":"https:\/\/aconteceunovale.com.br\/portal\/index.php?rest_route=\/wp\/v2\/posts"}],"about":[{"href":"https:\/\/aconteceunovale.com.br\/portal\/index.php?rest_route=\/wp\/v2\/types\/post"}],"author":[{"embeddable":true,"href":"https:\/\/aconteceunovale.com.br\/portal\/index.php?rest_route=\/wp\/v2\/users\/1"}],"replies":[{"embeddable":true,"href":"https:\/\/aconteceunovale.com.br\/portal\/index.php?rest_route=%2Fwp%2Fv2%2Fcomments&post=53155"}],"version-history":[{"count":0,"href":"https:\/\/aconteceunovale.com.br\/portal\/index.php?rest_route=\/wp\/v2\/posts\/53155\/revisions"}],"wp:featuredmedia":[{"embeddable":true,"href":"https:\/\/aconteceunovale.com.br\/portal\/index.php?rest_route=\/wp\/v2\/media\/53162"}],"wp:attachment":[{"href":"https:\/\/aconteceunovale.com.br\/portal\/index.php?rest_route=%2Fwp%2Fv2%2Fmedia&parent=53155"}],"wp:term":[{"taxonomy":"category","embeddable":true,"href":"https:\/\/aconteceunovale.com.br\/portal\/index.php?rest_route=%2Fwp%2Fv2%2Fcategories&post=53155"},{"taxonomy":"post_tag","embeddable":true,"href":"https:\/\/aconteceunovale.com.br\/portal\/index.php?rest_route=%2Fwp%2Fv2%2Ftags&post=53155"}],"curies":[{"name":"wp","href":"https:\/\/api.w.org\/{rel}","templated":true}]}}