{"id":53153,"date":"2015-02-19T18:26:26","date_gmt":"2015-02-19T21:26:26","guid":{"rendered":"http:\/\/aconteceunovale.com.br\/portal\/?p=53153"},"modified":"2015-02-19T18:26:26","modified_gmt":"2015-02-19T21:26:26","slug":"passagem-de-onibus-em-coronel-fabriciano-e-timoteo-e-reajustada-para-r-300-2","status":"publish","type":"post","link":"https:\/\/aconteceunovale.com.br\/portal\/?p=53153","title":{"rendered":"Passagem de \u00f4nibus em Coronel Fabriciano e Tim\u00f3teo \u00e9 reajustada para R$ 3,00"},"content":{"rendered":"<h4><em><strong>Um dos motivos do reajuste \u00e9 o aumento dos combust\u00edveis. Usu\u00e1rios reclamam do aumento.<\/strong><\/em><\/h4>\n<p>J\u00e1 est\u00e1 em vigor o reajuste na passagem do transporte coletivo das cidades de Coronel Fabriciano e Tim\u00f3teo. A medida come\u00e7ou a valer na madrugada do dia 15 de fevereiro, a tarifa que antes era de R$ 2,75 aumentou para R$ 3,00.<\/p>\n<p>O an\u00fancio do reajuste, no domingo de carnaval, pegou de surpresa os usu\u00e1rios. \u201cIsso \u00e9 um roubo, uma facada no bolso da gente\u201d, reclamou a dona de casa Maria da Gl\u00f3ria do Santos. A vendedora Ol\u00edvia Maria dos Santos afirmou que o valor atual j\u00e1 era alto. \u201cNossa, como fiquei surpresa. Antes era caro, imagina agora com R$ 0,25 a mais\u201d, reclamou.<\/p>\n<p>Usu\u00e1rios tamb\u00e9m est\u00e3o se queixando que as empresas respons\u00e1veis pelo transporte coletivo n\u00e3o divulgaram o aumento. A estudante K\u00e1tia Cristina Oliveira Reis disse que n\u00e3o foram colocados avisos nos sites das transportadoras e nem foram publicadas notas nos sites das prefeituras. \u201cNem aviso dentro dos \u00f4nibus eles pregaram. Foi uma \u00f3tima sacada aumentar a passagem no feriado, da\u00ed n\u00e3o tem ningu\u00e9m para reclamar. Entrei no \u00f4nibus hoje e tive essa surpresa. Pode parecer pouco, mas o aumento de R$ 0,25 \u00e9 muito para quem usa o transporte diariamente\u201d, reclamou.<\/p>\n<p><img decoding=\"async\" src=\"http:\/\/aconteceunovale.com.br\/portal\/wp-content\/uploads\/2015\/02\/tarifa_timoteo_fabri.jpg\" alt=\"\" \/><em>Passagens foram reajustadas em Coronel Fabriciano e Tim\u00f3teo (Foto: Patr\u00edcia Belo \/ G1)<\/em><br \/>\n<\/br><\/p>\n<p>Para o economista Amaury Gon\u00e7alves, o aumento pode mesmo pesar no bolso do usu\u00e1rio. \u201cQuem usa o \u00f4nibus duas vezes por dia gastava R$ 5,50 e R$ 27,50 por semana, o que no final do m\u00eas acabava sendo R$ 110 reais. Com o aumento da passagem, esse total passar\u00e1 para R$ 120 por m\u00eas. Isso para quem usa somente duas passagens ida e volta j\u00e1 aqueles que precisam pegar dois \u00f4nibus acaba sendo ainda mais lesado\u201d, disse o economista.<\/p>\n<p>O gerente operacional da Autotrans, Nilson Augusto, que responde pelo cons\u00f3rcio, informou que a alta de 9,5% foi definida devido ao acumulado de dois anos, sem aumento do valor tarif\u00e1rio. \u201cO reajuste foi acima da infla\u00e7\u00e3o do \u00faltimo ano, porque havia dois anos que o valor da passagem n\u00e3o sofria altera\u00e7\u00e3o. Tamb\u00e9m foi levada em conta a vari\u00e1vel do pre\u00e7o de combust\u00edvel, que atualmente est\u00e1 elevado\u201d, justificou.<\/p>\n<p>Ele ressaltou ainda, que a manuten\u00e7\u00e3o feita pelas empresas na frota e a capacita\u00e7\u00e3o dos funcion\u00e1rios tamb\u00e9m contribu\u00edram para o aumento.<\/p>\n<p>Em nota, a Prefeitura de Coronel Fabriciano informou que h\u00e1 dois anos, a tarifa de \u00f4nibus n\u00e3o era reajustada e diante da solicita\u00e7\u00e3o das empresas de transporte p\u00fablico para o reajuste, o munic\u00edpio contratou um estudo t\u00e9cnico a fim de analisar as planilhas de custo.<\/p>\n<p>Ainda segundo a nota, o reajuste foi feito tendo como base essa avalia\u00e7\u00e3o t\u00e9cnica, como forma de corrigir a defasagem do valor da passagem e gastos com combust\u00edvel, folha de pagamento, deprecia\u00e7\u00e3o da frota, entre outros itens.<\/p>\n<p>J\u00e1 a Prefeitura de Tim\u00f3teo n\u00e3o se posicionou sobre o assunto. <em><strong>(Fonte: Inter TV dos Vales)<\/strong><\/em><\/p>\n","protected":false},"excerpt":{"rendered":"<p>Um dos motivos do reajuste \u00e9 o aumento dos combust\u00edveis. Usu\u00e1rios reclamam do aumento. J\u00e1 est\u00e1 em vigor o reajuste na passagem do transporte coletivo das cidades de Coronel Fabriciano e Tim\u00f3teo. A medida come\u00e7ou a valer na madrugada do dia 15 de fevereiro, a tarifa que antes era de R$ 2,75 aumentou para R$ [&hellip;]<\/p>\n","protected":false},"author":1,"featured_media":53151,"comment_status":"open","ping_status":"closed","sticky":false,"template":"","format":"standard","meta":{"amp_status":"","footnotes":""},"categories":[121],"tags":[34148,34149,1524,34147,34145,34150,34146,34143,34142,34152,34144,34151,1105],"class_list":["post-53153","post","type-post","status-publish","format-standard","has-post-thumbnail","hentry","category-leste","tag-amaury-goncalves","tag-autotrans","tag-coronel-fabriciano","tag-katia-cristina-oliveira-reis","tag-maria-da-gloria-do-santos","tag-nilson-augusto","tag-olivia-maria-dos-santos","tag-passagem-de-onibus-em-coronel-fabriciano-e-timoteo","tag-passagem-de-onibus-em-coronel-fabriciano-e-timoteo-e-reajustada","tag-passagem-de-onibus-em-coronel-fabriciano-e-timoteo-e-reajustada-para-r-3-00","tag-passagem-de-onibus-em-timoteo","tag-passagens-foram-reajustadas-em-coronel-fabriciano-e-timoteo","tag-timoteo"],"_links":{"self":[{"href":"https:\/\/aconteceunovale.com.br\/portal\/index.php?rest_route=\/wp\/v2\/posts\/53153","targetHints":{"allow":["GET"]}}],"collection":[{"href":"https:\/\/aconteceunovale.com.br\/portal\/index.php?rest_route=\/wp\/v2\/posts"}],"about":[{"href":"https:\/\/aconteceunovale.com.br\/portal\/index.php?rest_route=\/wp\/v2\/types\/post"}],"author":[{"embeddable":true,"href":"https:\/\/aconteceunovale.com.br\/portal\/index.php?rest_route=\/wp\/v2\/users\/1"}],"replies":[{"embeddable":true,"href":"https:\/\/aconteceunovale.com.br\/portal\/index.php?rest_route=%2Fwp%2Fv2%2Fcomments&post=53153"}],"version-history":[{"count":0,"href":"https:\/\/aconteceunovale.com.br\/portal\/index.php?rest_route=\/wp\/v2\/posts\/53153\/revisions"}],"wp:featuredmedia":[{"embeddable":true,"href":"https:\/\/aconteceunovale.com.br\/portal\/index.php?rest_route=\/wp\/v2\/media\/53151"}],"wp:attachment":[{"href":"https:\/\/aconteceunovale.com.br\/portal\/index.php?rest_route=%2Fwp%2Fv2%2Fmedia&parent=53153"}],"wp:term":[{"taxonomy":"category","embeddable":true,"href":"https:\/\/aconteceunovale.com.br\/portal\/index.php?rest_route=%2Fwp%2Fv2%2Fcategories&post=53153"},{"taxonomy":"post_tag","embeddable":true,"href":"https:\/\/aconteceunovale.com.br\/portal\/index.php?rest_route=%2Fwp%2Fv2%2Ftags&post=53153"}],"curies":[{"name":"wp","href":"https:\/\/api.w.org\/{rel}","templated":true}]}}