{"id":53142,"date":"2015-02-19T17:39:42","date_gmt":"2015-02-19T20:39:42","guid":{"rendered":"http:\/\/aconteceunovale.com.br\/portal\/?p=53142"},"modified":"2015-02-19T17:39:42","modified_gmt":"2015-02-19T20:39:42","slug":"montes-claros-e-o-novo-polo-da-industria-farmaceutica-no-pais","status":"publish","type":"post","link":"https:\/\/aconteceunovale.com.br\/portal\/?p=53142","title":{"rendered":"Montes Claros \u00e9 o novo polo da ind\u00fastria farmac\u00eautica no pa\u00eds"},"content":{"rendered":"<h4><em><strong>Meta \u00e9 atrair ind\u00fastrias de toda a cadeia do setor para o munic\u00edpio. <\/strong><\/em><\/h4>\n<p>Depois do Sul de Minas, agora \u00e9 a vez do Norte do Estado tornar-se refer\u00eancia na ind\u00fastria farmac\u00eautica do pa\u00eds. \u0090A cidade de Montes Claros tem sido alvo constante de empresas refer\u00eancias do segmento e a mais recente delas \u00e9 a Ompi Fharma, do Grupo Stevanato, que vai investir cerca de R$ 150 milh\u00f5es no munic\u00edpio para a implanta\u00e7\u00e3o de uma f\u00e1brica de vidros de alta precis\u00e3o. Ao todo ser\u00e3o gerados 250 empregos diretos e outros mil indiretos.<\/p>\n<p>As informa\u00e7\u00f5es s\u00e3o do prefeito Ruy Muniz e do secret\u00e1rio de Desenvolvimento Econ\u00f4mico da cidade, Reinaldo Landulfo. Segundo eles, a f\u00e1brica ser\u00e1 constru\u00edda em terreno de 40 mil metros quadrados no distrito industrial (DI). &#8220;Eles t\u00eam unidades na It\u00e1lia, no M\u00e9xico e na China. A planta de Montes Claros vai ser a primeira da Am\u00e9rica do Sul&#8221;, enfatiza o secret\u00e1rio.<\/p>\n<p>A empresa \u00e9 especializada na produ\u00e7\u00e3o de recipientes de vidro, seringas, frascos para medicamentos e outros da \u00e1rea farmac\u00eautica e tem como principais clientes a Novo Nordisk e a Hipolabor, ambas com plantas em Montes Claros. Com a f\u00e1brica mineira, a empresa atender\u00e1 tamb\u00e9m a Vall\u00e9e S\/A e outras no Brasil.<\/p>\n<p>&#8220;Estamos atraindo e criando um polo farmac\u00eautico na regi\u00e3o. J\u00e1 temos o processo completo. De fornecedores de materiais como a Ompi Fharma at\u00e9 os industriais do produto final. Vamos dar continuidade para ampliar essa cadeia e atrair novos fornecedores. A ideia \u00e9 manter um ambiente favor\u00e1vel para os aportes na \u00e1rea de biotecnologia&#8221;, diz o secret\u00e1rio.<\/p>\n<p><strong>Nordisk<\/strong><\/p>\n<p>O prefeito Ruy Muniz, por sua vez, destaca que dentre as ind\u00fastrias do munic\u00edpio, atualmente, o maior faturamento vem da Novo Nordisk, empresa de origem dinamarquesa l\u00edder mundial na fabrica\u00e7\u00e3o de medicamentos \u00e0 base de insulina para o tratamento de diabetes. \u0090 que 90% da receita gerada com os embarques realizados na cidade v\u00eam do setor de medicamentos, sendo que 75% prov\u00eam apenas dos rem\u00e9dios produzidos pela empresa.<\/p>\n<p>&#8220;Este \u00e9 um projeto vitorioso para a cidade, que gera emprego de qualidade e tecnologia. Sabemos do potencial do setor e queremos gerar processos de qualidade em toda a cadeia para alavancar cada vez mais esta participa\u00e7\u00e3o&#8221;, revela Muniz.<\/p>\n<p>Ainda dentro desta cadeia, o laborat\u00f3rio nacional Biolab tamb\u00e9m anunciou investimentos para a cidade. Ser\u00e3o entre R$ 200 milh\u00f5es e R$ 250 milh\u00f5es em uma f\u00e1brica de medicamentos, voltada, sobretudo, para exporta\u00e7\u00e3o. As obras devem come\u00e7ar ainda neste exerc\u00edcio e a inaugura\u00e7\u00e3o est\u00e1 prevista para 2018. Com duas f\u00e1bricas e um centro de pesquisa e inova\u00e7\u00e3o em S\u00e3o Paulo, o grupo decidiu por construir sua nova unidade em Minas Gerais, atra\u00eddo por benef\u00edcios fiscais oferecidos pelo Estado.<\/p>\n<p>Tamb\u00e9m integrar\u00e3o o polo a Novo Nordisk, a Hipolabor, e Vall\u00e9e S\/A, ind\u00fastrias do segmento farmac\u00eautico que j\u00e1 possuem unidades em Montes Claros. A Novo Nordisk anunciou no ano passado a constru\u00e7\u00e3o de sua terceira planta no munic\u00edpio, mediante invers\u00f5es de US$ 50 milh\u00f5es; e a Hipolabor est\u00e1 concluindo seu segundo parque fabril na cidade, que ser\u00e1 inaugurado ainda neste exerc\u00edcio e conta com investimentos de R$ 80 milh\u00f5es.<\/p>\n<p><strong><em>(Fonte: Di\u00e1rio do Com\u00e9rcio via ePharma)<\/em><\/strong><\/p>\n","protected":false},"excerpt":{"rendered":"<p>Meta \u00e9 atrair ind\u00fastrias de toda a cadeia do setor para o munic\u00edpio. Depois do Sul de Minas, agora \u00e9 a vez do Norte do Estado tornar-se refer\u00eancia na ind\u00fastria farmac\u00eautica do pa\u00eds. \u0090A cidade de Montes Claros tem sido alvo constante de empresas refer\u00eancias do segmento e a mais recente delas \u00e9 a Ompi [&hellip;]<\/p>\n","protected":false},"author":1,"featured_media":53143,"comment_status":"open","ping_status":"closed","sticky":false,"template":"","format":"standard","meta":{"amp_status":"","footnotes":""},"categories":[1236],"tags":[34125,34129,210,34123,34124,34128,34126,34127,4616,34130],"class_list":["post-53142","post","type-post","status-publish","format-standard","has-post-thumbnail","hentry","category-norte_de_minas","tag-agora-e-a-vez-do-norte-do-estado-tornar-se-referencia-na-industria-farmaceutica-do-pais","tag-hipolabor","tag-montes-claros","tag-montes-claros-e-o-novo-polo-da-industria-farmaceutica-no-pais","tag-montes-claros-quer-ser-referencia-na-industria-farmaceutica","tag-novo-nordisk","tag-ompi-fharma","tag-reinaldo-landulfo","tag-ruy-muniz","tag-vallee"],"_links":{"self":[{"href":"https:\/\/aconteceunovale.com.br\/portal\/index.php?rest_route=\/wp\/v2\/posts\/53142","targetHints":{"allow":["GET"]}}],"collection":[{"href":"https:\/\/aconteceunovale.com.br\/portal\/index.php?rest_route=\/wp\/v2\/posts"}],"about":[{"href":"https:\/\/aconteceunovale.com.br\/portal\/index.php?rest_route=\/wp\/v2\/types\/post"}],"author":[{"embeddable":true,"href":"https:\/\/aconteceunovale.com.br\/portal\/index.php?rest_route=\/wp\/v2\/users\/1"}],"replies":[{"embeddable":true,"href":"https:\/\/aconteceunovale.com.br\/portal\/index.php?rest_route=%2Fwp%2Fv2%2Fcomments&post=53142"}],"version-history":[{"count":0,"href":"https:\/\/aconteceunovale.com.br\/portal\/index.php?rest_route=\/wp\/v2\/posts\/53142\/revisions"}],"wp:featuredmedia":[{"embeddable":true,"href":"https:\/\/aconteceunovale.com.br\/portal\/index.php?rest_route=\/wp\/v2\/media\/53143"}],"wp:attachment":[{"href":"https:\/\/aconteceunovale.com.br\/portal\/index.php?rest_route=%2Fwp%2Fv2%2Fmedia&parent=53142"}],"wp:term":[{"taxonomy":"category","embeddable":true,"href":"https:\/\/aconteceunovale.com.br\/portal\/index.php?rest_route=%2Fwp%2Fv2%2Fcategories&post=53142"},{"taxonomy":"post_tag","embeddable":true,"href":"https:\/\/aconteceunovale.com.br\/portal\/index.php?rest_route=%2Fwp%2Fv2%2Ftags&post=53142"}],"curies":[{"name":"wp","href":"https:\/\/api.w.org\/{rel}","templated":true}]}}