{"id":53140,"date":"2015-02-19T17:31:55","date_gmt":"2015-02-19T20:31:55","guid":{"rendered":"http:\/\/aconteceunovale.com.br\/portal\/?p=53140"},"modified":"2015-02-19T17:31:55","modified_gmt":"2015-02-19T20:31:55","slug":"minas-gerais-desenvolve-e-incentiva-projetos-na-area-de-energia-renovavel","status":"publish","type":"post","link":"https:\/\/aconteceunovale.com.br\/portal\/?p=53140","title":{"rendered":"Minas Gerais desenvolve e incentiva projetos na \u00e1rea de energia renov\u00e1vel"},"content":{"rendered":"<h4><em><strong>Na Cemig, a\u00e7\u00f5es no segmento de energias alternativas, limpas e sustent\u00e1veis fazem parte do direcionamento estrat\u00e9gico. Sede oferece programa com benef\u00edcios fiscais<\/strong><\/em><\/h4>\n<p>Montes Claros, no Norte de Minas, vai contar com uma nova fabricante de pain\u00e9is para gera\u00e7\u00e3o de energia solar. A empresa espanhola Asolar Energy pretende investir, at\u00e9 2018, mais de 200 milh\u00f5es de euros (valor superior a R$ 646 milh\u00f5es) para construir a primeira ind\u00fastria de pain\u00e9is de Minas Gerais.<\/p>\n<p>Orientar e atrair investidores em energias alternativas para o Estado \u00e9 um dos prop\u00f3sitos do\u00a0<a href=\"http:\/\/www.mg.gov.br\/\" target=\"_blank\">Governo de Minas Gerais<\/a>, por meio de iniciativas da equipe t\u00e9cnica da\u00a0<a href=\"http:\/\/www.cemig.com.br\/\" target=\"_blank\">Companhia Energ\u00e9tica de Minas Gerais (Cemig)<\/a>. O\u00a0<a href=\"http:\/\/www.cemig.com.br\/pt-br\/A_Cemig_e_o_Futuro\/inovacao\/Alternativas_Energeticas\/Documents\/Atlas_Solarimetrico_CEMIG_12_09_menor.pdf\" target=\"_blank\">Atlas Solarim\u00e9trico de Minas Gerais<\/a>\u00a0\u00e9 uma ferramenta que ilustra esse objetivo, uma vez que apresenta pesquisa detalhada do potencial energ\u00e9tico e das \u00e1reas de maior incid\u00eancia de raios solares. Um diferencial para planejamento e decis\u00e3o estrat\u00e9gica de grupos, assim como a Asolar Energy, que pretendem investir no Estado.<\/p>\n<p>Al\u00e9m disso, por meio do seu programa de Pesquisa e Desenvolvimento, a Cemig desenvolve uma s\u00e9rie de projetos na \u00e1rea de energia renov\u00e1vel, com aten\u00e7\u00e3o especial \u00e0 participa\u00e7\u00e3o de universidades e centros de pesquisa. Existem iniciativas para a produ\u00e7\u00e3o de energia el\u00e9trica a partir da utiliza\u00e7\u00e3o de res\u00edduos, como biomassa residual de usinas de a\u00e7\u00facar e \u00e1lcool, gases residuais de carvoarias e at\u00e9 a comercializa\u00e7\u00e3o de energia produzida a partir de gases retirados de aterros sanit\u00e1rios.<\/p>\n<p>Como informa o superintendente de Tecnologia e Alternativas Energ\u00e9ticas da Cemig, Alexandre Francisco Maia Bueno, os projetos na \u00e1rea de energias alternativas, limpas e sustent\u00e1veis fazem parte do direcionamento estrat\u00e9gico da Cemig e integram o portf\u00f3lio de projetos da empresa desde os anos 1990. A primeira usina e\u00f3lica conectada \u00e0 rede el\u00e9trica na Am\u00e9rica Latina, no Morro do Camelinho, pr\u00f3ximo a Diamantina, por exemplo, foi inaugurada em 1994.<\/p>\n<p>Al\u00e9m disso, \u201ca sustentabilidade est\u00e1 na vis\u00e3o da Empresa que, para manter suas metas de crescimento e de se manter como l\u00edder mundial em sustentabilidade, investe permanentemente no desenvolvimento de fontes renov\u00e1veis, como hidr\u00e1ulica, e\u00f3lica e solar\u201d, enfatiza o superintendente.<\/p>\n<p><strong>Energia sustent\u00e1vel<\/strong><\/p>\n<p>A Cemig tem um conv\u00eanio celebrado com a Universidade Federal dos Vales do Jequitinhonha e Mucuri (UFVJM), a Universidade Federal de Lavras (UFLA), o Centro Universit\u00e1rio de Patos de Minas (Unipam) e a\u00a0<a href=\"http:\/\/www%2Cunimontes.br\/\" target=\"_blank\">Universidade Estadual de Montes Claros (Unimontes)<\/a>\u00a0para implanta\u00e7\u00e3o do projeto Gera\u00e7\u00e3o Distribu\u00edda em Universidades. \u201cNesta coopera\u00e7\u00e3o, a meta \u00e9 criar um sistema de microgera\u00e7\u00e3o solar fotovoltaica de aproximadamente 12 kWp (quilowatts-pico) para desenvolvimento e dissemina\u00e7\u00e3o de tecnologias inovadoras. A Cemig participa do projeto como respons\u00e1vel pelo fornecimento de treinamento e suporte t\u00e9cnico para sua opera\u00e7\u00e3o e manuten\u00e7\u00e3o e pela doa\u00e7\u00e3o de 250 unidades de m\u00f3dulos fotovoltaicos de sil\u00edcio policristalino para cada institui\u00e7\u00e3o\u201d, explica Bueno.<\/p>\n<p>A Usina Solar Fotovoltaica (USF) do est\u00e1dio Mineir\u00e3o, por sua vez, entrou em opera\u00e7\u00e3o em 2013, interligada ao sistema el\u00e9trico para gera\u00e7\u00e3o de energia.\u00a0 A usina tem uma pot\u00eancia instalada de 1,42 MWp (meagawatts-pico) e conta com cerca de 6.000 pain\u00e9is solares (m\u00f3dulos fotovoltaicos). Trata-se, atualmente, da maior usina solar em cobertura de arena esportiva no mundo e foi reconhecida com o n\u00edvel Platinum da Certifica\u00e7\u00e3o LEED (Leadership in Energy and Environmental Design).<\/p>\n<p>A Empresa tamb\u00e9m investe em pesquisas de ve\u00edculos el\u00e9tricos e h\u00edbridos, numa perspectiva de futuro para os sistemas de energia inteligente, para melhorar a efici\u00eancia energ\u00e9tica no processo de uso da energia e dos recursos naturais. J\u00e1 no campo da energia e\u00f3lica, a Cemig possui tr\u00eas parques e\u00f3licos no Cear\u00e1 e participa\u00e7\u00e3o acion\u00e1ria na empresa Renova Energia, que det\u00e9m mais de 600 MW (megawatts) em parques e\u00f3licos no nordeste.<\/p>\n<p><strong>Energias de Minas<\/strong><\/p>\n<p>Outra estrat\u00e9gia para inserir o Estado como refer\u00eancia na produ\u00e7\u00e3o de energia limpa \u00e9 o Programa Mineiro de Energias Renov\u00e1veis &#8211; Energias de Minas. Essencialmente, o programa executado pela\u00a0<a href=\"http:\/\/www.sede.mg.gov.br\/\" target=\"_blank\">Secretaria de Estado de Desenvolvimento Econ\u00f4mico (Sede)<\/a>\u00a0cria incentivos para estimular a implanta\u00e7\u00e3o de novos empreendimentos nesse segmento e, desse modo, ampliar a participa\u00e7\u00e3o e entrada de energias renov\u00e1veis na matriz energ\u00e9tica mineira.<\/p>\n<p>De acordo com o superintendente de Pol\u00edtica Energ\u00e9tica da Sede, Guilherme Duarte, a principal a\u00e7\u00e3o do Energias de Minas, desde a sua cria\u00e7\u00e3o em agosto de 2013, foi a regulamenta\u00e7\u00e3o de todos os benef\u00edcios fiscais e sua aplica\u00e7\u00e3o. Isto porque os empreendimentos de energia solar, e\u00f3lica, biomassas, biog\u00e1s e h\u00eddrica, al\u00e9m das pequenas centrais hidrel\u00e9tricas (PCHs) e centrais geradoras hidrel\u00e9tricas (CGHs), recebem condi\u00e7\u00f5es diferenciadas, como a desonera\u00e7\u00e3o do ICMS, benef\u00edcios fiscais e linhas de financiamento de longo prazo do\u00a0<a href=\"http:\/\/www.bdmg.mg.gov.br\/\" target=\"_blank\">Banco de Desenvolvimento de Minas Gerais (BDMG)<\/a>.<\/p>\n<p>\u201cComo resultado, tivemos 22 empreendimentos que celebraram protocolos de inten\u00e7\u00e3o com o\u00a0<a href=\"http:\/\/www.indi.mg.gov.br\/\" target=\"_blank\">Instituto de Desenvolvimento Integrado de Minas Gerais (Indi),<\/a>\u00a0sendo uma usina fotovoltaica, uma usina de res\u00edduos e as demais PCHs e CGHs\u201d, revela Duarte. \u201cNo total, os investimentos foram da ordem de R$ 1,4 bilh\u00e3o. Al\u00e9m disso, devemos ter, ainda no primeiro semestre, protocolos assinados de mais tr\u00eas empreendimentos de energia fotovoltaica\u201d, completa.<\/p>\n<p>Entre as a\u00e7\u00f5es planejadas para 2015, segundo Duarte, est\u00e1 a atra\u00e7\u00e3o de novas usinas de energia solar. \u201cQueremos criar alguns benef\u00edcios adicionais e complementar alguns projetos espec\u00edficos. Ainda n\u00e3o conseguimos atingir o resultado esperado, por exemplo, quanto \u00e0 atra\u00e7\u00e3o de usinas de energia solar. Uma das ideias \u00e9 promover um leil\u00e3o estadual de energia fotovoltaica\u201d, conclui. (Ag\u00eancia Minas)<\/p>\n","protected":false},"excerpt":{"rendered":"<p>Na Cemig, a\u00e7\u00f5es no segmento de energias alternativas, limpas e sustent\u00e1veis fazem parte do direcionamento estrat\u00e9gico. Sede oferece programa com benef\u00edcios fiscais Montes Claros, no Norte de Minas, vai contar com uma nova fabricante de pain\u00e9is para gera\u00e7\u00e3o de energia solar. A empresa espanhola Asolar Energy pretende investir, at\u00e9 2018, mais de 200 milh\u00f5es de [&hellip;]<\/p>\n","protected":false},"author":1,"featured_media":33621,"comment_status":"open","ping_status":"closed","sticky":false,"template":"","format":"standard","meta":{"amp_status":"","footnotes":""},"categories":[123],"tags":[34117,32444,34116,347,18567,1018,34118,34122,34113,210,34114,34115,34119,34121,250,7129,34120],"class_list":["post-53140","post","type-post","status-publish","format-standard","has-post-thumbnail","hentry","category-gerais","tag-alexandre-francisco-maia-bueno","tag-asolar-energy","tag-atlas-solarimetrico-de-minas-gerais","tag-cemig","tag-companhia-energetica-de-minas-gerais","tag-destaque","tag-energia-sustentavel","tag-guilherme-duarte","tag-minas-gerais-desenvolve-e-incentiva-projetos-na-area-de-energia-renovavel","tag-montes-claros","tag-nova-fabricante-de-paineis-para-geracao-de-energia-solar","tag-primeira-industria-de-paineis-de-minas-gerais","tag-sistema-de-microgeracao-solar-fotovoltaica","tag-superintendente-de-politica-energetica-da-sede","tag-ufvjm","tag-universidade-federal-dos-vales-do-jequitinhonha-e-mucuri","tag-usina-solar-fotovoltaica"],"_links":{"self":[{"href":"https:\/\/aconteceunovale.com.br\/portal\/index.php?rest_route=\/wp\/v2\/posts\/53140","targetHints":{"allow":["GET"]}}],"collection":[{"href":"https:\/\/aconteceunovale.com.br\/portal\/index.php?rest_route=\/wp\/v2\/posts"}],"about":[{"href":"https:\/\/aconteceunovale.com.br\/portal\/index.php?rest_route=\/wp\/v2\/types\/post"}],"author":[{"embeddable":true,"href":"https:\/\/aconteceunovale.com.br\/portal\/index.php?rest_route=\/wp\/v2\/users\/1"}],"replies":[{"embeddable":true,"href":"https:\/\/aconteceunovale.com.br\/portal\/index.php?rest_route=%2Fwp%2Fv2%2Fcomments&post=53140"}],"version-history":[{"count":0,"href":"https:\/\/aconteceunovale.com.br\/portal\/index.php?rest_route=\/wp\/v2\/posts\/53140\/revisions"}],"wp:featuredmedia":[{"embeddable":true,"href":"https:\/\/aconteceunovale.com.br\/portal\/index.php?rest_route=\/wp\/v2\/media\/33621"}],"wp:attachment":[{"href":"https:\/\/aconteceunovale.com.br\/portal\/index.php?rest_route=%2Fwp%2Fv2%2Fmedia&parent=53140"}],"wp:term":[{"taxonomy":"category","embeddable":true,"href":"https:\/\/aconteceunovale.com.br\/portal\/index.php?rest_route=%2Fwp%2Fv2%2Fcategories&post=53140"},{"taxonomy":"post_tag","embeddable":true,"href":"https:\/\/aconteceunovale.com.br\/portal\/index.php?rest_route=%2Fwp%2Fv2%2Ftags&post=53140"}],"curies":[{"name":"wp","href":"https:\/\/api.w.org\/{rel}","templated":true}]}}