{"id":53122,"date":"2015-02-19T09:28:33","date_gmt":"2015-02-19T12:28:33","guid":{"rendered":"http:\/\/aconteceunovale.com.br\/portal\/?p=53122"},"modified":"2015-02-19T09:28:33","modified_gmt":"2015-02-19T12:28:33","slug":"homem-e-preso-com-10-quilos-de-maconha-em-governador-valadares","status":"publish","type":"post","link":"https:\/\/aconteceunovale.com.br\/portal\/?p=53122","title":{"rendered":"Homem \u00e9 preso com 10 quilos de maconha em Governador Valadares"},"content":{"rendered":"<h4><em><strong>Suspeito foi localizado ap\u00f3s den\u00fancias an\u00f4nimas. Com ele, pol\u00edcia tamb\u00e9m encontrou uma balan\u00e7a de precis\u00e3o.<\/strong><\/em><\/h4>\n<p>Um homem de 44 anos foi preso com 10 kg de maconha, na madrugada desta quinta-feira (19), em Governador Valadares, na regi\u00e3o Leste de Minas Gerais. A droga teria sa\u00eddo de Belo Horizonte.<\/p>\n<p>Segundo o boletim de ocorr\u00eancia da Pol\u00edcia Militar, ap\u00f3s den\u00fancias an\u00f4nimas, militares deslocaram at\u00e9 a Rua da Divisa, no bairro  Altin\u00f3polis, onde o suspeito tem uma casa. Minutos depois, o homem apareceu na garupa de uma motocicleta.<\/p>\n<p>Ao avistar a viatura, ele tentou entrar na resid\u00eancia, mas foi contido pelos policiais. A equipe encontrou com ele duas bolsas, que estavam carregadas com dez barras da maconha e uma balan\u00e7a de precis\u00e3o.<\/p>\n<p>O suspeito e o material apreendido foram encaminhados \u00e0 delegacia de plant\u00e3o da cidade.<\/p>\n<p><img decoding=\"async\" src=\"http:\/\/aconteceunovale.com.br\/portal\/wp-content\/uploads\/2015\/02\/droga_altinopolis_gv_19.jpg\" alt=\"\" \/><em>Droga foi apreendida no bairro Altin\u00f3polis &#8211; Foto: Pol\u00edcia Militar \/ Divulga\u00e7\u00e3o<\/em><br \/>\n<\/br><\/p>\n<p><em><strong>(O Tempo)<\/strong><\/em><\/p>\n","protected":false},"excerpt":{"rendered":"<p>Suspeito foi localizado ap\u00f3s den\u00fancias an\u00f4nimas. Com ele, pol\u00edcia tamb\u00e9m encontrou uma balan\u00e7a de precis\u00e3o. Um homem de 44 anos foi preso com 10 kg de maconha, na madrugada desta quinta-feira (19), em Governador Valadares, na regi\u00e3o Leste de Minas Gerais. A droga teria sa\u00eddo de Belo Horizonte. Segundo o boletim de ocorr\u00eancia da Pol\u00edcia [&hellip;]<\/p>\n","protected":false},"author":1,"featured_media":53123,"comment_status":"open","ping_status":"closed","sticky":false,"template":"","format":"standard","meta":{"amp_status":"","footnotes":""},"categories":[121],"tags":[34082,34081,247,34083],"class_list":["post-53122","post","type-post","status-publish","format-standard","has-post-thumbnail","hentry","category-leste","tag-droga-apreendida-no-bairro-altinopolis","tag-droga-foi-apreendida-no-bairro-altinopolis","tag-governador-valadares","tag-homem-e-preso-com-10-quilos-de-maconha-em-governador-valadares"],"_links":{"self":[{"href":"https:\/\/aconteceunovale.com.br\/portal\/index.php?rest_route=\/wp\/v2\/posts\/53122","targetHints":{"allow":["GET"]}}],"collection":[{"href":"https:\/\/aconteceunovale.com.br\/portal\/index.php?rest_route=\/wp\/v2\/posts"}],"about":[{"href":"https:\/\/aconteceunovale.com.br\/portal\/index.php?rest_route=\/wp\/v2\/types\/post"}],"author":[{"embeddable":true,"href":"https:\/\/aconteceunovale.com.br\/portal\/index.php?rest_route=\/wp\/v2\/users\/1"}],"replies":[{"embeddable":true,"href":"https:\/\/aconteceunovale.com.br\/portal\/index.php?rest_route=%2Fwp%2Fv2%2Fcomments&post=53122"}],"version-history":[{"count":0,"href":"https:\/\/aconteceunovale.com.br\/portal\/index.php?rest_route=\/wp\/v2\/posts\/53122\/revisions"}],"wp:featuredmedia":[{"embeddable":true,"href":"https:\/\/aconteceunovale.com.br\/portal\/index.php?rest_route=\/wp\/v2\/media\/53123"}],"wp:attachment":[{"href":"https:\/\/aconteceunovale.com.br\/portal\/index.php?rest_route=%2Fwp%2Fv2%2Fmedia&parent=53122"}],"wp:term":[{"taxonomy":"category","embeddable":true,"href":"https:\/\/aconteceunovale.com.br\/portal\/index.php?rest_route=%2Fwp%2Fv2%2Fcategories&post=53122"},{"taxonomy":"post_tag","embeddable":true,"href":"https:\/\/aconteceunovale.com.br\/portal\/index.php?rest_route=%2Fwp%2Fv2%2Ftags&post=53122"}],"curies":[{"name":"wp","href":"https:\/\/api.w.org\/{rel}","templated":true}]}}