{"id":53120,"date":"2015-02-19T09:05:47","date_gmt":"2015-02-19T12:05:47","guid":{"rendered":"http:\/\/aconteceunovale.com.br\/portal\/?p=53120"},"modified":"2015-02-19T09:05:47","modified_gmt":"2015-02-19T12:05:47","slug":"cemig-realiza-obras-de-melhoria-na-rede-eletrica-de-governador-valadares-4","status":"publish","type":"post","link":"https:\/\/aconteceunovale.com.br\/portal\/?p=53120","title":{"rendered":"Cemig realiza obras de melhoria na rede el\u00e9trica de Governador Valadares"},"content":{"rendered":"<h4><em><strong>Fornecimento de energia ser\u00e1 interrompido de 13h as 17h, no s\u00e1bado (21), e de 7h as 13, no domingo (22). Confira os locais abaixo.<\/strong><\/em><\/h4>\n<p>A Companhia Energ\u00e9tica de Minas Gerais (CEMIG) informa que no pr\u00f3ximo final de semana realizar\u00e1 obras de reforma e refor\u00e7o na Rede de Distribui\u00e7\u00e3o Urbana da regi\u00e3o central de Governador Valadares.<\/p>\n<p>A Empresa vai substituir postes e trocar os cabos de M\u00e9dia  Tens\u00e3o convencionais por cabos protegidos, o que tornar\u00e1 a rede mais segura, garantindo uma maior confiabilidade do fornecimento de energia para a popula\u00e7\u00e3o, a ind\u00fastria e o com\u00e9rcio local, al\u00e9m de melhorar a intera\u00e7\u00e3o com as \u00e1rvores e a polui\u00e7\u00e3o visual. O valor total que ser\u00e1 investido na moderniza\u00e7\u00e3o dessa rede \u00e9 aproximadamente R$ 735 mil.<\/p>\n<p>Para executar esse trabalho com seguran\u00e7a, ser\u00e1 necess\u00e1rio interromper o fornecimento de energia, no s\u00e1bado (21\/02),  de 13h as 17h, nos seguintes endere\u00e7os:<\/p>\n<p>&#8211; Rua Dom Pedro II, entre n\u00fameros 713 e 880<br \/>\n&#8211; Rua Vicente P\u00edfano, entre n\u00fameros 151 e 321<br \/>\n&#8211; Rua Sete de Setembro, entre n\u00fameros 2432 e 2488, Centro<\/p>\n<p>J\u00e1 no domingo (22\/02), vai ser preciso desligar de 7h as 13 nos endere\u00e7os abaixo:<\/p>\n<p>&#8211; Avenida S\u00e3o Lucas, n\u00famero 301<br \/>\n&#8211; Pra\u00e7a Cristo Rei, entre n\u00fameros 35 e 45<br \/>\n&#8211; Rua S\u00e3o Sim\u00e3o, entre n\u00fameros 180 e 467<br \/>\n&#8211; Rua Santa B\u00e1rbara, entre n\u00fameros 40 e 315<br \/>\n&#8211; Rua Santo Agostinho, entre n\u00fameros 21 e 231<br \/>\n&#8211; Rua S\u00e3o Tomaz de Aquino, entre n\u00fameros 375 e 500, Vila Mariana<br \/>\n&#8211; Rua Afonso Pena, entre n\u00fameros 4054 e 4346<br \/>\n&#8211; Rua Euclides da Cunha, entre n\u00fameros 346 e 352<br \/>\n&#8211; Rua Jos\u00e9 Rodrigues Ferreira, entre n\u00fameros 150 e 238, Centro<br \/>\n&#8211; Rua Padre Sadi Rabelo, entre n\u00fameros 62 e 298<br \/>\n&#8211; Rua Jos\u00e9 Rodrigues Ferreira, entre n\u00fameros 159 e 235, S\u00e3o Geraldo<br \/>\n&#8211; Rua Am\u00e1vel Soares, entre n\u00fameros 28 e 60, Acampamento da Vale<br \/>\n&#8211; Rua S\u00e3o Tomaz de Aquino, n\u00famero 477, M\u00e3e De Deus<\/p>\n<p>Esse servi\u00e7o ser\u00e1 realizado no final de semana para diminuir impacto da interrup\u00e7\u00e3o de energia para as atividades industriais e comerciais atingidas pelo desligamento.<\/p>\n<p>Durante esse per\u00edodo, caso precise executar algum servi\u00e7o na instala\u00e7\u00e3o el\u00e9trica interna, o consumidor dever\u00e1 desligar antes a chave geral (disjuntor) para sua seguran\u00e7a.<\/p>\n<p>A Cemig esclarece tamb\u00e9m que em fun\u00e7\u00e3o da complexidade dos servi\u00e7os a serem executados poder\u00e1 ocorrer atraso no hor\u00e1rio previsto ou cancelamento deste desligamento sem aviso pr\u00e9vio. Por medida de seguran\u00e7a todos os equipamentos devem ser considerados energizados durante o per\u00edodo mencionado. Caso os servi\u00e7os de melhoria sejam conclu\u00eddos antes do hor\u00e1rio indicado o fornecimento de energia el\u00e9trica ser\u00e1 restabelecido.<\/p>\n","protected":false},"excerpt":{"rendered":"<p>Fornecimento de energia ser\u00e1 interrompido de 13h as 17h, no s\u00e1bado (21), e de 7h as 13, no domingo (22). Confira os locais abaixo. A Companhia Energ\u00e9tica de Minas Gerais (CEMIG) informa que no pr\u00f3ximo final de semana realizar\u00e1 obras de reforma e refor\u00e7o na Rede de Distribui\u00e7\u00e3o Urbana da regi\u00e3o central de Governador Valadares. [&hellip;]<\/p>\n","protected":false},"author":1,"featured_media":47642,"comment_status":"open","ping_status":"closed","sticky":false,"template":"","format":"standard","meta":{"amp_status":"","footnotes":""},"categories":[121],"tags":[347,26291,18567,247,32225,34080],"class_list":["post-53120","post","type-post","status-publish","format-standard","has-post-thumbnail","hentry","category-leste","tag-cemig","tag-cemig-realiza-obras-de-melhoria-na-rede-eletrica-de-governador-valadares","tag-companhia-energetica-de-minas-gerais","tag-governador-valadares","tag-melhoria-na-rede-eletrica-de-governador-valadares","tag-obras-de-melhoria-na-rede-eletrica-de-governador-valadares"],"_links":{"self":[{"href":"https:\/\/aconteceunovale.com.br\/portal\/index.php?rest_route=\/wp\/v2\/posts\/53120","targetHints":{"allow":["GET"]}}],"collection":[{"href":"https:\/\/aconteceunovale.com.br\/portal\/index.php?rest_route=\/wp\/v2\/posts"}],"about":[{"href":"https:\/\/aconteceunovale.com.br\/portal\/index.php?rest_route=\/wp\/v2\/types\/post"}],"author":[{"embeddable":true,"href":"https:\/\/aconteceunovale.com.br\/portal\/index.php?rest_route=\/wp\/v2\/users\/1"}],"replies":[{"embeddable":true,"href":"https:\/\/aconteceunovale.com.br\/portal\/index.php?rest_route=%2Fwp%2Fv2%2Fcomments&post=53120"}],"version-history":[{"count":0,"href":"https:\/\/aconteceunovale.com.br\/portal\/index.php?rest_route=\/wp\/v2\/posts\/53120\/revisions"}],"wp:featuredmedia":[{"embeddable":true,"href":"https:\/\/aconteceunovale.com.br\/portal\/index.php?rest_route=\/wp\/v2\/media\/47642"}],"wp:attachment":[{"href":"https:\/\/aconteceunovale.com.br\/portal\/index.php?rest_route=%2Fwp%2Fv2%2Fmedia&parent=53120"}],"wp:term":[{"taxonomy":"category","embeddable":true,"href":"https:\/\/aconteceunovale.com.br\/portal\/index.php?rest_route=%2Fwp%2Fv2%2Fcategories&post=53120"},{"taxonomy":"post_tag","embeddable":true,"href":"https:\/\/aconteceunovale.com.br\/portal\/index.php?rest_route=%2Fwp%2Fv2%2Ftags&post=53120"}],"curies":[{"name":"wp","href":"https:\/\/api.w.org\/{rel}","templated":true}]}}