{"id":53116,"date":"2015-02-18T23:26:03","date_gmt":"2015-02-19T02:26:03","guid":{"rendered":"http:\/\/aconteceunovale.com.br\/portal\/?p=53116"},"modified":"2015-02-18T23:26:03","modified_gmt":"2015-02-19T02:26:03","slug":"atletico-mineiro-estreia-com-derrota-na-taca-libertadores-2015-2","status":"publish","type":"post","link":"https:\/\/aconteceunovale.com.br\/portal\/?p=53116","title":{"rendered":"Atl\u00e9tico Mineiro estreia com derrota na Ta\u00e7a Libertadores 2015"},"content":{"rendered":"<h4><strong><em>Alvinegro de Minas Gerais perdeu por 2 a 0 para o Colo-Colo em Santiago, no Chile<\/em><\/strong><\/h4>\n<p>A arrancada do Atl\u00e9tico na Ta\u00e7a Libertadores foi amarga. O time at\u00e9 teve chances, mas n\u00e3o soube aproveitar. Em uma falha do goleiro Victor, no final do primeiro tempo, o Colo-Colo abriu o placar, cresceu na partida e construiu a vit\u00f3ria por 2 a 0, no est\u00e1dio Monumental, em Santiago, no Chile.<\/p>\n<p>Os chilenos lideram o Grupo 1 pelo saldo de gols (o Independiente Santa F\u00e9, da Col\u00f4mbia, venceu o Atlas por 1 a 0, no M\u00e9xico). Na pr\u00f3xima quarta-feira, o Galo tenta a rea\u00e7\u00e3o. O time recebe os mexicanos \u00e0s 19h45, no Independ\u00eancia. Antes, no domingo, \u00e0s 16h, o Alvinegro tem o cl\u00e1ssico com o Am\u00e9rica, pelo Campeonato Mineiro.<\/p>\n<p><img decoding=\"async\" src=\"http:\/\/aconteceunovale.com.br\/portal\/wp-content\/uploads\/2015\/02\/colo-colo_2x0atletico.jpg\" alt=\"\" \/><em>Atacante J\u00f4 ganhou nova chance, mas teve atua\u00e7\u00e3o ruim contra o Colo-Colo do Chile &#8211; Foto: Claudio Reyes \/ AFP Photo \/ Reprodu\u00e7\u00e3o Super Esportes<\/em><br \/>\n<\/br><\/p>\n<p><strong>O Jogo<\/strong><\/p>\n<p>O Atl\u00e9tico at\u00e9 poderia ter escrito uma hist\u00f3ria diferente em Santiago. Mas n\u00e3o soube aproveitar seu bom momento na partida. Desfalcado de pe\u00e7as importantes (Marcos Rocha, Douglas Santos, Lucas Pratto, Carlos e Guilherme, todos lesionados), a equipe, que recebeu o apoio de muitos torcedores em Santiago, n\u00e3o apresentou a mesma qualidade t\u00e9cnica. Alguns substitutos tiveram rendimento bem abaixo dos titulares.<\/p>\n<p>Mesmo assim n\u00e3o foi um visitante que se limitou a defender. Pelo contr\u00e1rio, come\u00e7ou a partida dominando as a\u00e7\u00f5es no campo do advers\u00e1rio, mas errando muito na completar os lances. N\u00e3o foi por falta de chance que o time n\u00e3o abriu o placar. O obst\u00e1culo foi a finaliza\u00e7\u00e3o. A pontaria n\u00e3o ajudou o Galo.<\/p>\n<p>As duas primeiras oportunidades, uma com Jemerson e outra com D\u00e1tolo, tiveram o mesmo destino: a linha de fundo. J\u00e1 aos 14 minutos, foi a vez de Rafael Carioca chutar de fora da \u00e1rea e o goleiro Justo Villar \u2018bater-roupa\u2019. Aos 18, 27 e 32 minutos, novamente o Atl\u00e9tico errou a meta. J\u00f4 n\u00e3o conseguiu finalizar. J\u00e1 Patric e, de novo, J\u00f4, ambos em boas condi\u00e7\u00f5es de marcar, chutaram para fora.<\/p>\n<p>Sorte do Colo-Colo, que, at\u00e9 ent\u00e3o, sem muita inspira\u00e7\u00e3o, levou perigo contanto, principalmente, com erros do Galo. E foi assim que os chilenos abriram o placar, aos 38 minutos. Sem muitas op\u00e7\u00f5es para tocar a bola, Felipe Flores, da intermedi\u00e1ria, arriscou o chute. O goleiro Victor falhou: 1 a 0. <\/p>\n<p>Ap\u00f3s o gol, o Atl\u00e9tico caiu de produ\u00e7\u00e3o, errou seguidamente. Viu o Colo-Colo passar a mandar no jogo. Quase sofreu o segundo gol, no chute de Paredes, que raspou o travess\u00e3o.<\/p>\n<p>No segundo tempo, o Cacique manteve o crescimento. Aos tr\u00eas minutos, Beausejour cruzou e Delgado, de frente para o gol, cabeceou para fora. O Galo ainda teve a chance do empate, aos cinco minutos, mas o cruzamento de Luan para J\u00f4 parou na zaga. Ele tinha D\u00e1tolo livre mais atr\u00e1s.<\/p>\n<p>Na velocidade e pelos lados, o Colo-Colo chegou ao segundo gol aos 21 minutos. Beausejour foi na linha de fundo e cruzou para Paredes completar: 2 a 0. Aos 42 minutos, Vald\u00e9s exigiu grande defesa de Victor.<\/p>\n<p><strong>Colo-Colo 2 x 0 Atl\u00e9tico Mineiro<\/strong><\/p>\n<p><strong>Colo-Colo:<\/strong> Justo Villar; Gonzalo Fierro, Christian Vilches, Julio Barroso (Leonardo C\u00e1ceres) e Jean Beausejour; Esteban Pavez, Jaime Vald\u00e9s e Humberto Suazo; Juan Delgado (Emiliano Vecchio), Esteban Paredes e Felipe Flores (Cl\u00e1udio Baeza). <strong>T\u00e9cnico:<\/strong> H\u00e9ctor Tapia<\/p>\n<p><strong>Atl\u00e9tico:<\/strong> Victor; Patric, Leonardo Silva, Jemerson e Pedro Botelho; Rafael Carioca (Dod\u00f4) e Leonardo Donizete; Luan, D\u00e1tolo e Maicosuel; J\u00f4 (Cesinha). <strong>T\u00e9cnico:<\/strong> Levir Culpi<\/p>\n<p><strong>Gols:<\/strong> Felipe Flores, 38min 1\u00baT; Esteban Paredes, 21min 2\u00baT<\/p>\n<p><strong>Motivo:<\/strong> Primeira rodada do Grupo 1 da Ta\u00e7a Libertadores<br \/>\n<strong>Local:<\/strong> Est\u00e1dio Monumental David Arellano, em Santiago, no Chile<br \/>\n<strong>Data: <\/strong>18\/02\/2015<\/p>\n<p><strong>\u00c1rbitro:<\/strong> Mauro Vigliano (ARG)<br \/>\n<strong>Assistentes:<\/strong> Juan Belatti (ARG) e Ezequiel Brailovski (ARG)<\/p>\n<p><strong>Cart\u00e3o amarelo:<\/strong> Leonardo Silva, Rafael Carioca, Jemerson<\/p>\n<p><em><strong>(Fonte: Super Esportes)<\/strong><\/em><\/p>\n","protected":false},"excerpt":{"rendered":"<p>Alvinegro de Minas Gerais perdeu por 2 a 0 para o Colo-Colo em Santiago, no Chile A arrancada do Atl\u00e9tico na Ta\u00e7a Libertadores foi amarga. O time at\u00e9 teve chances, mas n\u00e3o soube aproveitar. Em uma falha do goleiro Victor, no final do primeiro tempo, o Colo-Colo abriu o placar, cresceu na partida e construiu [&hellip;]<\/p>\n","protected":false},"author":1,"featured_media":53114,"comment_status":"open","ping_status":"closed","sticky":false,"template":"","format":"standard","meta":{"amp_status":"","footnotes":""},"categories":[59],"tags":[34067,34070,12311,34069,2741,34074,34075,34073,34068,1018,34077,12312,34076,34071,34072],"class_list":["post-53116","post","type-post","status-publish","format-standard","has-post-thumbnail","hentry","category-sports","tag-alvinegro-de-minas-gerais-perdeu-por-2-a-0-para-o-colo-colo-em-santiago","tag-arrancada-do-atletico-na-taca-libertadores","tag-atletico","tag-atletico-de-minas-gerais-perdeu-por-2-a-0-para-o-colo-colo-em-santiago","tag-atletico-mineiro","tag-colo-colo","tag-colo-colo-2-x-0-atletico-mineiro","tag-colo-colo-do-chile","tag-colo-colo-em-santiago","tag-destaque","tag-estadio-monumental-david-arellano","tag-galo","tag-primeira-rodada-do-grupo-1-da-taca-libertadores","tag-taca-libertadores","tag-taca-libertadores-2015"],"_links":{"self":[{"href":"https:\/\/aconteceunovale.com.br\/portal\/index.php?rest_route=\/wp\/v2\/posts\/53116","targetHints":{"allow":["GET"]}}],"collection":[{"href":"https:\/\/aconteceunovale.com.br\/portal\/index.php?rest_route=\/wp\/v2\/posts"}],"about":[{"href":"https:\/\/aconteceunovale.com.br\/portal\/index.php?rest_route=\/wp\/v2\/types\/post"}],"author":[{"embeddable":true,"href":"https:\/\/aconteceunovale.com.br\/portal\/index.php?rest_route=\/wp\/v2\/users\/1"}],"replies":[{"embeddable":true,"href":"https:\/\/aconteceunovale.com.br\/portal\/index.php?rest_route=%2Fwp%2Fv2%2Fcomments&post=53116"}],"version-history":[{"count":0,"href":"https:\/\/aconteceunovale.com.br\/portal\/index.php?rest_route=\/wp\/v2\/posts\/53116\/revisions"}],"wp:featuredmedia":[{"embeddable":true,"href":"https:\/\/aconteceunovale.com.br\/portal\/index.php?rest_route=\/wp\/v2\/media\/53114"}],"wp:attachment":[{"href":"https:\/\/aconteceunovale.com.br\/portal\/index.php?rest_route=%2Fwp%2Fv2%2Fmedia&parent=53116"}],"wp:term":[{"taxonomy":"category","embeddable":true,"href":"https:\/\/aconteceunovale.com.br\/portal\/index.php?rest_route=%2Fwp%2Fv2%2Fcategories&post=53116"},{"taxonomy":"post_tag","embeddable":true,"href":"https:\/\/aconteceunovale.com.br\/portal\/index.php?rest_route=%2Fwp%2Fv2%2Ftags&post=53116"}],"curies":[{"name":"wp","href":"https:\/\/api.w.org\/{rel}","templated":true}]}}