{"id":53100,"date":"2015-02-18T20:22:30","date_gmt":"2015-02-18T23:22:30","guid":{"rendered":"http:\/\/aconteceunovale.com.br\/portal\/?p=53100"},"modified":"2015-02-18T20:22:30","modified_gmt":"2015-02-18T23:22:30","slug":"campanha-da-fraternidade-2015-quer-aprofundar-dialogo-entre-igreja-e-sociedade","status":"publish","type":"post","link":"https:\/\/aconteceunovale.com.br\/portal\/?p=53100","title":{"rendered":"Campanha da Fraternidade 2015 quer aprofundar di\u00e1logo entre Igreja e sociedade"},"content":{"rendered":"<h4><strong><em>Campanha foi lan\u00e7ada nesta quarta-feira (18). Tema escolhido este ano \u00e9 Fraternidade: Igreja e Sociedade e o lema &#8220;Eu vim para servir&#8221;.<\/em><\/strong><\/h4>\n<p>A Confedera\u00e7\u00e3o Nacional dos Bispos do Brasil (CNBB) lan\u00e7ou hoje (18) a Campanha da Fraternidade 2015. O tema escolhido este ano \u00e9 Fraternidade: Igreja e Sociedade e o lema &#8220;Eu vim para servir&#8221;. A ideia \u00e9 aprofundar, a partir do Evangelho, o di\u00e1logo e a colabora\u00e7\u00e3o entre a Igreja e a sociedade como servi\u00e7o ao povo brasileiro.<\/p>\n<p>A campanha prop\u00f5e ainda buscar novos m\u00e9todos, atitudes e linguagens na miss\u00e3o da Igreja de levar a palavra a cada pessoa. O secret\u00e1rio-geral da CNBB, dom Leonardo Ulrich Steiner, lembrou que o momento escolhido para o lan\u00e7amento da campanha \u2013 o in\u00edcio da Quaresma \u2013 \u00e9 considerado de extrema import\u00e2ncia para a Igreja. &#8220;Queremos ajudar a construir uma sociedade mais humana e mais divina&#8221;, disse. &#8220;Sermos pessoas de fermento na massa. Esse \u00e9 o desejo da campanha.&#8221;<\/p>\n<p>Durante a cerim\u00f4nia, o ministro do Desenvolvimento Agr\u00e1rio, Patrus Ananias, destacou o compromisso do governo com a emancipa\u00e7\u00e3o dos pobres. &#8220;Defendemos os pobres, n\u00e3o a pobreza. Queremos que os pobres se libertem&#8221;, disse. &#8220;Queremos que as pessoas se tornem protagonistas, sujeitos de sua vida e de sua hist\u00f3ria.&#8221;<\/p>\n<p>Para a secret\u00e1ria executiva do Conselho Nacional de Igrejas Crist\u00e3s, pastora Romi M\u00e1rcia Bencke, a campanha destaca a necessidade de promover o debate de valores \u00e9ticos e tamb\u00e9m do papel mission\u00e1rio da Igreja. &#8220;O tema da campanha deste ano nos desafia para uma \u00e9tica global de responsabilidades. Nos ajuda a refletir sobre o nosso papel enquanto igrejas e enquanto religi\u00f5es.&#8221;<\/p>\n<p>Por fim, o presidente do Conselho Federal da Ordem dos Advogados do Brasil, Marcos Vin\u00edcius Furtado, defendeu medidas urgentes para a prote\u00e7\u00e3o e o acolhimento aos mais pobres e uma reforma pol\u00edtica no pa\u00eds. &#8220;A luta por dignidade, justi\u00e7a e igualdade \u00e9 o elo que deve nos unir&#8221;, disse. &#8220;Precisamos dar um passo adiante na atual situa\u00e7\u00e3o de um sistema pol\u00edtico desigual. H\u00e1 a necessidade de todas as institui\u00e7\u00f5es participarem desse esfor\u00e7o em busca de um sistema pol\u00edtico igualit\u00e1rio.&#8221; (Ag\u00eancia Brasil)<\/p>\n","protected":false},"excerpt":{"rendered":"<p>Campanha foi lan\u00e7ada nesta quarta-feira (18). Tema escolhido este ano \u00e9 Fraternidade: Igreja e Sociedade e o lema &#8220;Eu vim para servir&#8221;. A Confedera\u00e7\u00e3o Nacional dos Bispos do Brasil (CNBB) lan\u00e7ou hoje (18) a Campanha da Fraternidade 2015. O tema escolhido este ano \u00e9 Fraternidade: Igreja e Sociedade e o lema &#8220;Eu vim para servir&#8221;. [&hellip;]<\/p>\n","protected":false},"author":1,"featured_media":53101,"comment_status":"open","ping_status":"closed","sticky":false,"template":"","format":"standard","meta":{"amp_status":"","footnotes":""},"categories":[6],"tags":[34043,34042,24617,34044,34047,28246,34045,34046,34050,34048,17600,34049],"class_list":["post-53100","post","type-post","status-publish","format-standard","has-post-thumbnail","hentry","category-br","tag-campanha-da-fraternidade-2015","tag-campanha-da-fraternidade-2015-quer-aprofundar-dialogo-entre-igreja-e-sociedade","tag-cnbb","tag-confederacao-nacional-dos-bispos-do-brasil","tag-conselho-nacional-de-igrejas-cristas","tag-desenvolvimento-agrario","tag-igreja-e-sociedade-e-o-lema-eu-vim-para-servir","tag-leonardo-ulrich-steiner","tag-marcos-vinicius-furtado","tag-pastora-romi-marcia-bencke","tag-patrus-ananias","tag-presidente-do-conselho-federal-da-ordem-dos-advogados-do-brasil"],"_links":{"self":[{"href":"https:\/\/aconteceunovale.com.br\/portal\/index.php?rest_route=\/wp\/v2\/posts\/53100","targetHints":{"allow":["GET"]}}],"collection":[{"href":"https:\/\/aconteceunovale.com.br\/portal\/index.php?rest_route=\/wp\/v2\/posts"}],"about":[{"href":"https:\/\/aconteceunovale.com.br\/portal\/index.php?rest_route=\/wp\/v2\/types\/post"}],"author":[{"embeddable":true,"href":"https:\/\/aconteceunovale.com.br\/portal\/index.php?rest_route=\/wp\/v2\/users\/1"}],"replies":[{"embeddable":true,"href":"https:\/\/aconteceunovale.com.br\/portal\/index.php?rest_route=%2Fwp%2Fv2%2Fcomments&post=53100"}],"version-history":[{"count":0,"href":"https:\/\/aconteceunovale.com.br\/portal\/index.php?rest_route=\/wp\/v2\/posts\/53100\/revisions"}],"wp:featuredmedia":[{"embeddable":true,"href":"https:\/\/aconteceunovale.com.br\/portal\/index.php?rest_route=\/wp\/v2\/media\/53101"}],"wp:attachment":[{"href":"https:\/\/aconteceunovale.com.br\/portal\/index.php?rest_route=%2Fwp%2Fv2%2Fmedia&parent=53100"}],"wp:term":[{"taxonomy":"category","embeddable":true,"href":"https:\/\/aconteceunovale.com.br\/portal\/index.php?rest_route=%2Fwp%2Fv2%2Fcategories&post=53100"},{"taxonomy":"post_tag","embeddable":true,"href":"https:\/\/aconteceunovale.com.br\/portal\/index.php?rest_route=%2Fwp%2Fv2%2Ftags&post=53100"}],"curies":[{"name":"wp","href":"https:\/\/api.w.org\/{rel}","templated":true}]}}