{"id":53094,"date":"2015-02-18T19:46:07","date_gmt":"2015-02-18T22:46:07","guid":{"rendered":"http:\/\/aconteceunovale.com.br\/portal\/?p=53094"},"modified":"2015-02-18T19:46:07","modified_gmt":"2015-02-18T22:46:07","slug":"dom-serafim-recebe-alta-apos-seis-dias-internado-em-belo-horizonte","status":"publish","type":"post","link":"https:\/\/aconteceunovale.com.br\/portal\/?p=53094","title":{"rendered":"Dom Serafim recebe alta ap\u00f3s seis dias internado em Belo Horizonte"},"content":{"rendered":"<h4><strong><em>Religioso, que tem 90 anos, sofreu um infarto no dia 10 de fevereiro. Dom Serafim nasceu em Minas Novas e fez semin\u00e1rio em Diamantina, no Vale do Jequitinhonha.<\/em><\/strong><\/h4>\n<p>O cardeal e arcebispo em\u00e9rito de Belo Horizonte dom Serafim Fernandes de Ara\u00fajo recebeu alta hospitalar depois de passar seis dias internado no Hospital Madre Teresa, na regi\u00e3o Oeste da capital. O religioso, que tem 90 anos, deixou o hospital nesse domingo (15) e a informa\u00e7\u00e3o foi confirmada pela assessoria de imprensa da unidade nesta quarta (18). Na nota, assinada pelo coordenador do Servi\u00e7o de Cardiologia do Hospital Madre Teresa, Roberto Marino, o hospital informa que o paciente teve &#8220;excelente evolu\u00e7\u00e3o do quadro cl\u00ednico&#8221;. <\/p>\n<p><img decoding=\"async\" src=\"http:\/\/aconteceunovale.com.br\/portal\/wp-content\/uploads\/2015\/02\/dom_serafim_1.jpg\" alt=\"\" \/><em>Dom Serafim teve alta no domingo (15) &#8211; Foto: Valdez Maranh\u00e3o \/ O Tempo<\/em><br \/>\n<\/br><\/p>\n<p>Dom Serafim deu entrada na unidade no dia 10 de fevereiro, com um quadro cl\u00ednico de S\u00edndrome Coron\u00e1ria Aguda, que evoluiu para infarto do mioc\u00e1rdio. Segundo comunicado enviado pelo hospital, ele foi submetido a uma interven\u00e7\u00e3o coron\u00e1ria, na qual foram implantados tr\u00eas stents &#8211; estruturas usadas para ajudar a normalizar o fluxo sangu\u00edneo da art\u00e9ria coronariana.<\/p>\n<p><strong>O Cardeal<\/strong><\/p>\n<p>Nascido em Minas Novas no dia 13 de agosto de 1924, Dom Serafim Fernandes de Ara\u00fajo fez semin\u00e1rio em Diamantina. L\u00e1, ele se formou em Humanidades em 1942 e em Filosofia em 1944 (licenciatura em filosofia), sendo escolhido para estudar em Roma, onde fez mestrado em Teologia e Direito Can\u00f4nico na Pontif\u00edcia Universidade Gregoriana.<\/p>\n<p>Ordenado bispo em 7 de maio de 1959, aos 34 anos, foi considerado o mais novo bispo do Brasil. Em Belo Horizonte, assumiu cargos de vig\u00e1rio geral, administrador e diretor de Ensino Religioso da Arquidiocese, al\u00e9m de tornar-se professor de Cultura Religiosa e reitor por anos da PUC Minas.<\/p>\n<p>Ele assumiu a Arquidiocese de Belo Horizonte no dia 5 de fevereiro de 1986. Foi criado Cardeal presb\u00edtero pelo Papa Jo\u00e3o Paulo II, no dia 21 de fevereiro de 1998.<\/p>\n<p><img decoding=\"async\" src=\"http:\/\/aconteceunovale.com.br\/portal\/wp-content\/uploads\/2015\/02\/dom_serafim_2.jpg\" alt=\"\" \/><em>Dom Serafim teve alta no domingo (15) &#8211; Foto: Leandro Couri\/Estado de Minas<\/em><br \/>\n<\/br><\/p>\n<p><em><strong>(Fonte: O Tempo)<\/strong><\/em><\/p>\n","protected":false},"excerpt":{"rendered":"<p>Religioso, que tem 90 anos, sofreu um infarto no dia 10 de fevereiro. Dom Serafim nasceu em Minas Novas e fez semin\u00e1rio em Diamantina, no Vale do Jequitinhonha. O cardeal e arcebispo em\u00e9rito de Belo Horizonte dom Serafim Fernandes de Ara\u00fajo recebeu alta hospitalar depois de passar seis dias internado no Hospital Madre Teresa, na [&hellip;]<\/p>\n","protected":false},"author":1,"featured_media":53096,"comment_status":"open","ping_status":"closed","sticky":false,"template":"","format":"standard","meta":{"amp_status":"","footnotes":""},"categories":[123],"tags":[34026,194,34025,198,34033,34027,34030,34032,34029,137,34034,34028,34031],"class_list":["post-53094","post","type-post","status-publish","format-standard","has-post-thumbnail","hentry","category-gerais","tag-arcebispo-emerito-de-belo-horizonte","tag-belo-horizonte","tag-cardeal-e-arcebispo-emerito-de-belo-horizonte-dom-serafim-fernandes-de-araujo-recebeu-alta-hospitalar-depois-de-passar-seis-dias-internado-no-hospital-madre-teresa","tag-diamantina","tag-doenca-do-dom-serafim","tag-dom-serafim-fernandes-de-araujo","tag-dom-serafim-recebe-alta-apos-seis-dias-internado-em-belo-horizonte","tag-estado-de-saude-do-dom-serafim","tag-hospital-madre-teresa","tag-minas-novas","tag-o-que-tem-o-dom-serafim","tag-roberto-marino","tag-saude-do-dom-serafim"],"_links":{"self":[{"href":"https:\/\/aconteceunovale.com.br\/portal\/index.php?rest_route=\/wp\/v2\/posts\/53094","targetHints":{"allow":["GET"]}}],"collection":[{"href":"https:\/\/aconteceunovale.com.br\/portal\/index.php?rest_route=\/wp\/v2\/posts"}],"about":[{"href":"https:\/\/aconteceunovale.com.br\/portal\/index.php?rest_route=\/wp\/v2\/types\/post"}],"author":[{"embeddable":true,"href":"https:\/\/aconteceunovale.com.br\/portal\/index.php?rest_route=\/wp\/v2\/users\/1"}],"replies":[{"embeddable":true,"href":"https:\/\/aconteceunovale.com.br\/portal\/index.php?rest_route=%2Fwp%2Fv2%2Fcomments&post=53094"}],"version-history":[{"count":0,"href":"https:\/\/aconteceunovale.com.br\/portal\/index.php?rest_route=\/wp\/v2\/posts\/53094\/revisions"}],"wp:featuredmedia":[{"embeddable":true,"href":"https:\/\/aconteceunovale.com.br\/portal\/index.php?rest_route=\/wp\/v2\/media\/53096"}],"wp:attachment":[{"href":"https:\/\/aconteceunovale.com.br\/portal\/index.php?rest_route=%2Fwp%2Fv2%2Fmedia&parent=53094"}],"wp:term":[{"taxonomy":"category","embeddable":true,"href":"https:\/\/aconteceunovale.com.br\/portal\/index.php?rest_route=%2Fwp%2Fv2%2Fcategories&post=53094"},{"taxonomy":"post_tag","embeddable":true,"href":"https:\/\/aconteceunovale.com.br\/portal\/index.php?rest_route=%2Fwp%2Fv2%2Ftags&post=53094"}],"curies":[{"name":"wp","href":"https:\/\/api.w.org\/{rel}","templated":true}]}}