{"id":53031,"date":"2015-02-17T21:33:13","date_gmt":"2015-02-18T00:33:13","guid":{"rendered":"http:\/\/aconteceunovale.com.br\/portal\/?p=53031"},"modified":"2015-02-18T10:02:00","modified_gmt":"2015-02-18T13:02:00","slug":"monstro-manda-matar-filhos-gemeos-para-registra-los-em-minas-gerais","status":"publish","type":"post","link":"https:\/\/aconteceunovale.com.br\/portal\/?p=53031","title":{"rendered":"\u201cMonstro\u201d manda matar filhos g\u00eameos para n\u00e3o registr\u00e1-los"},"content":{"rendered":"<h4><strong><em>Informa\u00e7\u00e3o foi confirmada por policiais de Uberaba. Crian\u00e7as foram mortas a tiros e deixadas em estrada no interior de S\u00e3o Paulo.<\/em><\/strong><\/h4>\n<p>Foram encontrados na tarde desta ter\u00e7a-feira (17) os corpos de beb\u00eas g\u00eameos, de apenas 40 dias, que estavam desaparecidos ap\u00f3s o assassinato da m\u00e3e de 22 anos, moradora de Uberaba, no Tri\u00e2ngulo Mineiro. Segundo policiais da cidade, as crian\u00e7as foram mortas a tiros e deixadas em uma estrada perto de Buritizal (SP), a quatro quil\u00f4metros do local onde foi encontrado o corpo de Izabella Marquez Gianvechio, pr\u00f3ximo a Aramina, tamb\u00e9m em S\u00e3o Paulo. Eles ser\u00e3o encaminhados \u00e0 cidade de Ituverava, onde devem passar por necropsia no Instituto M\u00e9dico Legal (IML).<\/p>\n<p><img decoding=\"async\" src=\"http:\/\/aconteceunovale.com.br\/portal\/wp-content\/uploads\/2015\/02\/gemeos_desaparecidos.jpg\" alt=\"\" \/><em>Corpos dos beb\u00eas foram encontrados no interior de S\u00e3o Paulo &#8211; Foto: Reprodu\u00e7\u00e3o<\/em><br \/>\n<\/br><\/p>\n<p>Apontado como principal suspeito do crime, Matusal\u00e9m Ferreira J\u00fanior, de 49 anos, o suposto pai das crian\u00e7as se apresentou espontaneamente \u00e0 delegacia de Uberaba e confessou ter mandado um homem matar a mulher e os filhos. Logo em seguida, a equipe da delegada Carla Bueno saiu em dilig\u00eancia, acompanhada do suspeito. A delegada deve conceder uma entrevista coletiva com mais detalhes sobre o caso ainda hoje. O crime causou grande como\u00e7\u00e3o na cidade. Muitas pessoas foram at\u00e9 a porta da delegacia e tentaram agredir o suspeito e houve tumulto.<\/p>\n<p>Depois que os corpos foram encontrados, policiais chegaram a informar que o comparsa de Matusal\u00e9m, identificado como Pedr\u00e3o, havia sido preso, mas a informa\u00e7\u00e3o foi desmentida horas mais tarde. O homem \u00e9 alvo de um cerco na cidade de Sacramento.<\/p>\n<p><img decoding=\"async\" src=\"http:\/\/aconteceunovale.com.br\/portal\/wp-content\/uploads\/2015\/02\/criancas_assassinadas_mg2.jpg\" alt=\"\" \/><em>Mulher e os filhos g\u00eameos foram assassinados &#8211; Foto: Reprodu\u00e7\u00e3o<\/em><br \/>\n<\/br><\/p>\n<p>De acordo com as investiga\u00e7\u00f5es, Izabella saiu de casa na \u00faltima quinta-feira com os g\u00eameos. Em um \u00e1udio enviado pela jovem a uma amiga, ela disse que iria se encontrar com o suposto pai das crian\u00e7as, Matusal\u00e9m, mas que ningu\u00e9m poderia saber do encontro. Os dois se encontraram pr\u00f3ximo ao Parque Fernando Costa, em Uberaba.<\/p>\n<p>C\u00e2meras de seguran\u00e7a do local foram analisadas pela pol\u00edcia. As imagens mostram Izabella chegando em um t\u00e1xi, conduzido por um parente dela, e em seguida a jovem entra em um Fox, cor chumbo, que estava parado nas proximidades, com os dois filhos. Poucos minutos depois, um homem n\u00e3o identificado entra no carro.<\/p>\n<p>Depois que foi acionada, a pol\u00edcia come\u00e7ou a fazer buscas na regi\u00e3o, mas n\u00e3o encontrou vest\u00edgios que levassem at\u00e9 as crian\u00e7as e a mulher. No s\u00e1bado, o corpo de Izabella foi encontrado em uma rodovia da cidade paulista Aramina, na divisa com Minas Gerais. A v\u00edtima estava com uma perfura\u00e7\u00e3o na cabe\u00e7a provocada por bala. As crian\u00e7as n\u00e3o foram localizadas.<\/p>\n<p>A delegada Carla Bueno, respons\u00e1vel pelas investiga\u00e7\u00f5es, informou na manh\u00e3 desta ter\u00e7a-feira que a motiva\u00e7\u00e3o do crime pode ser passional. Matusal\u00e9m, que \u00e9 casado e pai de dois filhos, teve um relacionamento extraconjugal com Izabella. Os v\u00e1rios encontros entre o casal resultaram no nascimento dos irm\u00e3os g\u00eameos e ele se recusava a registrar as crian\u00e7as.<\/p>\n<p>Conforme a delegada, durante a gravidez, Matusal\u00e9m desapareceu. Por\u00e9m, depois do nascimento das crian\u00e7as, Izabella resolveu procur\u00e1-lo novamente. Para Carla Bueno, o homem pode ter se sentido pressionado e resolveu cometer o crime. <\/p>\n<p><img decoding=\"async\" src=\"http:\/\/aconteceunovale.com.br\/portal\/wp-content\/uploads\/2015\/02\/criancas_assassinadas_mg.jpg\" alt=\"\" \/><em>Corpos dos beb\u00eas foram encontrados no interior de S\u00e3o Paulo &#8211; Foto: Reprodu\u00e7\u00e3o<\/em><br \/>\n<\/br><\/p>\n<p><strong><em>(Fonte: Estado de Minas)<\/em><\/strong><\/p>\n","protected":false},"excerpt":{"rendered":"<p>Informa\u00e7\u00e3o foi confirmada por policiais de Uberaba. Crian\u00e7as foram mortas a tiros e deixadas em estrada no interior de S\u00e3o Paulo. Foram encontrados na tarde desta ter\u00e7a-feira (17) os corpos de beb\u00eas g\u00eameos, de apenas 40 dias, que estavam desaparecidos ap\u00f3s o assassinato da m\u00e3e de 22 anos, moradora de Uberaba, no Tri\u00e2ngulo Mineiro. Segundo [&hellip;]<\/p>\n","protected":false},"author":1,"featured_media":53036,"comment_status":"open","ping_status":"closed","sticky":false,"template":"","format":"standard","meta":{"amp_status":"","footnotes":""},"categories":[123],"tags":[33914,33938,33924,33913,33891,1018,33926,33925,33929,33927,33928,33915,33889,33890,17163,33916,33919,33920,33936,33923,33921,33922,33918,33917,1505,220],"class_list":["post-53031","post","type-post","status-publish","format-standard","has-post-thumbnail","hentry","category-gerais","tag-aramina","tag-bebes-gemeos-ana-flavia-e-lucas","tag-bebes-gemeos-assassinados-uberaba","tag-buritizal","tag-carla-bueno","tag-destaque","tag-filhos-gemeos-assassinados-uberaba","tag-gemeos-assassinados-uberaba","tag-gemeos-de-uberaba-assassinados","tag-irmaos-gemeos-assassinados-uberaba","tag-irmaos-gemeos-de-uberaba","tag-ituverava","tag-izabella-marquez-gianvechio","tag-matusalem-ferreira-junior","tag-matusalem-pereira-mota","tag-matuzalem-ferreira-junior","tag-monstro-manda-matar-amante-e-filhos-gemeos-para-registra-los-em-minas-gerais","tag-monstro-manda-matar-amante-e-filhos-gemeos-para-registra-los-em-uberaba","tag-monstro-manda-matar-filhos-gemeos-para-nao-registra-los","tag-monstro-manda-matar-filhos-gemeos-para-nao-registra-los-em-minas-gerais","tag-monstro-manda-matar-filhos-gemeos-para-registra-los-em-minas-gerais","tag-monstro-manda-matar-filhos-gemeos-para-registra-los-em-uberaba","tag-parque-fernando-costa","tag-pedrao","tag-sacramento","tag-uberaba"],"_links":{"self":[{"href":"https:\/\/aconteceunovale.com.br\/portal\/index.php?rest_route=\/wp\/v2\/posts\/53031","targetHints":{"allow":["GET"]}}],"collection":[{"href":"https:\/\/aconteceunovale.com.br\/portal\/index.php?rest_route=\/wp\/v2\/posts"}],"about":[{"href":"https:\/\/aconteceunovale.com.br\/portal\/index.php?rest_route=\/wp\/v2\/types\/post"}],"author":[{"embeddable":true,"href":"https:\/\/aconteceunovale.com.br\/portal\/index.php?rest_route=\/wp\/v2\/users\/1"}],"replies":[{"embeddable":true,"href":"https:\/\/aconteceunovale.com.br\/portal\/index.php?rest_route=%2Fwp%2Fv2%2Fcomments&post=53031"}],"version-history":[{"count":0,"href":"https:\/\/aconteceunovale.com.br\/portal\/index.php?rest_route=\/wp\/v2\/posts\/53031\/revisions"}],"wp:featuredmedia":[{"embeddable":true,"href":"https:\/\/aconteceunovale.com.br\/portal\/index.php?rest_route=\/wp\/v2\/media\/53036"}],"wp:attachment":[{"href":"https:\/\/aconteceunovale.com.br\/portal\/index.php?rest_route=%2Fwp%2Fv2%2Fmedia&parent=53031"}],"wp:term":[{"taxonomy":"category","embeddable":true,"href":"https:\/\/aconteceunovale.com.br\/portal\/index.php?rest_route=%2Fwp%2Fv2%2Fcategories&post=53031"},{"taxonomy":"post_tag","embeddable":true,"href":"https:\/\/aconteceunovale.com.br\/portal\/index.php?rest_route=%2Fwp%2Fv2%2Ftags&post=53031"}],"curies":[{"name":"wp","href":"https:\/\/api.w.org\/{rel}","templated":true}]}}