{"id":52965,"date":"2015-02-17T10:30:14","date_gmt":"2015-02-17T13:30:14","guid":{"rendered":"http:\/\/aconteceunovale.com.br\/portal\/?p=52965"},"modified":"2015-02-17T10:30:14","modified_gmt":"2015-02-17T13:30:14","slug":"irmaos-gemeos-desaparecem-apos-assassinato-da-mae-em-minas-gerais","status":"publish","type":"post","link":"https:\/\/aconteceunovale.com.br\/portal\/?p=52965","title":{"rendered":"Irm\u00e3os g\u00eameos desaparecem ap\u00f3s assassinato da m\u00e3e em Minas Gerais"},"content":{"rendered":"<h4><em><strong>A mulher desapareceu na \u00faltima quinta-feira depois de se encontrar com o suposto pai dos g\u00eameos. corpo dela foi encontrado no s\u00e1bado em uma estrada no interior de SP.<\/strong><\/em><\/h4>\n<p>A Pol\u00edcia Civil est\u00e1 \u00e0 procura de dois beb\u00eas desaparecidos h\u00e1 cinco dias. A m\u00e3e deles, uma jovem de 22 anos moradora de Uberaba, na Regi\u00e3o do Tri\u00e2ngulo Mineiro, foi assassinada com um tiro na cabe\u00e7a. O corpo dela foi encontrado em uma estrada no interior de S\u00e3o Paulo. O suspeito do crime \u00e9 o suposto pai das crian\u00e7as. Os investigadores de Minas e da capital paulistas fazem buscas para prender o assassino. <\/p>\n<p>De acordo com as investiga\u00e7\u00f5es, Izabella Marquez Gianvechio saiu de casa na \u00faltima quinta-feira junto com os dois filhos g\u00eameos. Em um \u00e1udio enviado pela jovem a uma amiga, ela disse que iria se encontrar com o suposto pais das crian\u00e7as, identificado como Matusal\u00e9m Ferreira J\u00fanior, de 49 anos, mas que ningu\u00e9m poderia saber o encontro. Os dois se encontraram pr\u00f3ximo ao Parque Fernando Costa, em Uberaba. <\/p>\n<p><img decoding=\"async\" src=\"http:\/\/aconteceunovale.com.br\/portal\/wp-content\/uploads\/2015\/02\/gemeos_desaparecidos.jpg\" alt=\"\" \/><em>Pol\u00edcia ainda n\u00e3o tem pistas das duas crian\u00e7as levadas da m\u00e3e &#8211; Foto: Divulga\u00e7\u00e3o<\/em><br \/>\n<\/br><\/p>\n<p>C\u00e2meras de seguran\u00e7a do local foram analisadas pela pol\u00edcia. As imagens mostram Izabella chegando em um t\u00e1xi, conduzido por um parente dela, e em seguida a jovem entra em um Fox, cor chumbo, que estava parado nas proximidades, junto com os dois filhos. Poucos minutos depois, um homem n\u00e3o identificado entra no carro. <\/p>\n<p>Depois que foi acionada, a pol\u00edcia come\u00e7ou a fazer buscas na regi\u00e3o, mas n\u00e3o encontrou vest\u00edgios que levassem at\u00e9 as crian\u00e7as e a mulher. No s\u00e1bado, o corpo de Izabella foi encontrado em uma rodovia da cidade paulista Aramina, na divisa com Minas Gerais. A v\u00edtima estava com uma perfura\u00e7\u00e3o na cabe\u00e7a provocada por bala de fogo. <\/p>\n<p>\u00c0 princ\u00edpio, Izabella n\u00e3o tinha sido identificada. A pol\u00edcia paulista enviou fotos para investigadores mineiros que repassaram para a fam\u00edlia que fez o reconhecimento. Ainda n\u00e3o h\u00e1 pistas sobre as crian\u00e7as. Buscas foram feitas na regi\u00e3o aonde o corpo da mulher foi encontrado, mas sem sucesso. <\/p>\n<p>A delegada Carla Bueno, respons\u00e1vel pelas investiga\u00e7\u00f5es, informou que a motiva\u00e7\u00e3o do crime pode ser passional. Matusal\u00e9m, que \u00e9 casado e pai de dois filhos, teve um relacionamento extraconjugal com Izabella. Os v\u00e1rios encontros entre o casal resultou no nascimento dos irm\u00e3os g\u00eameos. <\/p>\n<p>Conforme a delegada, durante a gravidez, Matusal\u00e9m desapareceu. Por\u00e9m, depois do nascimento das crian\u00e7as, Izabella resolveu procur\u00e1-lo novamente. Para Carla Bueno, o homem pode ter se sentido pressionado e resolveu cometer o crime.<\/p>\n<p><em><strong>(Fonte: Estado de Minas)<\/strong><\/em><\/p>\n","protected":false},"excerpt":{"rendered":"<p>A mulher desapareceu na \u00faltima quinta-feira depois de se encontrar com o suposto pai dos g\u00eameos. corpo dela foi encontrado no s\u00e1bado em uma estrada no interior de SP. A Pol\u00edcia Civil est\u00e1 \u00e0 procura de dois beb\u00eas desaparecidos h\u00e1 cinco dias. A m\u00e3e deles, uma jovem de 22 anos moradora de Uberaba, na Regi\u00e3o [&hellip;]<\/p>\n","protected":false},"author":1,"featured_media":52966,"comment_status":"open","ping_status":"closed","sticky":false,"template":"","format":"standard","meta":{"amp_status":"","footnotes":""},"categories":[123],"tags":[33891,33892,33893,33894,33889,33890,220],"class_list":["post-52965","post","type-post","status-publish","format-standard","has-post-thumbnail","hentry","category-gerais","tag-carla-bueno","tag-irmaos-gemeos-desaparecem-apos-assassinato-da-mae-em-minas-gerais","tag-irmaos-gemeos-desaparecem-apos-assassinato-da-mae-em-uberaba","tag-irmaos-gemeos-desaparecem-apos-assassinato-da-mae-no-triangulo-mineiro","tag-izabella-marquez-gianvechio","tag-matusalem-ferreira-junior","tag-uberaba"],"_links":{"self":[{"href":"https:\/\/aconteceunovale.com.br\/portal\/index.php?rest_route=\/wp\/v2\/posts\/52965","targetHints":{"allow":["GET"]}}],"collection":[{"href":"https:\/\/aconteceunovale.com.br\/portal\/index.php?rest_route=\/wp\/v2\/posts"}],"about":[{"href":"https:\/\/aconteceunovale.com.br\/portal\/index.php?rest_route=\/wp\/v2\/types\/post"}],"author":[{"embeddable":true,"href":"https:\/\/aconteceunovale.com.br\/portal\/index.php?rest_route=\/wp\/v2\/users\/1"}],"replies":[{"embeddable":true,"href":"https:\/\/aconteceunovale.com.br\/portal\/index.php?rest_route=%2Fwp%2Fv2%2Fcomments&post=52965"}],"version-history":[{"count":0,"href":"https:\/\/aconteceunovale.com.br\/portal\/index.php?rest_route=\/wp\/v2\/posts\/52965\/revisions"}],"wp:featuredmedia":[{"embeddable":true,"href":"https:\/\/aconteceunovale.com.br\/portal\/index.php?rest_route=\/wp\/v2\/media\/52966"}],"wp:attachment":[{"href":"https:\/\/aconteceunovale.com.br\/portal\/index.php?rest_route=%2Fwp%2Fv2%2Fmedia&parent=52965"}],"wp:term":[{"taxonomy":"category","embeddable":true,"href":"https:\/\/aconteceunovale.com.br\/portal\/index.php?rest_route=%2Fwp%2Fv2%2Fcategories&post=52965"},{"taxonomy":"post_tag","embeddable":true,"href":"https:\/\/aconteceunovale.com.br\/portal\/index.php?rest_route=%2Fwp%2Fv2%2Ftags&post=52965"}],"curies":[{"name":"wp","href":"https:\/\/api.w.org\/{rel}","templated":true}]}}