{"id":52960,"date":"2015-02-17T09:46:46","date_gmt":"2015-02-17T12:46:46","guid":{"rendered":"http:\/\/aconteceunovale.com.br\/portal\/?p=52960"},"modified":"2015-02-17T09:47:46","modified_gmt":"2015-02-17T12:47:46","slug":"corpo-encontrado-as-margens-da-br-116-continua-sem-identificacao-no-iml-de-teofilo-otoni","status":"publish","type":"post","link":"https:\/\/aconteceunovale.com.br\/portal\/?p=52960","title":{"rendered":"Corpo encontrado \u00e0s margens da BR-116 continua sem identifica\u00e7\u00e3o no IML de Te\u00f3filo Otoni"},"content":{"rendered":"<h4><em><strong>Corpo foi encontrado na tarde dessa segunda-feira pr\u00f3ximo ao bairro S\u00e3o Diogo. Veja as caracter\u00edsticas da v\u00edtima nas imagens divulgadas.<\/strong><\/em><\/h4>\n<p>O Instituto M\u00e9dico Legal de Te\u00f3filo Otoni, no Vale do Mucuri, divulgou na manh\u00e3 desta ter\u00e7a-feira, 17 de fevereiro, fotos de algumas caracter\u00edsticas de um homem encontrado morto na tarde de ontem (16), na altura do quil\u00f4metro 280, \u00e0s margens da BR-116. <\/p>\n<p>Conforme informa\u00e7\u00f5es, a v\u00edtima do sexo masculino, apresentando mais de 24 horas de morte, n\u00e3o portava nenhum documento de identifica\u00e7\u00e3o. No momento em que foi encontrado, trajava um cal\u00e7\u00e3o cinza com listras laterais, camisa de malha azul claro com estampa na frente e um par de chinelos de cor preta. <\/p>\n<p>Ainda segundo o IML, a v\u00edtima apresentava uma fratura na cabe\u00e7a, provavelmente causada por uma paulada. O corpo passou por exame de necropsia e foi constado que a causa da morte foi um traumatismo cranioencef\u00e1lico.<\/p>\n<p>At\u00e9 a manh\u00e3 desta ter\u00e7a-feira, o corpo permanecia na geladeira do IML. As fotos abaixo mostram as tatuagens existentes no corpo, bem como uma particularidade: a jun\u00e7\u00e3o de dois dedos do p\u00e9 direito. Se voc\u00ea reconhecer a v\u00edtima, entre em contato com o IML de Te\u00f3filo Otoni atrav\u00e9s do telefone (33) 3522-2700 ou 3522-1214.<\/p>\n<p>&#8211; <a href=\"https:\/\/fbcdn-sphotos-c-a.akamaihd.net\/hphotos-ak-xpf1\/v\/t1.0-9\/10277399_1548326528785959_7933321542657150511_n.jpg?oh=02ee4dd6012cc11aa0d8d69117008d6f&#038;oe=5596355F&#038;__gda__=1431833696_d6b79f7d64deb7a0e87ff71ae0a37327\" target=\"_blank\">FOTO 1<\/a> | <a href=\"https:\/\/scontent-sea.xx.fbcdn.net\/hphotos-xpf1\/v\/t1.0-9\/10986705_1548326542119291_6459822161604868682_n.jpg?oh=f02a8e5789f23b0f4d7ee5bdb920f180&#038;oe=55897B47\" target=\"_blank\">FOTO 2<\/a> | <a href=\"https:\/\/fbcdn-sphotos-f-a.akamaihd.net\/hphotos-ak-xpa1\/v\/t1.0-9\/10934023_1548326555452623_237406853531048801_n.jpg?oh=57ea656d4e3875a85bda2e9ea4060082&#038;oe=5548504A&#038;__gda__=1432163058_fabfcf624526a612b2f3e7c555b4ba72\" target=\"_blank\">FOTO 3<\/a> | <a href=\"https:\/\/scontent-sea.xx.fbcdn.net\/hphotos-xfp1\/v\/t1.0-9\/11006428_1548326568785955_5745311343860510269_n.jpg?oh=4ca6808ab0a6652ee302765fd6468225&#038;oe=558D2CB8\" target=\"_blank\">FOTO 4<\/a> | <a href=\"https:\/\/fbcdn-sphotos-a-a.akamaihd.net\/hphotos-ak-xfa1\/v\/t1.0-9\/10423902_1548326578785954_6719904623064591635_n.jpg?oh=8c104b0f53874c2a40686772b8b10435&#038;oe=558B2E0B&#038;__gda__=1431525504_5836c97fc2b6fc1e9014530b2ff96d6c\" target=\"_blank\">FOTO 5<\/a> (Clique para abrir a foto divulgada)<\/p>\n","protected":false},"excerpt":{"rendered":"<p>Corpo foi encontrado na tarde dessa segunda-feira pr\u00f3ximo ao bairro S\u00e3o Diogo. Veja as caracter\u00edsticas da v\u00edtima nas imagens divulgadas. O Instituto M\u00e9dico Legal de Te\u00f3filo Otoni, no Vale do Mucuri, divulgou na manh\u00e3 desta ter\u00e7a-feira, 17 de fevereiro, fotos de algumas caracter\u00edsticas de um homem encontrado morto na tarde de ontem (16), na altura [&hellip;]<\/p>\n","protected":false},"author":1,"featured_media":52933,"comment_status":"open","ping_status":"closed","sticky":false,"template":"","format":"standard","meta":{"amp_status":"","footnotes":""},"categories":[122],"tags":[33886,33887,33888,33885,19432,164],"class_list":["post-52960","post","type-post","status-publish","format-standard","has-post-thumbnail","hentry","category-mucuri","tag-corpo-encontrado-as-margens-da-br-116-continua-sem-identificacao-no-iml","tag-corpo-encontrado-as-margens-da-br-116-continua-sem-identificacao-no-iml-de-teofilo-otoni","tag-fotos-do-homem-encontrado-morto-em-teofilo-otoni","tag-homem-encontrado-as-margens-da-br-116-continua-sem-identificacao-no-iml","tag-iml-de-teofilo-otoni","tag-teofilo-otoni"],"_links":{"self":[{"href":"https:\/\/aconteceunovale.com.br\/portal\/index.php?rest_route=\/wp\/v2\/posts\/52960","targetHints":{"allow":["GET"]}}],"collection":[{"href":"https:\/\/aconteceunovale.com.br\/portal\/index.php?rest_route=\/wp\/v2\/posts"}],"about":[{"href":"https:\/\/aconteceunovale.com.br\/portal\/index.php?rest_route=\/wp\/v2\/types\/post"}],"author":[{"embeddable":true,"href":"https:\/\/aconteceunovale.com.br\/portal\/index.php?rest_route=\/wp\/v2\/users\/1"}],"replies":[{"embeddable":true,"href":"https:\/\/aconteceunovale.com.br\/portal\/index.php?rest_route=%2Fwp%2Fv2%2Fcomments&post=52960"}],"version-history":[{"count":0,"href":"https:\/\/aconteceunovale.com.br\/portal\/index.php?rest_route=\/wp\/v2\/posts\/52960\/revisions"}],"wp:featuredmedia":[{"embeddable":true,"href":"https:\/\/aconteceunovale.com.br\/portal\/index.php?rest_route=\/wp\/v2\/media\/52933"}],"wp:attachment":[{"href":"https:\/\/aconteceunovale.com.br\/portal\/index.php?rest_route=%2Fwp%2Fv2%2Fmedia&parent=52960"}],"wp:term":[{"taxonomy":"category","embeddable":true,"href":"https:\/\/aconteceunovale.com.br\/portal\/index.php?rest_route=%2Fwp%2Fv2%2Fcategories&post=52960"},{"taxonomy":"post_tag","embeddable":true,"href":"https:\/\/aconteceunovale.com.br\/portal\/index.php?rest_route=%2Fwp%2Fv2%2Ftags&post=52960"}],"curies":[{"name":"wp","href":"https:\/\/api.w.org\/{rel}","templated":true}]}}