{"id":52949,"date":"2015-02-17T09:02:40","date_gmt":"2015-02-17T12:02:40","guid":{"rendered":"http:\/\/aconteceunovale.com.br\/portal\/?p=52949"},"modified":"2015-02-17T09:02:40","modified_gmt":"2015-02-17T12:02:40","slug":"tomate-se-apresenta-pela-primeira-vez-fora-do-carnaval-baiano","status":"publish","type":"post","link":"https:\/\/aconteceunovale.com.br\/portal\/?p=52949","title":{"rendered":"Tomate se apresenta pela primeira vez fora do Carnaval baiano"},"content":{"rendered":"<h4><strong><em>Com log\u00edstica cronometrada, o cantor fez cerca de tr\u00eas horas de show nesta madrugada levando o Bloco Vermes e Cia ao del\u00edrio. Tomate voltou \u00e0s pressas para Salvador onde se apresenta \u00e0 tarde no Circuito Barra Ondina.<\/em><\/strong><\/h4>\n<p>\u201cEu nunca imaginei passar sequer um dia fora do carnaval de Salvador. Estou surpreso com o que vejo. Isto aqui n\u00e3o perde em nada para nossa festa na Bahia\u201d, declarou o cantor Tomate que, com uma log\u00edstica pra l\u00e1 de apertada, conseguiu puxar o Bloco Vermes e Cia, nesta madrugada, em Muzambinho, no Sul de Minas. O cantor fez quase tr\u00eas horas de show e voltou \u00e0s pressas para Salvador, onde se apresenta \u00e0 tarde no Bloco Amanhecer, Circuito Barra Ondina.<\/p>\n<p>\u201cCara, estou arrepiado com o que vejo. Vou fazer valer minha vinda t\u00e3o corrida. Eu quero ver os vermes pulando\u201d, disparou o baiano se referindo aos foli\u00f5es do bloco. A surpresa da noite ficou para a homenagem aos 30 anos do ax\u00e9 music. Tomate relembrou grandes sucessos que marcaram as d\u00e9cadas do ritmo baiano como Lu\u00eds Caldas, Daniela Mercury e outros. <\/p>\n<p><img decoding=\"async\" src=\"http:\/\/aconteceunovale.com.br\/portal\/wp-content\/uploads\/2015\/02\/carnaval_muzambinho_tomate_2.jpg\" alt=\"\" \/><em>Baiano arrastou o bloco Vermes e Cia em Muzambinho &#8211; Foto: Joel\/Brasilera<\/em><br \/>\n<\/br><\/p>\n<p><img decoding=\"async\" src=\"http:\/\/aconteceunovale.com.br\/portal\/wp-content\/uploads\/2015\/02\/carnaval_muzambinho_tomate_1.jpg\" alt=\"\" \/><em>Baiano arrastou o bloco Vermes e Cia em Muzambinho &#8211; Foto: Joel\/Brasilera<\/em><\/p>\n","protected":false},"excerpt":{"rendered":"<p>Com log\u00edstica cronometrada, o cantor fez cerca de tr\u00eas horas de show nesta madrugada levando o Bloco Vermes e Cia ao del\u00edrio. Tomate voltou \u00e0s pressas para Salvador onde se apresenta \u00e0 tarde no Circuito Barra Ondina. \u201cEu nunca imaginei passar sequer um dia fora do carnaval de Salvador. Estou surpreso com o que vejo. [&hellip;]<\/p>\n","protected":false},"author":1,"featured_media":52951,"comment_status":"open","ping_status":"closed","sticky":false,"template":"","format":"standard","meta":{"amp_status":"","footnotes":""},"categories":[125],"tags":[33875,33815,33820,33872,31716,33819,33873,33874,8430,6531,16403,33871],"class_list":["post-52949","post","type-post","status-publish","format-standard","has-post-thumbnail","hentry","category-noticias","tag-bloco-amanhecer","tag-bloco-vermes-e-cia","tag-carnaval-2015-em-muzambinho","tag-carnaval-baiano","tag-carnaval-de-muzambinho","tag-carnaval-de-muzambinho-2015","tag-circuito-barra-ondina","tag-eu-nunca-imaginei-passar-sequer-um-dia-fora-do-carnaval-de-salvador","tag-muzambinho","tag-salvador","tag-tomate","tag-tomate-se-apresenta-pela-primeira-vez-fora-do-carnaval-baiano"],"_links":{"self":[{"href":"https:\/\/aconteceunovale.com.br\/portal\/index.php?rest_route=\/wp\/v2\/posts\/52949","targetHints":{"allow":["GET"]}}],"collection":[{"href":"https:\/\/aconteceunovale.com.br\/portal\/index.php?rest_route=\/wp\/v2\/posts"}],"about":[{"href":"https:\/\/aconteceunovale.com.br\/portal\/index.php?rest_route=\/wp\/v2\/types\/post"}],"author":[{"embeddable":true,"href":"https:\/\/aconteceunovale.com.br\/portal\/index.php?rest_route=\/wp\/v2\/users\/1"}],"replies":[{"embeddable":true,"href":"https:\/\/aconteceunovale.com.br\/portal\/index.php?rest_route=%2Fwp%2Fv2%2Fcomments&post=52949"}],"version-history":[{"count":0,"href":"https:\/\/aconteceunovale.com.br\/portal\/index.php?rest_route=\/wp\/v2\/posts\/52949\/revisions"}],"wp:featuredmedia":[{"embeddable":true,"href":"https:\/\/aconteceunovale.com.br\/portal\/index.php?rest_route=\/wp\/v2\/media\/52951"}],"wp:attachment":[{"href":"https:\/\/aconteceunovale.com.br\/portal\/index.php?rest_route=%2Fwp%2Fv2%2Fmedia&parent=52949"}],"wp:term":[{"taxonomy":"category","embeddable":true,"href":"https:\/\/aconteceunovale.com.br\/portal\/index.php?rest_route=%2Fwp%2Fv2%2Fcategories&post=52949"},{"taxonomy":"post_tag","embeddable":true,"href":"https:\/\/aconteceunovale.com.br\/portal\/index.php?rest_route=%2Fwp%2Fv2%2Ftags&post=52949"}],"curies":[{"name":"wp","href":"https:\/\/api.w.org\/{rel}","templated":true}]}}