{"id":52936,"date":"2015-02-16T22:03:09","date_gmt":"2015-02-17T01:03:09","guid":{"rendered":"http:\/\/aconteceunovale.com.br\/portal\/?p=52936"},"modified":"2015-02-16T22:03:09","modified_gmt":"2015-02-17T01:03:09","slug":"batida-entre-carro-e-caminhao-deixa-tres-mortos-no-norte-de-minas","status":"publish","type":"post","link":"https:\/\/aconteceunovale.com.br\/portal\/?p=52936","title":{"rendered":"Batida entre carro e caminh\u00e3o deixa tr\u00eas mortos no Norte de Minas"},"content":{"rendered":"<h4><em><strong>Acidente aconteceu na LMG-674, no munic\u00edpio de Ibia\u00ed. M\u00e3e, filha e esposa do condutor de um carro de passeio morreram no acidente.<\/strong><\/em><\/h4>\n<p>Tr\u00eas pessoas morreram na manh\u00e3 desta segunda-feira (16) ap\u00f3s um acidente na LMG-674, pr\u00f3ximo ao C\u00f3rrego de Extrema, no munic\u00edpio de Ibia\u00ed, no Norte de Minas Gerais. De acordo com informa\u00e7\u00f5es do Corpo de Bombeiros, uma crian\u00e7a, uma jovem e uma idosa n\u00e3o resistiram aos ferimentos depois que o carro em que estavam bateu em um caminh\u00e3o. <\/p>\n<p>O acidente aconteceu por volta das 10h30 e a suspeita \u00e9 de que a motorista tenha perdido o controle do VW Gol em uma curva da estrada. Segundo militares que atenderam a ocorr\u00eancia, nenhuma das v\u00edtimas ficou presa \u00e0s ferragens, e por isso, alguns curiosos tentaram socorr\u00ea-las por conta pr\u00f3pria. <\/p>\n<p>Um homem de 32 anos fraturou uma das pernas e foi socorrido para um Hospital de Pirapora. Um passageiro que estava no carro e o motorista do caminh\u00e3o, placas de Cora\u00e7\u00e3o de Jesus, n\u00e3o ficaram feridos.<\/p>\n<p>A per\u00edcia e o rabec\u00e3o da Pol\u00edcia Civil foram acionados, e ap\u00f3s os procedimentos de praxe, os corpos foram encaminhados para o Instituto M\u00e9dico Legal da regi\u00e3o. <\/p>\n","protected":false},"excerpt":{"rendered":"<p>Acidente aconteceu na LMG-674, no munic\u00edpio de Ibia\u00ed. M\u00e3e, filha e esposa do condutor de um carro de passeio morreram no acidente. Tr\u00eas pessoas morreram na manh\u00e3 desta segunda-feira (16) ap\u00f3s um acidente na LMG-674, pr\u00f3ximo ao C\u00f3rrego de Extrema, no munic\u00edpio de Ibia\u00ed, no Norte de Minas Gerais. De acordo com informa\u00e7\u00f5es do Corpo [&hellip;]<\/p>\n","protected":false},"author":1,"featured_media":42404,"comment_status":"open","ping_status":"closed","sticky":false,"template":"","format":"standard","meta":{"amp_status":"","footnotes":""},"categories":[1236],"tags":[33845,33847,33846,33849,33844,33843,1535,956,1801,33848,1695,254,1711,2252],"class_list":["post-52936","post","type-post","status-publish","format-standard","has-post-thumbnail","hentry","category-norte_de_minas","tag-acidente-em-ibiai","tag-acidente-perto-de-ibiai","tag-acidente-perto-do-corrego-extrema","tag-alessandro","tag-batida-entre-carro-e-caminhao-deixa-tres-mortos-em-ibiai","tag-batida-entre-carro-e-caminhao-deixa-tres-mortos-no-norte-de-minas","tag-buritizeiro","tag-contagem","tag-coracao-de-jesus","tag-corrego-extrema","tag-ibiai","tag-pirapora","tag-ponto-chique","tag-reginaldo-ferreira"],"_links":{"self":[{"href":"https:\/\/aconteceunovale.com.br\/portal\/index.php?rest_route=\/wp\/v2\/posts\/52936","targetHints":{"allow":["GET"]}}],"collection":[{"href":"https:\/\/aconteceunovale.com.br\/portal\/index.php?rest_route=\/wp\/v2\/posts"}],"about":[{"href":"https:\/\/aconteceunovale.com.br\/portal\/index.php?rest_route=\/wp\/v2\/types\/post"}],"author":[{"embeddable":true,"href":"https:\/\/aconteceunovale.com.br\/portal\/index.php?rest_route=\/wp\/v2\/users\/1"}],"replies":[{"embeddable":true,"href":"https:\/\/aconteceunovale.com.br\/portal\/index.php?rest_route=%2Fwp%2Fv2%2Fcomments&post=52936"}],"version-history":[{"count":0,"href":"https:\/\/aconteceunovale.com.br\/portal\/index.php?rest_route=\/wp\/v2\/posts\/52936\/revisions"}],"wp:featuredmedia":[{"embeddable":true,"href":"https:\/\/aconteceunovale.com.br\/portal\/index.php?rest_route=\/wp\/v2\/media\/42404"}],"wp:attachment":[{"href":"https:\/\/aconteceunovale.com.br\/portal\/index.php?rest_route=%2Fwp%2Fv2%2Fmedia&parent=52936"}],"wp:term":[{"taxonomy":"category","embeddable":true,"href":"https:\/\/aconteceunovale.com.br\/portal\/index.php?rest_route=%2Fwp%2Fv2%2Fcategories&post=52936"},{"taxonomy":"post_tag","embeddable":true,"href":"https:\/\/aconteceunovale.com.br\/portal\/index.php?rest_route=%2Fwp%2Fv2%2Ftags&post=52936"}],"curies":[{"name":"wp","href":"https:\/\/api.w.org\/{rel}","templated":true}]}}