{"id":52932,"date":"2015-02-16T21:43:47","date_gmt":"2015-02-17T00:43:47","guid":{"rendered":"http:\/\/aconteceunovale.com.br\/portal\/?p=52932"},"modified":"2015-02-16T21:45:39","modified_gmt":"2015-02-17T00:45:39","slug":"homem-e-encontrado-morto-as-margens-da-br-116-em-teofilo-otoni","status":"publish","type":"post","link":"https:\/\/aconteceunovale.com.br\/portal\/?p=52932","title":{"rendered":"Homem \u00e9 encontrado morto \u00e0s margens da BR-116 em Te\u00f3filo Otoni"},"content":{"rendered":"<h4><em><strong>Corpo foi recolhido ao IML de Te\u00f3filo Otoni e ainda n\u00e3o foi identificado. Um peda\u00e7o de madeira usado no crime foi recolhido pela Pol\u00edcia.<\/strong><\/em><\/h4>\n<p>O corpo de um homem ainda n\u00e3o identificado foi encontrado no in\u00edcio da noite desta segunda-feira, 16 de fevereiro, no quil\u00f4metro 280, \u00e0s margens da BR-116, no munic\u00edpio de Te\u00f3filo Otoni, no Vale do Mucuri. De acordo com informa\u00e7\u00f5es da Pol\u00edcia Rodovi\u00e1ria Federal (PRF), a v\u00edtima de cor morena, com cerca de 1,70 metros de altura e com uma tatuagem de um escorpi\u00e3o no lado direito, n\u00e3o portava nenhum documento.<\/p>\n<p>A Per\u00edcia T\u00e9cnica da Pol\u00edcia Civil foi acionada e ap\u00f3s os procedimentos de praxe, o corpo foi recolhido ao Instituto M\u00e9dico Legal (IML) de Te\u00f3filo Otoni. Um peda\u00e7o de madeira, utilizado no crime, foi apreendido pela Pol\u00edcia. <\/p>\n<p>Conforme informa\u00e7\u00f5es divulgadas pelo IML, foi constatado que um traumatismo cranioencef\u00e1lico foi a causa da morte. A v\u00edtima tamb\u00e9m apresentava queimaduras de segundo grau na barriga.<\/p>\n<p><img decoding=\"async\" src=\"http:\/\/aconteceunovale.com.br\/portal\/wp-content\/uploads\/2015\/02\/encontrado_morto_teo_16_2.jpg\" alt=\"\" \/><em>Corpo foi encontrado \u00e0s margens da BR-116 &#8211; Foto: Cristiano Dias \/ Inter TV<\/em><\/p>\n","protected":false},"excerpt":{"rendered":"<p>Corpo foi recolhido ao IML de Te\u00f3filo Otoni e ainda n\u00e3o foi identificado. Um peda\u00e7o de madeira usado no crime foi recolhido pela Pol\u00edcia. O corpo de um homem ainda n\u00e3o identificado foi encontrado no in\u00edcio da noite desta segunda-feira, 16 de fevereiro, no quil\u00f4metro 280, \u00e0s margens da BR-116, no munic\u00edpio de Te\u00f3filo Otoni, [&hellip;]<\/p>\n","protected":false},"author":1,"featured_media":52933,"comment_status":"open","ping_status":"closed","sticky":false,"template":"","format":"standard","meta":{"amp_status":"","footnotes":""},"categories":[122],"tags":[22461,33842,33841,164],"class_list":["post-52932","post","type-post","status-publish","format-standard","has-post-thumbnail","hentry","category-mucuri","tag-corpo-encontrado-em-teofilo-otoni","tag-corpo-encontrado-na-br-116","tag-homem-e-encontrado-morto-as-margens-da-br-116-em-teofilo-otoni","tag-teofilo-otoni"],"_links":{"self":[{"href":"https:\/\/aconteceunovale.com.br\/portal\/index.php?rest_route=\/wp\/v2\/posts\/52932","targetHints":{"allow":["GET"]}}],"collection":[{"href":"https:\/\/aconteceunovale.com.br\/portal\/index.php?rest_route=\/wp\/v2\/posts"}],"about":[{"href":"https:\/\/aconteceunovale.com.br\/portal\/index.php?rest_route=\/wp\/v2\/types\/post"}],"author":[{"embeddable":true,"href":"https:\/\/aconteceunovale.com.br\/portal\/index.php?rest_route=\/wp\/v2\/users\/1"}],"replies":[{"embeddable":true,"href":"https:\/\/aconteceunovale.com.br\/portal\/index.php?rest_route=%2Fwp%2Fv2%2Fcomments&post=52932"}],"version-history":[{"count":0,"href":"https:\/\/aconteceunovale.com.br\/portal\/index.php?rest_route=\/wp\/v2\/posts\/52932\/revisions"}],"wp:featuredmedia":[{"embeddable":true,"href":"https:\/\/aconteceunovale.com.br\/portal\/index.php?rest_route=\/wp\/v2\/media\/52933"}],"wp:attachment":[{"href":"https:\/\/aconteceunovale.com.br\/portal\/index.php?rest_route=%2Fwp%2Fv2%2Fmedia&parent=52932"}],"wp:term":[{"taxonomy":"category","embeddable":true,"href":"https:\/\/aconteceunovale.com.br\/portal\/index.php?rest_route=%2Fwp%2Fv2%2Fcategories&post=52932"},{"taxonomy":"post_tag","embeddable":true,"href":"https:\/\/aconteceunovale.com.br\/portal\/index.php?rest_route=%2Fwp%2Fv2%2Ftags&post=52932"}],"curies":[{"name":"wp","href":"https:\/\/api.w.org\/{rel}","templated":true}]}}