{"id":52922,"date":"2015-02-16T20:55:48","date_gmt":"2015-02-16T23:55:48","guid":{"rendered":"http:\/\/aconteceunovale.com.br\/portal\/?p=52922"},"modified":"2015-02-16T20:55:48","modified_gmt":"2015-02-16T23:55:48","slug":"familia-de-guanhaes-mantem-tradicao-e-amor-pelo-carnaval","status":"publish","type":"post","link":"https:\/\/aconteceunovale.com.br\/portal\/?p=52922","title":{"rendered":"Fam\u00edlia de Guanh\u00e3es mant\u00e9m tradi\u00e7\u00e3o e amor pelo Carnaval"},"content":{"rendered":"<h4><em><strong>Quatro gera\u00e7\u00f5es da fam\u00edlia Rocha j\u00e1 desfilaram na cidade. Matriarca, de 103 anos, diz ter saudades de quando dan\u00e7ava na avenida.<\/strong><\/em><\/h4>\n<p>O amor da fam\u00edlia Rocha pelo Carnaval de Guanh\u00e3es (MG) j\u00e1 ultrapassa quatro gera\u00e7\u00f5es. Pioneiros na regi\u00e3o, eles criaram uma escola de samba. Na fam\u00edlia tem passistas, e h\u00e1 quem arrisque nas batidas do tamborim. Mas o cora\u00e7\u00e3o de todos bate no mesmo ritmo; o carnavalesco.<\/p>\n<p><img decoding=\"async\" src=\"http:\/\/aconteceunovale.com.br\/portal\/wp-content\/uploads\/2015\/02\/carnaval_gh_16_2_1.jpg\" alt=\"\" \/><em>O mestre sala e a porta bandeira da fam\u00edlia Rocha desfilaram pela escola de samba \u2018Vai quem qu\u00e9\u2019 (Foto: Patr\u00edcia Belo \/ Inter TV dos Vales \/ Portal G1)<\/em><br \/>\n<\/br><\/p>\n<p>Maria Clara Rocha, de 103 anos, \u00e9 o nome que d\u00e1 in\u00edcio a esse amor da fam\u00edlia pelo carnaval. A aposentada lembra com carinho da primeira vez que saiu na avenida de Guanh\u00e3es, na ala das baianas, na ent\u00e3o escola de Samba Unidos do Guarani. A agremia\u00e7\u00e3o foi extinta h\u00e1 alguns anos e deu origem a duas outras atuais escolas do munic\u00edpio, a \u2018Al\u00f4 Guanh\u00e3es\u2019 e \u2018Vai quem qu\u00e9\u2019.<\/p>\n<p>\u201cPassei a vida na ro\u00e7a, sempre trabalhando, e na d\u00e9cada de 80, a minha fam\u00edlia e algumas outras pessoas tiveram a ideia de desfilar na avenida, e organizar uma festa de carnaval em Guanh\u00e3es. A partir da\u00ed surgiram tr\u00eas escolas de samba na cidade, e, j\u00e1 no primeiro ano, a minha escola foi a campe\u00e3. Da\u00ed para frente toda fam\u00edlia tomou gostou pela festa, e a tradi\u00e7\u00e3o at\u00e9 hoje \u00e9 mantida pelos meus netos, bisnetos e sobrinhos\u201d, recorda a aposentada.<\/p>\n<p>O costume de manter viva a tradi\u00e7\u00e3o pelo carnaval foi a heran\u00e7a que Maria Clara deixou para fam\u00edlia. Primog\u00eanita de uma casa com sete irm\u00e3os, a aposentada fez da resid\u00eancia onde morava um verdadeiro reduto de apaixonados pela festa.<\/p>\n<p><img decoding=\"async\" src=\"http:\/\/aconteceunovale.com.br\/portal\/wp-content\/uploads\/2015\/02\/carnaval_gh_16_2_2.jpg\" alt=\"\" \/><em>O amor da fam\u00edlia Rocha pelo Carnaval de Guanh\u00e3es j\u00e1 ultrapassa quatro gera\u00e7\u00f5es. Maria Clara Rocha, de 103 anos, \u00e9 a matriarca (Foto: Patr\u00edcia Belo \/ Inter TV dos Vales \/ Portal G1)<\/em><br \/>\n<\/br><\/p>\n<p>Tanto que uma de suas irm\u00e3s, a tamb\u00e9m aposentada J\u00falia Rocha, de 100 anos, seguiu os passos da pioneira Maria Clara e tamb\u00e9m tornou-se passista; e relembrou que j\u00e1 sambou com muita alegria, pelas ruas de Guanh\u00e3es.<\/p>\n<p>\u201cMe lembro como se fosse hoje, o som do primeiro enredo da escola Unidos do Guarani, no qual participei. As mem\u00f3rias s\u00e3o t\u00e3o fortes que ainda posso ouvir os batuques dos tambores pela avenida. Na ala das baianas, que era o carro chefe da fam\u00edlia, desfilei por mais de horas, com uma roupa branca, rendada, feita por amigos e parentes. Isso foi h\u00e1 uns 30 anos, mas ainda hoje fecho os olhos e consigo sentir a alegria do carnaval\u201d, reviveu J\u00falia Rocha.<\/p>\n<p>Atualmente, as irm\u00e3s est\u00e3o impossibilitadas de desfilar na avenida, mas as boas lembran\u00e7as do evento motivam os demais familiares, e especialmente dois netos de J\u00falia Rocha, a manter viva a tradi\u00e7\u00e3o de tantos anos.<\/p>\n<p>Silvane Francisca do Santos Silva, de 40 anos, e Anildo Jesus dos Santos, de 43, s\u00e3o a continuidade da fam\u00edlia Rocha na avenida de Guanh\u00e3es. Mestre Sala e Porta Bandeira da Escola de Samba \u2018Vai quem qu\u00e9 \u2019, os dois irm\u00e3os mostram que a gera\u00e7\u00e3o ainda mant\u00e9m o samba no p\u00e9.<\/p>\n<p>\u201cNossa fam\u00edlia tem uma hist\u00f3ria linda com o carnaval de Guanh\u00e3es, e desde pequenos nossa m\u00e3e nos trouxe para avenida para desfilar, e conhecer um pouco da trajet\u00f3ria da nossa v\u00f3 J\u00falia e da minha tia av\u00f3 Maria Clara. N\u00e3o foi dif\u00edcil tomar gosto pela avenida, e h\u00e1 20 anos mantemos viva a tradi\u00e7\u00e3o de desfilarmos pela escola \u2018Vai quem qu\u00e9\u2019 \u201d, contou Anildo.<\/p>\n<p>Mas nem tudo \u00e9 s\u00f3 alegria na vida da fam\u00edlia Rocha. Em novembro do ano passado, Silvane e Anildo perderam a m\u00e3e, Geralda Francisca do Santos, que por muitos anos tamb\u00e9m foi passista de carnaval na cidade. Os irm\u00e3os relatam que a dor da perda at\u00e9 os fizeram pensar em n\u00e3o sair na avenida no carnaval de 2015.<\/p>\n<p>\u201cPerdemos um tesouro, que \u00e9 a nossa m\u00e3e, e nos apresentarmos no carnaval \u00e9 reviver uma lembran\u00e7a muito forte, j\u00e1 que ela gostava muito de desfilar, e de preparar as fantasias. O carnaval \u00e9 um evento que sempre n\u00f3s trar\u00e1 boas recorda\u00e7\u00f5es\u201d, contou Silvane.<\/p>\n<p>A porta bandeira conta que foi dif\u00edcil a decis\u00e3o de retornar para avenida. \u201cEst\u00e1vamos decididos a n\u00e3o desfilar este ano, mas quando foi no meio de janeiro, uma amiga nos convenceu de que a nossa apresenta\u00e7\u00e3o na avenida seria uma homenagem a nossa m\u00e3e. Por isso decidimos encarar o desfile e representar a mem\u00f3ria dela, pelas ruas de Guanh\u00e3es\u201d, acrescentou.<\/p>\n<p><strong>Aconchego antes da folia<\/strong><\/p>\n<p>Em busca de inspira\u00e7\u00e3o, Silvane e Anildo foram at\u00e9 a casa da av\u00f3 J\u00falia e da tia av\u00f3 Maria Clara, na tarde de domingo (15), antes de ca\u00edrem na avenida do samba.<\/p>\n<p>O mestre-sala e a porta bandeira acreditam que reviver um pouco da hist\u00f3ria da fam\u00edlia, por meio de relato da tia e das av\u00f3s, \u00e9 um motivo a mais para fazer bonito na hora da apresenta\u00e7\u00e3o.<\/p>\n<p>\u201c\u00c9 aqui, o come\u00e7o de tudo. Hoje, na avenida, eu e meu irm\u00e3o somos um peda\u00e7o da fam\u00edlia, mas teremos ao longo da avenida, em outras alas, meus filhos, sobrinhos, primos, afilhados, todos de uma gera\u00e7\u00e3o da fam\u00edlia Rocha. Visitar essas duas, que por causa da velhice est\u00e3o impossibilitadas de participar ativamente do carnaval, me traz for\u00e7a, somado \u00e0 mem\u00f3ria da minha m\u00e3e, para fazer ainda melhor na noite da apresenta\u00e7\u00e3o\u201d, finalizou.<\/p>\n<p><em><strong>(Fonte: Portal G1)<\/strong><\/em><\/p>\n","protected":false},"excerpt":{"rendered":"<p>Quatro gera\u00e7\u00f5es da fam\u00edlia Rocha j\u00e1 desfilaram na cidade. Matriarca, de 103 anos, diz ter saudades de quando dan\u00e7ava na avenida. O amor da fam\u00edlia Rocha pelo Carnaval de Guanh\u00e3es (MG) j\u00e1 ultrapassa quatro gera\u00e7\u00f5es. Pioneiros na regi\u00e3o, eles criaram uma escola de samba. Na fam\u00edlia tem passistas, e h\u00e1 quem arrisque nas batidas do [&hellip;]<\/p>\n","protected":false},"author":1,"featured_media":52923,"comment_status":"open","ping_status":"closed","sticky":false,"template":"","format":"standard","meta":{"amp_status":"","footnotes":""},"categories":[121],"tags":[33834,33830,33346,5101,33829,33833,33828,33831,155,33832,33835],"class_list":["post-52922","post","type-post","status-publish","format-standard","has-post-thumbnail","hentry","category-leste","tag-alo-guanhaes","tag-amor-da-familia-rocha-pelo-carnaval-de-guanhaes","tag-carnaval-2015-em-guanhaes","tag-carnaval-de-guanhaes","tag-carnaval-de-guanhaes-2015","tag-escola-de-samba-unidos-do-guarani","tag-familia-de-guanhaes-mantem-tradicao-e-amor-pelo-carnaval","tag-familia-rocha-de-guanhaes","tag-guanhaes","tag-maria-clara-rocha","tag-vai-quem-que"],"_links":{"self":[{"href":"https:\/\/aconteceunovale.com.br\/portal\/index.php?rest_route=\/wp\/v2\/posts\/52922","targetHints":{"allow":["GET"]}}],"collection":[{"href":"https:\/\/aconteceunovale.com.br\/portal\/index.php?rest_route=\/wp\/v2\/posts"}],"about":[{"href":"https:\/\/aconteceunovale.com.br\/portal\/index.php?rest_route=\/wp\/v2\/types\/post"}],"author":[{"embeddable":true,"href":"https:\/\/aconteceunovale.com.br\/portal\/index.php?rest_route=\/wp\/v2\/users\/1"}],"replies":[{"embeddable":true,"href":"https:\/\/aconteceunovale.com.br\/portal\/index.php?rest_route=%2Fwp%2Fv2%2Fcomments&post=52922"}],"version-history":[{"count":0,"href":"https:\/\/aconteceunovale.com.br\/portal\/index.php?rest_route=\/wp\/v2\/posts\/52922\/revisions"}],"wp:featuredmedia":[{"embeddable":true,"href":"https:\/\/aconteceunovale.com.br\/portal\/index.php?rest_route=\/wp\/v2\/media\/52923"}],"wp:attachment":[{"href":"https:\/\/aconteceunovale.com.br\/portal\/index.php?rest_route=%2Fwp%2Fv2%2Fmedia&parent=52922"}],"wp:term":[{"taxonomy":"category","embeddable":true,"href":"https:\/\/aconteceunovale.com.br\/portal\/index.php?rest_route=%2Fwp%2Fv2%2Fcategories&post=52922"},{"taxonomy":"post_tag","embeddable":true,"href":"https:\/\/aconteceunovale.com.br\/portal\/index.php?rest_route=%2Fwp%2Fv2%2Ftags&post=52922"}],"curies":[{"name":"wp","href":"https:\/\/api.w.org\/{rel}","templated":true}]}}