{"id":52918,"date":"2015-02-16T20:43:16","date_gmt":"2015-02-16T23:43:16","guid":{"rendered":"http:\/\/aconteceunovale.com.br\/portal\/?p=52918"},"modified":"2015-02-16T20:43:30","modified_gmt":"2015-02-16T23:43:30","slug":"dois-homens-sao-assassinados-a-tiros-em-governador-valadares","status":"publish","type":"post","link":"https:\/\/aconteceunovale.com.br\/portal\/?p=52918","title":{"rendered":"Dois homens s\u00e3o assassinados a tiros em Governador Valadares"},"content":{"rendered":"<h4><em><strong>Crimes aconteceram nos bairros S\u00e3o Paulo e S\u00e3o Crist\u00f3v\u00e3o. V\u00edtimas tinham 25 e 33 anos.<\/strong><\/em><\/h4>\n<p>Um homem de 25 anos foi morto a tiros na manh\u00e3 desta segunda-feira (16), no Bairro S\u00e3o Paulo, em Governador Valadares (MG). De acordo com a Pol\u00edcia Militar, Lucas Campos Xavier foi atingido por cinco tiros na cabe\u00e7a e um no pesco\u00e7o. A PM acredita que o suspeito passou de carro, atirou contra o rapaz e fugiu.<\/p>\n<p>Ainda segundo a PM, o motivo do crime seria uma desaven\u00e7a entre os dois. A discuss\u00e3o aconteceu em frente a uma padaria, onde o suspeito trabalhava quando o homem de 29 anos saiu e voltou de carro, atirando cinco vezes contra a v\u00edtima, que morreu a caminho do hospital. O suspeito abandonou o carro na Avenida JK 3. O pneu estava furado e o ve\u00edculo foi removido para um p\u00e1tio credenciado.<\/p>\n<p><img decoding=\"async\" src=\"http:\/\/aconteceunovale.com.br\/portal\/wp-content\/uploads\/2015\/02\/homicidio_gv_16_2.jpg\" alt=\"\" \/><em>Homem foi atingido em frente a uma padaria (Foto: Roberto Higino \/ Caso de Pol\u00edcia)<\/em><br \/>\n<\/br><\/p>\n<p><strong>Homic\u00eddio no bairro S\u00e3o Crist\u00f3v\u00e3o<\/strong><\/p>\n<p>No Bairro S\u00e3o Crist\u00f3v\u00e3o, um homem de 33 anos foi atingido por tr\u00eas tiros e morreu nesse domingo (15). De acordo com a PM, o suspeito e os motivos do crime ainda s\u00e3o desconhecidos. O corpo de Isaac da Silva foi encaminhado ao Instituto M\u00e9dico Legal de Valadares. (G1)<\/p>\n","protected":false},"excerpt":{"rendered":"<p>Crimes aconteceram nos bairros S\u00e3o Paulo e S\u00e3o Crist\u00f3v\u00e3o. V\u00edtimas tinham 25 e 33 anos. Um homem de 25 anos foi morto a tiros na manh\u00e3 desta segunda-feira (16), no Bairro S\u00e3o Paulo, em Governador Valadares (MG). De acordo com a Pol\u00edcia Militar, Lucas Campos Xavier foi atingido por cinco tiros na cabe\u00e7a e um [&hellip;]<\/p>\n","protected":false},"author":1,"featured_media":52919,"comment_status":"open","ping_status":"closed","sticky":false,"template":"","format":"standard","meta":{"amp_status":"","footnotes":""},"categories":[121],"tags":[33827,247,8180,33825,33826],"class_list":["post-52918","post","type-post","status-publish","format-standard","has-post-thumbnail","hentry","category-leste","tag-dois-homens-sao-assassinados-a-tiros-em-governador-valadares","tag-governador-valadares","tag-homicidio-em-governador-valadares","tag-isaac-da-silva","tag-lucas-campos-xavier"],"_links":{"self":[{"href":"https:\/\/aconteceunovale.com.br\/portal\/index.php?rest_route=\/wp\/v2\/posts\/52918","targetHints":{"allow":["GET"]}}],"collection":[{"href":"https:\/\/aconteceunovale.com.br\/portal\/index.php?rest_route=\/wp\/v2\/posts"}],"about":[{"href":"https:\/\/aconteceunovale.com.br\/portal\/index.php?rest_route=\/wp\/v2\/types\/post"}],"author":[{"embeddable":true,"href":"https:\/\/aconteceunovale.com.br\/portal\/index.php?rest_route=\/wp\/v2\/users\/1"}],"replies":[{"embeddable":true,"href":"https:\/\/aconteceunovale.com.br\/portal\/index.php?rest_route=%2Fwp%2Fv2%2Fcomments&post=52918"}],"version-history":[{"count":0,"href":"https:\/\/aconteceunovale.com.br\/portal\/index.php?rest_route=\/wp\/v2\/posts\/52918\/revisions"}],"wp:featuredmedia":[{"embeddable":true,"href":"https:\/\/aconteceunovale.com.br\/portal\/index.php?rest_route=\/wp\/v2\/media\/52919"}],"wp:attachment":[{"href":"https:\/\/aconteceunovale.com.br\/portal\/index.php?rest_route=%2Fwp%2Fv2%2Fmedia&parent=52918"}],"wp:term":[{"taxonomy":"category","embeddable":true,"href":"https:\/\/aconteceunovale.com.br\/portal\/index.php?rest_route=%2Fwp%2Fv2%2Fcategories&post=52918"},{"taxonomy":"post_tag","embeddable":true,"href":"https:\/\/aconteceunovale.com.br\/portal\/index.php?rest_route=%2Fwp%2Fv2%2Ftags&post=52918"}],"curies":[{"name":"wp","href":"https:\/\/api.w.org\/{rel}","templated":true}]}}