{"id":52893,"date":"2015-02-16T20:22:04","date_gmt":"2015-02-16T23:22:04","guid":{"rendered":"http:\/\/aconteceunovale.com.br\/portal\/?p=52893"},"modified":"2015-02-16T20:30:20","modified_gmt":"2015-02-16T23:30:20","slug":"munhoz-e-mariano-apagam-o-fogo-das-fas-no-carnaval-de-minas-gerais","status":"publish","type":"post","link":"https:\/\/aconteceunovale.com.br\/portal\/?p=52893","title":{"rendered":"Munhoz e Mariano \u201capagam o fogo\u201d das f\u00e3s no Carnaval de Minas Gerais"},"content":{"rendered":"<h4><em><strong>Dupla arrastou o Bloco Vermes e Cia, em Muzambinho. F\u00e3 tomou banho com Mariano durante o show.<\/strong><\/em><\/h4>\n<p>\u201cVou apagar esse seu fogo embaixo do chuveiro\u201d levando ao p\u00e9 da letra o refr\u00e3o da atual m\u00fasica de trabalho, \u201cSeu Bombeiro\u201d, a dupla Munhoz e Mariano resolveu inovar e criar uma brincadeira pra l\u00e1 de inusitada para \u201capagar o fogo\u201d das f\u00e3s. \u201cEste \u00e9 nosso terceiro ano neste bloco. Preparamos novidades que v\u00e3o surpreender o Brasil\u201d, j\u00e1 adiantou Munhoz logo no in\u00edcio da apresenta\u00e7\u00e3o.<\/p>\n<p><img decoding=\"async\" src=\"http:\/\/aconteceunovale.com.br\/portal\/wp-content\/uploads\/2015\/02\/munhoz_e_mariano_muzambinho_13.jpg\" alt=\"\" \/><em>F\u00e3 tomou banho com Mariano, da dupla Munhoz &#038; Mariano, durante show no Carnaval de Muzambinho &#8211; Foto: Bruno Ricardo \/ Divulga\u00e7\u00e3o Brasilera Comunica\u00e7\u00e3o<\/em><br \/>\n<\/br><\/p>\n<p>Durante o show no Carnaval de Muzambinho, no Bloco Vermes &#038; Cia, o cantor Mariano convidou uma f\u00e3 no meio do p\u00fablico para tomar banho com ele no palco. Isto mesmo. Um banho em p\u00fablico e com uma f\u00e3.  A brincadeira inusitada levou o p\u00fablico ao del\u00edrio e a primeira f\u00e3 mineira que tomou banho com o gal\u00e3 sertanejo ficou empolgada com a surpresa no show.<\/p>\n<p>Mariano dan\u00e7ou e sensualizou dentro da banheira com o chuveiro ligado bem no centro do palco. \u201c\u00c9 hoje que eu apago o fogo de todas voc\u00eas do Bloco Vermes e Cia\u201d, brincou Mariano todo encharcado.<\/p>\n<p>A novidade foi inclu\u00edda no show esta semana. N\u00e3o \u00e9 a primeira vez que os cantores surpreendem os f\u00e3s com brincadeiras inusitadas.  Em 2012, Mariano usava fralda e entrava no palco em um carrinho de beb\u00ea para cantar a m\u00fasica \u201cVem Cuidar do Seu Beb\u00ea\u201d.<\/p>\n<p>Lucas Lucco, Fernando &#038; Sorocaba, Tomate e Felguk comandam a festa na segunda de Carnaval. Na ter\u00e7a, 17, encerrando as apresenta\u00e7\u00f5es no Parque da Folia, Tuma do Pagode, Homem de Lata e Projeto BPM.<\/p>\n<p><img decoding=\"async\" src=\"http:\/\/aconteceunovale.com.br\/portal\/wp-content\/uploads\/2015\/02\/munhoz_e_mariano_muzambinho_1.jpg\" alt=\"\" \/><img decoding=\"async\" src=\"http:\/\/aconteceunovale.com.br\/portal\/wp-content\/uploads\/2015\/02\/munhoz_e_mariano_muzambinho_2.jpg\" alt=\"\" \/><img decoding=\"async\" src=\"http:\/\/aconteceunovale.com.br\/portal\/wp-content\/uploads\/2015\/02\/munhoz_e_mariano_muzambinho_3.jpg\" alt=\"\" \/><img decoding=\"async\" src=\"http:\/\/aconteceunovale.com.br\/portal\/wp-content\/uploads\/2015\/02\/munhoz_e_mariano_muzambinho_4.jpg\" alt=\"\" \/><img decoding=\"async\" src=\"http:\/\/aconteceunovale.com.br\/portal\/wp-content\/uploads\/2015\/02\/munhoz_e_mariano_muzambinho_5.jpg\" alt=\"\" \/><img decoding=\"async\" src=\"http:\/\/aconteceunovale.com.br\/portal\/wp-content\/uploads\/2015\/02\/munhoz_e_mariano_muzambinho_6.jpg\" alt=\"\" \/><img decoding=\"async\" src=\"http:\/\/aconteceunovale.com.br\/portal\/wp-content\/uploads\/2015\/02\/munhoz_e_mariano_muzambinho_7.jpg\" alt=\"\" \/><img decoding=\"async\" src=\"http:\/\/aconteceunovale.com.br\/portal\/wp-content\/uploads\/2015\/02\/munhoz_e_mariano_muzambinho_8.jpg\" alt=\"\" \/><img decoding=\"async\" src=\"http:\/\/aconteceunovale.com.br\/portal\/wp-content\/uploads\/2015\/02\/munhoz_e_mariano_muzambinho_9.jpg\" alt=\"\" \/><img decoding=\"async\" src=\"http:\/\/aconteceunovale.com.br\/portal\/wp-content\/uploads\/2015\/02\/munhoz_e_mariano_muzambinho_10.jpg\" alt=\"\" \/><img decoding=\"async\" src=\"http:\/\/aconteceunovale.com.br\/portal\/wp-content\/uploads\/2015\/02\/munhoz_e_mariano_muzambinho_11.jpg\" alt=\"\" \/><img decoding=\"async\" src=\"http:\/\/aconteceunovale.com.br\/portal\/wp-content\/uploads\/2015\/02\/munhoz_e_mariano_muzambinho_12.jpg\" alt=\"\" \/><img decoding=\"async\" src=\"http:\/\/aconteceunovale.com.br\/portal\/wp-content\/uploads\/2015\/02\/munhoz_e_mariano_muzambinho_13.jpg\" alt=\"\" \/><img decoding=\"async\" src=\"http:\/\/aconteceunovale.com.br\/portal\/wp-content\/uploads\/2015\/02\/munhoz_e_mariano_muzambinho_14.jpg\" alt=\"\" \/><img decoding=\"async\" src=\"http:\/\/aconteceunovale.com.br\/portal\/wp-content\/uploads\/2015\/02\/munhoz_e_mariano_muzambinho_15.jpg\" alt=\"\" \/><img decoding=\"async\" src=\"http:\/\/aconteceunovale.com.br\/portal\/wp-content\/uploads\/2015\/02\/munhoz_e_mariano_muzambinho_16.jpg\" alt=\"\" \/><img decoding=\"async\" src=\"http:\/\/aconteceunovale.com.br\/portal\/wp-content\/uploads\/2015\/02\/munhoz_e_mariano_muzambinho_17.jpg\" alt=\"\" \/><img decoding=\"async\" src=\"http:\/\/aconteceunovale.com.br\/portal\/wp-content\/uploads\/2015\/02\/munhoz_e_mariano_muzambinho_18.jpg\" alt=\"\" \/><img decoding=\"async\" src=\"http:\/\/aconteceunovale.com.br\/portal\/wp-content\/uploads\/2015\/02\/munhoz_e_mariano_muzambinho_19.jpg\" alt=\"\" \/><img decoding=\"async\" src=\"http:\/\/aconteceunovale.com.br\/portal\/wp-content\/uploads\/2015\/02\/munhoz_e_mariano_muzambinho_20.jpg\" alt=\"\" \/><img decoding=\"async\" src=\"http:\/\/aconteceunovale.com.br\/portal\/wp-content\/uploads\/2015\/02\/munhoz_e_mariano_muzambinho_21.jpg\" alt=\"\" \/><strong><em>(Fotos: Bruno Ricardo e Arnaldo Muniz \/ Divulga\u00e7\u00e3o Brasilera Comunica\u00e7\u00e3o)<\/em><\/strong><\/p>\n","protected":false},"excerpt":{"rendered":"<p>Dupla arrastou o Bloco Vermes e Cia, em Muzambinho. F\u00e3 tomou banho com Mariano durante o show. \u201cVou apagar esse seu fogo embaixo do chuveiro\u201d levando ao p\u00e9 da letra o refr\u00e3o da atual m\u00fasica de trabalho, \u201cSeu Bombeiro\u201d, a dupla Munhoz e Mariano resolveu inovar e criar uma brincadeira pra l\u00e1 de inusitada para [&hellip;]<\/p>\n","protected":false},"author":1,"featured_media":52906,"comment_status":"open","ping_status":"closed","sticky":false,"template":"","format":"standard","meta":{"amp_status":"","footnotes":""},"categories":[123],"tags":[33814,33815,33820,31716,33819,1018,33817,33818,33821,33822,33823,33824,8430,33816,33813],"class_list":["post-52893","post","type-post","status-publish","format-standard","has-post-thumbnail","hentry","category-gerais","tag-a-dupla-que-arrastou-o-bloco-vermes-e-cia","tag-bloco-vermes-e-cia","tag-carnaval-2015-em-muzambinho","tag-carnaval-de-muzambinho","tag-carnaval-de-muzambinho-2015","tag-destaque","tag-dupla-munhoz-e-mariano","tag-munhoz-e-mariano","tag-munhoz-e-mariano-apaga-o-fogo-das-fas-no-carnaval-de-minas-gerais","tag-munhoz-e-mariano-apaga-o-fogo-das-fas-no-carnaval-de-muzambinho","tag-munhoz-e-mariano-apagam-o-fogo-das-fas-no-carnaval-de-minas-gerais","tag-munhoz-e-mariano-apagam-o-fogo-das-fas-no-carnaval-de-muzambinho","tag-muzambinho","tag-seu-bombeiro","tag-vou-apagar-esse-seu-fogo-embaixo-do-chuveiro"],"_links":{"self":[{"href":"https:\/\/aconteceunovale.com.br\/portal\/index.php?rest_route=\/wp\/v2\/posts\/52893","targetHints":{"allow":["GET"]}}],"collection":[{"href":"https:\/\/aconteceunovale.com.br\/portal\/index.php?rest_route=\/wp\/v2\/posts"}],"about":[{"href":"https:\/\/aconteceunovale.com.br\/portal\/index.php?rest_route=\/wp\/v2\/types\/post"}],"author":[{"embeddable":true,"href":"https:\/\/aconteceunovale.com.br\/portal\/index.php?rest_route=\/wp\/v2\/users\/1"}],"replies":[{"embeddable":true,"href":"https:\/\/aconteceunovale.com.br\/portal\/index.php?rest_route=%2Fwp%2Fv2%2Fcomments&post=52893"}],"version-history":[{"count":0,"href":"https:\/\/aconteceunovale.com.br\/portal\/index.php?rest_route=\/wp\/v2\/posts\/52893\/revisions"}],"wp:featuredmedia":[{"embeddable":true,"href":"https:\/\/aconteceunovale.com.br\/portal\/index.php?rest_route=\/wp\/v2\/media\/52906"}],"wp:attachment":[{"href":"https:\/\/aconteceunovale.com.br\/portal\/index.php?rest_route=%2Fwp%2Fv2%2Fmedia&parent=52893"}],"wp:term":[{"taxonomy":"category","embeddable":true,"href":"https:\/\/aconteceunovale.com.br\/portal\/index.php?rest_route=%2Fwp%2Fv2%2Fcategories&post=52893"},{"taxonomy":"post_tag","embeddable":true,"href":"https:\/\/aconteceunovale.com.br\/portal\/index.php?rest_route=%2Fwp%2Fv2%2Ftags&post=52893"}],"curies":[{"name":"wp","href":"https:\/\/api.w.org\/{rel}","templated":true}]}}