{"id":52870,"date":"2015-02-16T11:46:07","date_gmt":"2015-02-16T14:46:07","guid":{"rendered":"http:\/\/aconteceunovale.com.br\/portal\/?p=52870"},"modified":"2015-02-16T11:46:36","modified_gmt":"2015-02-16T14:46:36","slug":"motorista-fica-ferido-apos-capotamento-de-veiculo-em-itamarandiba","status":"publish","type":"post","link":"https:\/\/aconteceunovale.com.br\/portal\/?p=52870","title":{"rendered":"Motorista fica ferido ap\u00f3s capotamento de ve\u00edculo em Itamarandiba"},"content":{"rendered":"<h4><em><strong>Ve\u00edculo ficou completamente destru\u00eddo. Motorista foi socorrido pelo Samu e encaminhado ao hospital Municipal.<\/strong><\/em><\/h4>\n<p>Um homem de 32 anos ficou ferido em um acidente na tarde desse domingo, 15 de fevereiro, na MG-214, no per\u00edmetro urbano de Itamarandiba, no Vale do Jequitinhonha. De acordo com informa\u00e7\u00f5es, o Fiat Palio transitava no sentido Capelinha\/Itamarandiba, quando em uma curva, o condutor Jovani da Silva perdeu o controle da dire\u00e7\u00e3o e capotou.<\/p>\n<p>Com o impacto do acidente, o ve\u00edculo ficou completamente destru\u00eddo. O motorista foi socorrido por uma equipe do Servi\u00e7o de Atendimento M\u00f3vel de Urg\u00eancia (SAMU) e encaminhado ao Hospital Municipal para atendimento m\u00e9dico. O estado de sa\u00fade dele n\u00e3o foi divulgado, mas conforme informa\u00e7\u00f5es, no momento do socorro ele estava consciente.<\/p>\n<p><img decoding=\"async\" src=\"http:\/\/aconteceunovale.com.br\/portal\/wp-content\/uploads\/2015\/02\/acidente_ita_15_2_1.jpg\" alt=\"\" \/><img decoding=\"async\" src=\"http:\/\/aconteceunovale.com.br\/portal\/wp-content\/uploads\/2015\/02\/acidente_ita_15_2_2.jpg\" alt=\"\" \/><img decoding=\"async\" src=\"http:\/\/aconteceunovale.com.br\/portal\/wp-content\/uploads\/2015\/02\/acidente_ita_15_2_3.jpg\" alt=\"\" \/><img decoding=\"async\" src=\"http:\/\/aconteceunovale.com.br\/portal\/wp-content\/uploads\/2015\/02\/acidente_ita_15_2_4.jpg\" alt=\"\" \/><em><strong>(Fotos: Site Itamarandiba Hoje)<\/strong><\/em><\/p>\n","protected":false},"excerpt":{"rendered":"<p>Ve\u00edculo ficou completamente destru\u00eddo. Motorista foi socorrido pelo Samu e encaminhado ao hospital Municipal. Um homem de 32 anos ficou ferido em um acidente na tarde desse domingo, 15 de fevereiro, na MG-214, no per\u00edmetro urbano de Itamarandiba, no Vale do Jequitinhonha. De acordo com informa\u00e7\u00f5es, o Fiat Palio transitava no sentido Capelinha\/Itamarandiba, quando em [&hellip;]<\/p>\n","protected":false},"author":1,"featured_media":52871,"comment_status":"open","ping_status":"closed","sticky":false,"template":"","format":"standard","meta":{"amp_status":"","footnotes":""},"categories":[120],"tags":[21287,149,33798,33797],"class_list":["post-52870","post","type-post","status-publish","format-standard","has-post-thumbnail","hentry","category-jequi","tag-acidente-em-itamarandiba","tag-itamarandiba","tag-jovani-da-silva","tag-motorista-fica-ferido-apos-capotamento-de-veiculo-em-itamarandiba"],"_links":{"self":[{"href":"https:\/\/aconteceunovale.com.br\/portal\/index.php?rest_route=\/wp\/v2\/posts\/52870","targetHints":{"allow":["GET"]}}],"collection":[{"href":"https:\/\/aconteceunovale.com.br\/portal\/index.php?rest_route=\/wp\/v2\/posts"}],"about":[{"href":"https:\/\/aconteceunovale.com.br\/portal\/index.php?rest_route=\/wp\/v2\/types\/post"}],"author":[{"embeddable":true,"href":"https:\/\/aconteceunovale.com.br\/portal\/index.php?rest_route=\/wp\/v2\/users\/1"}],"replies":[{"embeddable":true,"href":"https:\/\/aconteceunovale.com.br\/portal\/index.php?rest_route=%2Fwp%2Fv2%2Fcomments&post=52870"}],"version-history":[{"count":0,"href":"https:\/\/aconteceunovale.com.br\/portal\/index.php?rest_route=\/wp\/v2\/posts\/52870\/revisions"}],"wp:featuredmedia":[{"embeddable":true,"href":"https:\/\/aconteceunovale.com.br\/portal\/index.php?rest_route=\/wp\/v2\/media\/52871"}],"wp:attachment":[{"href":"https:\/\/aconteceunovale.com.br\/portal\/index.php?rest_route=%2Fwp%2Fv2%2Fmedia&parent=52870"}],"wp:term":[{"taxonomy":"category","embeddable":true,"href":"https:\/\/aconteceunovale.com.br\/portal\/index.php?rest_route=%2Fwp%2Fv2%2Fcategories&post=52870"},{"taxonomy":"post_tag","embeddable":true,"href":"https:\/\/aconteceunovale.com.br\/portal\/index.php?rest_route=%2Fwp%2Fv2%2Ftags&post=52870"}],"curies":[{"name":"wp","href":"https:\/\/api.w.org\/{rel}","templated":true}]}}