{"id":52860,"date":"2015-02-16T10:38:35","date_gmt":"2015-02-16T13:38:35","guid":{"rendered":"http:\/\/aconteceunovale.com.br\/portal\/?p=52860"},"modified":"2015-02-16T19:46:56","modified_gmt":"2015-02-16T22:46:56","slug":"prefeito-de-santana-do-manhuacu-morre-em-acidente-na-mg-111","status":"publish","type":"post","link":"https:\/\/aconteceunovale.com.br\/portal\/?p=52860","title":{"rendered":"Prefeito de Santana do Manhua\u00e7u morre em acidente na MG-111"},"content":{"rendered":"<h4><em><strong>Jo\u00e3o do A\u00e7ougue (PTC) conduzia um carro da prefeitura quando foi atingido por um Gol. Pol\u00edtico estava no segundo mandato.<\/strong><\/em><\/h4>\n<p>Morreu na manh\u00e3 desta segunda-feira, Jo\u00e3o Batista Vieira de Assis, o Jo\u00e3o do A\u00e7ougue (PTC), prefeito da cidade de Santana do Manhua\u00e7u, na Zona da Mata. O pol\u00edtico se envolveu em um acidente pouco antes das 8h na MG-111, entre as cidades de Santana do Manhua\u00e7u e S\u00e3o Jos\u00e9 do Mantimento. <\/p>\n<p><img decoding=\"async\" src=\"http:\/\/aconteceunovale.com.br\/portal\/wp-content\/uploads\/2015\/02\/acidente_prefeito_santana_manhuacu_16_2_6.jpg\" alt=\"\" \/><em>Jo\u00e3o do A\u00e7ougue (PTC) estava no segundo mandato &#8211; Foto: Reprodu\u00e7\u00e3o<\/em><br \/>\n<\/br><\/p>\n<p>De acordo com o sargento Francisco de Assis Albuquerque Miranda, do Corpo de Bombeiros de Manhua\u00e7u, quando a viatura chegou ao local as v\u00edtimas j\u00e1 haviam sido socorridas. O prefeito foi levado para o hospital de sua cidade. \u201cPelas informa\u00e7\u00f5es do pronto-socorro, o prefeito chegou l\u00e1 e ap\u00f3s uns 10 minutos veio a falecer\u201d, explica o militar. <\/p>\n<p>Jo\u00e3o do A\u00e7ougue conduzia um Uno Mille da prefeitura de Santana do Manhua\u00e7u, que foi atingido na traseira por um Gol. De acordo com o sargento Miranda, o ve\u00edculo do prefeito foi atingido ao parar na rodovia, mas o motivo ainda n\u00e3o foi esclarecido. A suspeita \u00e9 de que ele tenha passado mal ao volante ou que tenha parado o carro para dar carona a algu\u00e9m. O condutor do outro ve\u00edculo n\u00e3o se feriu. <\/p>\n<p>Segundo a enfermeira Keila Cristina Silva Sales, do pronto-atendimento do Centro de Sa\u00fade de Santana do Manhua\u00e7u, o prefeito n\u00e3o apresentava ferimentos aparentes e provavelmente morreu por causa de les\u00f5es internas. Ela esteve com a esposa e os filhos do prefeito, que foram para o hospital assim que ele deu entrada. O corpo j\u00e1 foi liberado para a funer\u00e1ria e deve ser entregue \u00e0 fam\u00edlia no in\u00edcio da tarde. Conforme a enfermeira, o vel\u00f3rio ser\u00e1 na resid\u00eancia e o sepultamento deve acontecer na manh\u00e3 de ter\u00e7a-feira no cemit\u00e9rio municipal da cidade. <\/p>\n<p>Jo\u00e3o Batista Vieira de Assis estava em seu segundo mandato como prefeito de Santana do Manhua\u00e7u. Ele foi eleito pela primeira vez em 2008.<\/p>\n<p>Em nota, o governador de Minas Gerais, Fernando Pimentel (PT), lamentou a morte de Jo\u00e3o Batista Vieira e manifestou solidariedade aos familiares e amigos do prefeito e aos moradores de Santana do Manhua\u00e7u.<\/p>\n<p><img decoding=\"async\" src=\"http:\/\/aconteceunovale.com.br\/portal\/wp-content\/uploads\/2015\/02\/acidente_prefeito_santana_manhuacu_16_2_1.jpg\" alt=\"\" \/><img decoding=\"async\" src=\"http:\/\/aconteceunovale.com.br\/portal\/wp-content\/uploads\/2015\/02\/acidente_prefeito_santana_manhuacu_16_2_2.jpg\" alt=\"\" \/><img decoding=\"async\" src=\"http:\/\/aconteceunovale.com.br\/portal\/wp-content\/uploads\/2015\/02\/acidente_prefeito_santana_manhuacu_16_2_3.jpg\" alt=\"\" \/><img decoding=\"async\" src=\"http:\/\/aconteceunovale.com.br\/portal\/wp-content\/uploads\/2015\/02\/acidente_prefeito_santana_manhuacu_16_2_4.jpg\" alt=\"\" \/><img decoding=\"async\" src=\"http:\/\/aconteceunovale.com.br\/portal\/wp-content\/uploads\/2015\/02\/acidente_prefeito_santana_manhuacu_16_2_5.jpg\" alt=\"\" \/><em>Jo\u00e3o Batista Vieira de Assis (PTC) conduzia um carro da prefeitura quando foi atingido por um Gol ao parar na rodovia &#8211; Foto: Jailton Pereira \/ Portal Capara\u00f3<\/em><br \/>\n<\/br><\/p>\n<p><em><strong>(Fonte: Estado de Minas)<\/strong><\/em><\/p>\n","protected":false},"excerpt":{"rendered":"<p>Jo\u00e3o do A\u00e7ougue (PTC) conduzia um carro da prefeitura quando foi atingido por um Gol. Pol\u00edtico estava no segundo mandato. Morreu na manh\u00e3 desta segunda-feira, Jo\u00e3o Batista Vieira de Assis, o Jo\u00e3o do A\u00e7ougue (PTC), prefeito da cidade de Santana do Manhua\u00e7u, na Zona da Mata. O pol\u00edtico se envolveu em um acidente pouco antes [&hellip;]<\/p>\n","protected":false},"author":1,"featured_media":52861,"comment_status":"open","ping_status":"closed","sticky":false,"template":"","format":"standard","meta":{"amp_status":"","footnotes":""},"categories":[123],"tags":[33789,33784,33792,33796,33785,33795,33786,1732,33791,33788,33790,33787,33794,33783,33782,33793,4313,4690],"class_list":["post-52860","post","type-post","status-publish","format-standard","has-post-thumbnail","hentry","category-gerais","tag-acidente-com-joao-do-acougue","tag-acidente-com-prefeito-de-santana-do-manhuacu","tag-alcino-lacerda","tag-corpo-de-bombeiros-de-manhuacu","tag-fotos-do-acidente-com-prefeito-de-santana-do-manhuacu","tag-francisco-de-assis-albuquerque-miranda","tag-imagens-do-acidente-com-o-prefeito-de-santana-do-manhuacu","tag-ipanema","tag-joao-batista-vieira-de-assis","tag-joao-do-acougue","tag-morre-joao-do-acougue","tag-noticia-do-acidente-com-o-prefeito-de-santana-do-manhuacu","tag-prefeito-da-cidade-de-santana-do-manhuacu","tag-prefeito-de-santana-do-manhuacu","tag-prefeito-de-santana-do-manhuacu-morre-em-acidente-na-mg-111","tag-santa-quiteria","tag-santana-do-manhuacu","tag-sao-jose-do-mantimento"],"_links":{"self":[{"href":"https:\/\/aconteceunovale.com.br\/portal\/index.php?rest_route=\/wp\/v2\/posts\/52860","targetHints":{"allow":["GET"]}}],"collection":[{"href":"https:\/\/aconteceunovale.com.br\/portal\/index.php?rest_route=\/wp\/v2\/posts"}],"about":[{"href":"https:\/\/aconteceunovale.com.br\/portal\/index.php?rest_route=\/wp\/v2\/types\/post"}],"author":[{"embeddable":true,"href":"https:\/\/aconteceunovale.com.br\/portal\/index.php?rest_route=\/wp\/v2\/users\/1"}],"replies":[{"embeddable":true,"href":"https:\/\/aconteceunovale.com.br\/portal\/index.php?rest_route=%2Fwp%2Fv2%2Fcomments&post=52860"}],"version-history":[{"count":0,"href":"https:\/\/aconteceunovale.com.br\/portal\/index.php?rest_route=\/wp\/v2\/posts\/52860\/revisions"}],"wp:featuredmedia":[{"embeddable":true,"href":"https:\/\/aconteceunovale.com.br\/portal\/index.php?rest_route=\/wp\/v2\/media\/52861"}],"wp:attachment":[{"href":"https:\/\/aconteceunovale.com.br\/portal\/index.php?rest_route=%2Fwp%2Fv2%2Fmedia&parent=52860"}],"wp:term":[{"taxonomy":"category","embeddable":true,"href":"https:\/\/aconteceunovale.com.br\/portal\/index.php?rest_route=%2Fwp%2Fv2%2Fcategories&post=52860"},{"taxonomy":"post_tag","embeddable":true,"href":"https:\/\/aconteceunovale.com.br\/portal\/index.php?rest_route=%2Fwp%2Fv2%2Ftags&post=52860"}],"curies":[{"name":"wp","href":"https:\/\/api.w.org\/{rel}","templated":true}]}}