{"id":52801,"date":"2015-02-15T20:21:49","date_gmt":"2015-02-15T23:21:49","guid":{"rendered":"http:\/\/aconteceunovale.com.br\/portal\/?p=52801"},"modified":"2015-02-15T23:41:32","modified_gmt":"2015-02-16T02:41:32","slug":"mesmo-sem-shows-praia-de-coronel-murta-atrai-centenas-de-visitantes","status":"publish","type":"post","link":"https:\/\/aconteceunovale.com.br\/portal\/?p=52801","title":{"rendered":"Mesmo sem shows, praia de Coronel Murta atrai centenas de visitantes"},"content":{"rendered":"<h4><em><strong>Carnaval de rua foi cancelado devido \u00e0 situa\u00e7\u00e3o financeira do munic\u00edpio. Centenas de pessoas passaram pela praia \u00e0s margens do Rio Jequitinhonha neste domingo (15).<\/strong><\/em><\/h4>\n<p>Quem disse que para ter praia, precisa ter mar? Minas est\u00e1 longe do litoral, mas tem lindas praias de fluviais, e uma delas \u00e9 a praia de Coronel Murta, localizada \u00e0s margens do Rio Jequitinhonha, na regi\u00e3o de mesmo nome. A cidade \u00e9 conhecida como a &#8220;Terra do Sol&#8221;, e todos os anos atrai visitantes de toda a regi\u00e3o, principalmente na \u00e9poca de carnaval. <\/p>\n<p>Em 2015, por motivos financeiros, a Prefeitura Municipal optou por cancelar a festa de rua. Mas quem disse que isso desanimou os foli\u00f5es? Mesmo sem shows, durante todo este domingo (15), centenas de pessoas se reuniram na praia para refrescar o calor e reencontrar os amigos. <\/p>\n<p>Os visitantes podem usufruir de uma estrutura preparada para receb\u00ea-los de uma forma acolhedora e hospitaleira, como s\u00f3 os mineiros sabem. O radialista coronel-murtense Wildes Ribeiro, o Dindol da R\u00e1dio L\u00edder, registrou o movimento na praia da cidade e compartilhou com o Portal Aconteceu no Vale. Confira a galeria de fotos abaixo:<\/p>\n<p><img decoding=\"async\" src=\"http:\/\/aconteceunovale.com.br\/portal\/wp-content\/uploads\/2015\/02\/praia_coronel_murta_15_02_1.jpg\" alt=\"\" \/><img decoding=\"async\" src=\"http:\/\/aconteceunovale.com.br\/portal\/wp-content\/uploads\/2015\/02\/praia_coronel_murta_15_02_2.jpg\" alt=\"\" \/><img decoding=\"async\" src=\"http:\/\/aconteceunovale.com.br\/portal\/wp-content\/uploads\/2015\/02\/praia_coronel_murta_15_02_3.jpg\" alt=\"\" \/><img decoding=\"async\" src=\"http:\/\/aconteceunovale.com.br\/portal\/wp-content\/uploads\/2015\/02\/praia_coronel_murta_15_02_4.jpg\" alt=\"\" \/><img decoding=\"async\" src=\"http:\/\/aconteceunovale.com.br\/portal\/wp-content\/uploads\/2015\/02\/praia_coronel_murta_15_02_5.jpg\" alt=\"\" \/><img decoding=\"async\" src=\"http:\/\/aconteceunovale.com.br\/portal\/wp-content\/uploads\/2015\/02\/praia_coronel_murta_15_02_6.jpg\" alt=\"\" \/><img decoding=\"async\" src=\"http:\/\/aconteceunovale.com.br\/portal\/wp-content\/uploads\/2015\/02\/praia_coronel_murta_15_02_7.jpg\" alt=\"\" \/><img decoding=\"async\" src=\"http:\/\/aconteceunovale.com.br\/portal\/wp-content\/uploads\/2015\/02\/praia_coronel_murta_15_02_8.jpg\" alt=\"\" \/><img decoding=\"async\" src=\"http:\/\/aconteceunovale.com.br\/portal\/wp-content\/uploads\/2015\/02\/praia_coronel_murta_15_02_9.jpg\" alt=\"\" \/><img decoding=\"async\" src=\"http:\/\/aconteceunovale.com.br\/portal\/wp-content\/uploads\/2015\/02\/praia_coronel_murta_15_02_10.jpg\" alt=\"\" \/><img decoding=\"async\" src=\"http:\/\/aconteceunovale.com.br\/portal\/wp-content\/uploads\/2015\/02\/praia_coronel_murta_15_02_11.jpg\" alt=\"\" \/><img decoding=\"async\" src=\"http:\/\/aconteceunovale.com.br\/portal\/wp-content\/uploads\/2015\/02\/praia_coronel_murta_15_02_12.jpg\" alt=\"\" \/><img decoding=\"async\" src=\"http:\/\/aconteceunovale.com.br\/portal\/wp-content\/uploads\/2015\/02\/praia_coronel_murta_15_02_13.jpg\" alt=\"\" \/><img decoding=\"async\" src=\"http:\/\/aconteceunovale.com.br\/portal\/wp-content\/uploads\/2015\/02\/praia_coronel_murta_15_02_14.jpg\" alt=\"\" \/><img decoding=\"async\" src=\"http:\/\/aconteceunovale.com.br\/portal\/wp-content\/uploads\/2015\/02\/praia_coronel_murta_15_02_15.jpg\" alt=\"\" \/><img decoding=\"async\" src=\"http:\/\/aconteceunovale.com.br\/portal\/wp-content\/uploads\/2015\/02\/praia_coronel_murta_15_02_16.jpg\" alt=\"\" \/><img decoding=\"async\" src=\"http:\/\/aconteceunovale.com.br\/portal\/wp-content\/uploads\/2015\/02\/praia_coronel_murta_15_02_17.jpg\" alt=\"\" \/><img decoding=\"async\" src=\"http:\/\/aconteceunovale.com.br\/portal\/wp-content\/uploads\/2015\/02\/praia_coronel_murta_15_02_18.jpg\" alt=\"\" \/><img decoding=\"async\" src=\"http:\/\/aconteceunovale.com.br\/portal\/wp-content\/uploads\/2015\/02\/praia_coronel_murta_15_02_19.jpg\" alt=\"\" \/><img decoding=\"async\" src=\"http:\/\/aconteceunovale.com.br\/portal\/wp-content\/uploads\/2015\/02\/praia_coronel_murta_15_02_20.jpg\" alt=\"\" \/><img decoding=\"async\" src=\"http:\/\/aconteceunovale.com.br\/portal\/wp-content\/uploads\/2015\/02\/praia_coronel_murta_15_02_21.jpg\" alt=\"\" \/><img decoding=\"async\" src=\"http:\/\/aconteceunovale.com.br\/portal\/wp-content\/uploads\/2015\/02\/praia_coronel_murta_15_02_22.jpg\" alt=\"\" \/><img decoding=\"async\" src=\"http:\/\/aconteceunovale.com.br\/portal\/wp-content\/uploads\/2015\/02\/praia_coronel_murta_15_02_23.jpg\" alt=\"\" \/><img decoding=\"async\" src=\"http:\/\/aconteceunovale.com.br\/portal\/wp-content\/uploads\/2015\/02\/praia_coronel_murta_15_02_24.jpg\" alt=\"\" \/><img decoding=\"async\" src=\"http:\/\/aconteceunovale.com.br\/portal\/wp-content\/uploads\/2015\/02\/praia_coronel_murta_15_02_26.jpg\" alt=\"\" \/><img decoding=\"async\" src=\"http:\/\/aconteceunovale.com.br\/portal\/wp-content\/uploads\/2015\/02\/praia_coronel_murta_15_02_27.jpg\" alt=\"\" \/><img decoding=\"async\" src=\"http:\/\/aconteceunovale.com.br\/portal\/wp-content\/uploads\/2015\/02\/praia_coronel_murta_15_02_28.jpg\" alt=\"\" \/><em><strong>(Fotos: Rep\u00f3rter Dindol da R\u00e1dio L\u00edder)<\/strong><\/em><\/p>\n","protected":false},"excerpt":{"rendered":"<p>Carnaval de rua foi cancelado devido \u00e0 situa\u00e7\u00e3o financeira do munic\u00edpio. Centenas de pessoas passaram pela praia \u00e0s margens do Rio Jequitinhonha neste domingo (15). Quem disse que para ter praia, precisa ter mar? Minas est\u00e1 longe do litoral, mas tem lindas praias de fluviais, e uma delas \u00e9 a praia de Coronel Murta, localizada [&hellip;]<\/p>\n","protected":false},"author":1,"featured_media":52802,"comment_status":"open","ping_status":"closed","sticky":false,"template":"","format":"standard","meta":{"amp_status":"","footnotes":""},"categories":[120],"tags":[33541,4667,33761,483,33540,33760],"class_list":["post-52801","post","type-post","status-publish","format-standard","has-post-thumbnail","hentry","category-jequi","tag-carnaval-2015-em-coronel-murta","tag-carnaval-de-coronel-murta","tag-carnaval-de-coronel-murta-2015","tag-coronel-murta","tag-praia-de-coronel-murta","tag-praia-de-coronel-murta-atrai-centenas-de-visitantes"],"_links":{"self":[{"href":"https:\/\/aconteceunovale.com.br\/portal\/index.php?rest_route=\/wp\/v2\/posts\/52801","targetHints":{"allow":["GET"]}}],"collection":[{"href":"https:\/\/aconteceunovale.com.br\/portal\/index.php?rest_route=\/wp\/v2\/posts"}],"about":[{"href":"https:\/\/aconteceunovale.com.br\/portal\/index.php?rest_route=\/wp\/v2\/types\/post"}],"author":[{"embeddable":true,"href":"https:\/\/aconteceunovale.com.br\/portal\/index.php?rest_route=\/wp\/v2\/users\/1"}],"replies":[{"embeddable":true,"href":"https:\/\/aconteceunovale.com.br\/portal\/index.php?rest_route=%2Fwp%2Fv2%2Fcomments&post=52801"}],"version-history":[{"count":0,"href":"https:\/\/aconteceunovale.com.br\/portal\/index.php?rest_route=\/wp\/v2\/posts\/52801\/revisions"}],"wp:featuredmedia":[{"embeddable":true,"href":"https:\/\/aconteceunovale.com.br\/portal\/index.php?rest_route=\/wp\/v2\/media\/52802"}],"wp:attachment":[{"href":"https:\/\/aconteceunovale.com.br\/portal\/index.php?rest_route=%2Fwp%2Fv2%2Fmedia&parent=52801"}],"wp:term":[{"taxonomy":"category","embeddable":true,"href":"https:\/\/aconteceunovale.com.br\/portal\/index.php?rest_route=%2Fwp%2Fv2%2Fcategories&post=52801"},{"taxonomy":"post_tag","embeddable":true,"href":"https:\/\/aconteceunovale.com.br\/portal\/index.php?rest_route=%2Fwp%2Fv2%2Ftags&post=52801"}],"curies":[{"name":"wp","href":"https:\/\/api.w.org\/{rel}","templated":true}]}}