{"id":52796,"date":"2015-02-15T19:45:28","date_gmt":"2015-02-15T22:45:28","guid":{"rendered":"http:\/\/aconteceunovale.com.br\/portal\/?p=52796"},"modified":"2015-02-15T19:45:28","modified_gmt":"2015-02-15T22:45:28","slug":"carnaval-de-curvelo-atrai-familias-que-buscam-tranquilidade-durante-a-folia","status":"publish","type":"post","link":"https:\/\/aconteceunovale.com.br\/portal\/?p=52796","title":{"rendered":"Carnaval de Curvelo atrai fam\u00edlias que buscam tranquilidade durante a folia"},"content":{"rendered":"<h4><em><strong>Advogada deixou o Carnaval do Rio de Janeiro para curtir a festa em Minas. Clima de paz e alegria atrai tamb\u00e9m jovens de outras cidades.<\/strong><\/em><\/h4>\n<p>O segundo dia de folia no Carnaval de Curvelo foi marcado pela mistura de ritmos entoados pela banda T\u00f4 de Cara, participante do programa SuperStar da Rede Globo, e Derik Caio, da vizinha Inimutaba. A festa ainda n\u00e3o \u00e9 tradicional na cidade, mas este j\u00e1 \u00e9 o segundo ano consecutivo que o Carnaval \u00e9 realizado em circuito fechado, na Pra\u00e7a Central do Brasil. Por isso, muitas fam\u00edlias participaram da folia neste s\u00e1bado (14).<\/p>\n<p><img decoding=\"async\" src=\"http:\/\/aconteceunovale.com.br\/portal\/wp-content\/uploads\/2015\/02\/carnaval_curvelo_15_2_1.jpg\" alt=\"\" \/><em>Banda T\u00f4 de Cara e Derik Caio comandaram o segundo dia de folia (Foto: P\u00e1gina Canal Informe)<\/em><br \/>\n<\/br><\/p>\n<p>A fama de cidade acolhedora, que realiza festas voltadas para a paz e alegria, atraiu foli\u00f5es de v\u00e1rias partes do pa\u00eds.  \u00c9 o caso da advogada Patr\u00edcia Perdig\u00e3o, que largou o Carnaval do Rio de Janeiro para curtir a festa em Curvelo com a fam\u00edlia. \u201cAqui podemos participar da festa sem nos preocupar com tumultos encontrados em cidades maiores\u201d, afirma.<\/p>\n<p>O mesmo aconteceu com a fam\u00edlia da assistente jur\u00eddica J\u00fania Braga. Pela segunda vez, saiu de Sarzedo, na Grande BH, para participar da festa em Curvelo e n\u00e3o se arrependeu da viagem. \u201cJ\u00e1 valeu a pena. Com certeza vou voltar outras vezes. Carnaval de Curvelo \u00e9 mais fam\u00edlia. Este ano est\u00e1 melhor que o ano passado e creio que o ano que vem vai estar ainda melhor\u201d, diz a assistente.<\/p>\n<p><img decoding=\"async\" src=\"http:\/\/aconteceunovale.com.br\/portal\/wp-content\/uploads\/2015\/02\/carnaval_curvelo_15_2_2.jpg\" alt=\"\" \/><em>Fam\u00edlia deixou o Rio de Janeiro para curtir o Carnaval de Curvelo (Foto: Valdivan Veloso\/G1)<\/em><br \/>\n<\/br><\/p>\n<p>Mas a festa atrai tamb\u00e9m jovens que querem se divertir de forma mais tranquila. Com cabelos pintados especialmente para o Carnaval, um grupo de amigos veio de Belo Horizonte. \u201cPintamos o cabelo de vermelho s\u00f3 para o Carnaval. Vamos festejar muito ainda. O Carnaval de Curvelo \u00e9 muito bom\u201d, afirma o motorista Fernando Gomes.<\/p>\n<p>Dan\u00e7ar, pular e cantar. Foi com esta anima\u00e7\u00e3o que a estudante Ivana Gomes foi at\u00e9 a folia.  \u201cN\u00e3o parei nenhum segundo. Estou adorando a festa hoje. Espero que os outros dias estejam ainda melhores\u201d.<\/p>\n<p>O n\u00famero de pessoas que participaram nos dois primeiros dias do Carnaval de Curvelo agradou a organiza\u00e7\u00e3o do evento, que espera um total de 60 mil pessoas nos cinco dias de folia. \u201cCom a vibra\u00e7\u00e3o que as pessoas da cidade t\u00eam recebido o Carnaval, acredito que a folia s\u00f3 tem a crescer aqui. Espero que consigamos tornar a cidade de Curvelo a capital do Carnaval em Minas\u201d, diz Glauco Santos.<\/p>\n<p><img decoding=\"async\" src=\"http:\/\/aconteceunovale.com.br\/portal\/wp-content\/uploads\/2015\/02\/carnaval_curvelo_15_2_3.jpg\" alt=\"\" \/><em>Grupo de amigos fizeram quest\u00e3o de pintar os cabelos para o Carnaval (Foto: Valdivan Veloso\/G1)<\/em><br \/>\n<\/br><\/p>\n<p><em><strong>(Fonte: Inter TV Grande Minas \/ G1)<\/strong><\/em><\/p>\n","protected":false},"excerpt":{"rendered":"<p>Advogada deixou o Carnaval do Rio de Janeiro para curtir a festa em Minas. Clima de paz e alegria atrai tamb\u00e9m jovens de outras cidades. O segundo dia de folia no Carnaval de Curvelo foi marcado pela mistura de ritmos entoados pela banda T\u00f4 de Cara, participante do programa SuperStar da Rede Globo, e Derik [&hellip;]<\/p>\n","protected":false},"author":1,"featured_media":52797,"comment_status":"open","ping_status":"closed","sticky":false,"template":"","format":"standard","meta":{"amp_status":"","footnotes":""},"categories":[123],"tags":[33752,33754,33751,5109,33750,33749,197,33756,33759,12060,33758,33757,33753,33755],"class_list":["post-52796","post","type-post","status-publish","format-standard","has-post-thumbnail","hentry","category-gerais","tag-advogada-patricia-perdigao","tag-banda-to-de-cara","tag-carnaval-2015-em-curvelo","tag-carnaval-de-curvelo","tag-carnaval-de-curvelo-2015","tag-carnaval-de-curvelo-atrai-familias-que-buscam-tranquilidade-durante-a-folia","tag-curvelo","tag-derik-caio","tag-glauco-santos","tag-inimutaba","tag-ivana-gomes","tag-junia-braga","tag-patricia-perdigao","tag-superstar-da-rede-globo"],"_links":{"self":[{"href":"https:\/\/aconteceunovale.com.br\/portal\/index.php?rest_route=\/wp\/v2\/posts\/52796","targetHints":{"allow":["GET"]}}],"collection":[{"href":"https:\/\/aconteceunovale.com.br\/portal\/index.php?rest_route=\/wp\/v2\/posts"}],"about":[{"href":"https:\/\/aconteceunovale.com.br\/portal\/index.php?rest_route=\/wp\/v2\/types\/post"}],"author":[{"embeddable":true,"href":"https:\/\/aconteceunovale.com.br\/portal\/index.php?rest_route=\/wp\/v2\/users\/1"}],"replies":[{"embeddable":true,"href":"https:\/\/aconteceunovale.com.br\/portal\/index.php?rest_route=%2Fwp%2Fv2%2Fcomments&post=52796"}],"version-history":[{"count":0,"href":"https:\/\/aconteceunovale.com.br\/portal\/index.php?rest_route=\/wp\/v2\/posts\/52796\/revisions"}],"wp:featuredmedia":[{"embeddable":true,"href":"https:\/\/aconteceunovale.com.br\/portal\/index.php?rest_route=\/wp\/v2\/media\/52797"}],"wp:attachment":[{"href":"https:\/\/aconteceunovale.com.br\/portal\/index.php?rest_route=%2Fwp%2Fv2%2Fmedia&parent=52796"}],"wp:term":[{"taxonomy":"category","embeddable":true,"href":"https:\/\/aconteceunovale.com.br\/portal\/index.php?rest_route=%2Fwp%2Fv2%2Fcategories&post=52796"},{"taxonomy":"post_tag","embeddable":true,"href":"https:\/\/aconteceunovale.com.br\/portal\/index.php?rest_route=%2Fwp%2Fv2%2Ftags&post=52796"}],"curies":[{"name":"wp","href":"https:\/\/api.w.org\/{rel}","templated":true}]}}