{"id":52761,"date":"2015-02-15T13:02:52","date_gmt":"2015-02-15T16:02:52","guid":{"rendered":"http:\/\/aconteceunovale.com.br\/portal\/?p=52761"},"modified":"2015-02-15T13:02:52","modified_gmt":"2015-02-15T16:02:52","slug":"clientes-e-proprietario-de-mercearia-sao-assaltados-no-municipio-de-acucena","status":"publish","type":"post","link":"https:\/\/aconteceunovale.com.br\/portal\/?p=52761","title":{"rendered":"Clientes e propriet\u00e1rio de mercearia s\u00e3o assaltados no munic\u00edpio de A\u00e7ucena"},"content":{"rendered":"<h4><em><strong>Tr\u00eas homens praticaram o assalto. Ningu\u00e9m foi preso at\u00e9 o momento.<\/strong><\/em><\/h4>\n<p>Uma mercearia foi alvo de criminosos no in\u00edcio da noite desse s\u00e1bado, 14 de fevereiro, no distrito de Naque-Nanuque, no munic\u00edpio de A\u00e7ucena, no Leste de Minas Gerais. Conforme informa\u00e7\u00f5es da Pol\u00edcia Militar, o propriet\u00e1rio do estabelecimento localizado na Rua Salvador relatou que por volta das 18 horas, tr\u00eas indiv\u00edduos a p\u00e9 chegaram ao local e anunciaram o assalto.<\/p>\n<p>Ainda segundo a PM, do propriet\u00e1rio do estabelecimento foram subtra\u00eddos uma quantia de aproximadamente R$ 450,00 e 10 ma\u00e7os de cigarro. Os bandidos tamb\u00e9m roubaram dois clientes que estavam na mercearia. De um eles levaram uma carteira contendo CPF, Certificado de Dispensa, um cart\u00e3o de ticket de alimenta\u00e7\u00e3o e uma quantia de R$ 400,00. J\u00e1 de outro eles roubaram aproximadamente R$ 100,00.<\/p>\n<p>Conforme relatos das v\u00edtimas, durante a a\u00e7\u00e3o criminosa, os autores agrediram um adolescente de 16 anos, que trabalha no estabelecimento comercial. Ap\u00f3s o crime, eles evadiram a p\u00e9 no sentido a cidade de Naque. As v\u00edtimas informaram as caracter\u00edsticas dos autores aos policiais e logo em seguida foi iniciado intenso rastreamentos com intuito de localiza-los, por\u00e9m sem \u00eaxito at\u00e9 o final da noite.<\/p>\n<p><img decoding=\"async\" src=\"http:\/\/aconteceunovale.com.br\/portal\/wp-content\/uploads\/2015\/02\/naque_nanuque_acucena.jpg\" alt=\"\" \/><em>Crime aconteceu no distrito de Naque-Nanuque, no munic\u00edpio de A\u00e7ucena &#8211; Foto: Reprodu\u00e7\u00e3o<\/em><\/p>\n","protected":false},"excerpt":{"rendered":"<p>Tr\u00eas homens praticaram o assalto. Ningu\u00e9m foi preso at\u00e9 o momento. Uma mercearia foi alvo de criminosos no in\u00edcio da noite desse s\u00e1bado, 14 de fevereiro, no distrito de Naque-Nanuque, no munic\u00edpio de A\u00e7ucena, no Leste de Minas Gerais. Conforme informa\u00e7\u00f5es da Pol\u00edcia Militar, o propriet\u00e1rio do estabelecimento localizado na Rua Salvador relatou que por [&hellip;]<\/p>\n","protected":false},"author":1,"featured_media":52762,"comment_status":"open","ping_status":"closed","sticky":false,"template":"","format":"standard","meta":{"amp_status":"","footnotes":""},"categories":[123],"tags":[971,33704,33699,33698,33703,33702,33701,1724,33700],"class_list":["post-52761","post","type-post","status-publish","format-standard","has-post-thumbnail","hentry","category-gerais","tag-acucena","tag-assalto-na-merceria-bom-preco-em-naque-nanuque","tag-claudio-pereira-de-souza","tag-clientes-e-proprietario-de-mercearia-sao-assaltados-no-municipio-de-acucena","tag-distrito-de-naque-nanuque","tag-germano-augusto-silva","tag-jose-wilson-de-souza","tag-naque","tag-rodrigo-borges-de-lima"],"_links":{"self":[{"href":"https:\/\/aconteceunovale.com.br\/portal\/index.php?rest_route=\/wp\/v2\/posts\/52761","targetHints":{"allow":["GET"]}}],"collection":[{"href":"https:\/\/aconteceunovale.com.br\/portal\/index.php?rest_route=\/wp\/v2\/posts"}],"about":[{"href":"https:\/\/aconteceunovale.com.br\/portal\/index.php?rest_route=\/wp\/v2\/types\/post"}],"author":[{"embeddable":true,"href":"https:\/\/aconteceunovale.com.br\/portal\/index.php?rest_route=\/wp\/v2\/users\/1"}],"replies":[{"embeddable":true,"href":"https:\/\/aconteceunovale.com.br\/portal\/index.php?rest_route=%2Fwp%2Fv2%2Fcomments&post=52761"}],"version-history":[{"count":0,"href":"https:\/\/aconteceunovale.com.br\/portal\/index.php?rest_route=\/wp\/v2\/posts\/52761\/revisions"}],"wp:featuredmedia":[{"embeddable":true,"href":"https:\/\/aconteceunovale.com.br\/portal\/index.php?rest_route=\/wp\/v2\/media\/52762"}],"wp:attachment":[{"href":"https:\/\/aconteceunovale.com.br\/portal\/index.php?rest_route=%2Fwp%2Fv2%2Fmedia&parent=52761"}],"wp:term":[{"taxonomy":"category","embeddable":true,"href":"https:\/\/aconteceunovale.com.br\/portal\/index.php?rest_route=%2Fwp%2Fv2%2Fcategories&post=52761"},{"taxonomy":"post_tag","embeddable":true,"href":"https:\/\/aconteceunovale.com.br\/portal\/index.php?rest_route=%2Fwp%2Fv2%2Ftags&post=52761"}],"curies":[{"name":"wp","href":"https:\/\/api.w.org\/{rel}","templated":true}]}}