{"id":52750,"date":"2015-02-15T10:42:03","date_gmt":"2015-02-15T13:42:03","guid":{"rendered":"http:\/\/aconteceunovale.com.br\/portal\/?p=52750"},"modified":"2015-02-15T10:42:03","modified_gmt":"2015-02-15T13:42:03","slug":"ritmo-que-inovou-o-carnaval-baiano-completa-30-anos","status":"publish","type":"post","link":"https:\/\/aconteceunovale.com.br\/portal\/?p=52750","title":{"rendered":"Ritmo que inovou o carnaval baiano completa 30 anos"},"content":{"rendered":"<h4><em><strong>G\u00eanero marca o carnaval baiano e leva milh\u00f5es de foli\u00f5es \u00e0 loucura. <\/strong><\/em><\/h4>\n<p>A ax\u00e9 music chegou aos 30 anos. O g\u00eanero, que marca o carnaval baiano e leva milh\u00f5es de foli\u00f5es \u00e0 loucura, teve in\u00edcio com a m\u00fasica Fricote, de Luiz Caldas e Paulinho Camafeu, em 1985. De l\u00e1 para c\u00e1, o ritmo ganhou novos contornos a partir da mistura com outros g\u00eaneros como o sertanejo, o samba e o pagode. O movimento de aproxima\u00e7\u00e3o com diferentes fontes musicais tamb\u00e9m gerou cr\u00edticas sobre uma poss\u00edvel crise do ax\u00e9.<\/p>\n<p>Para o coordenador do curso de gradua\u00e7\u00e3o em m\u00fasica popular da Universidade Federal da Bahia (UFBA), Ivan Bastos, entretanto, isso \u00e9 um movimento natural.<\/p>\n<p>\u201cAlguns falam em crise criativa, mas eu n\u00e3o acho que \u00e9 isso. Essa mistura se d\u00e1 por conta do capitalismo. Produtores, empres\u00e1rios e artistas veem que isso d\u00e1 dinheiro e resolvem fazer. A nova tend\u00eancia d\u00e1 visibilidade ao cantor e acontece com outros estilos tamb\u00e9m.\u201d<\/p>\n<p><img decoding=\"async\" src=\"http:\/\/aconteceunovale.com.br\/portal\/wp-content\/uploads\/2015\/02\/ivete_salvador.jpg\" alt=\"\" \/><em>A rainha Ivete Sangalo agita o carnaval 2015 em Salvador &#8211; Foto: Rafael Mattei \/ P\u00e1gina Ivete Sangalo<\/em><br \/>\n<\/br><\/p>\n<p>Segundo o professor, a nova composi\u00e7\u00e3o das bandas ap\u00f3s a sa\u00edda de vocalistas que estouraram nas d\u00e9cadas de 80 e 90 e at\u00e9 nos anos 2000, como Netinho, Ivete Sangalo, Cl\u00e1udia Leitte e Bell Marques, tamb\u00e9m \u00e9 consequ\u00eancia desse ciclo natural e de interesses comerciais. \u201cAs gera\u00e7\u00f5es v\u00e3o se sucedendo e a moda tamb\u00e9m. O antigo modelo \u00e9 superado e assim surge espa\u00e7o para outros nomes\u201d, destaca.<\/p>\n<p>O professor e vice-reitor da UFBA, Paulo Miguez, especialista em carnaval, avalia que a mistura de g\u00eaneros \u00e9 positiva. De acordo com ele, o ax\u00e9 \u00e9 composto por diversas formas, como a m\u00fasica dos blocos afro, do trio el\u00e9trico e do afox\u00e9, o que representa um sinal de vitalidade do g\u00eanero. Ele destaca que \u00e9 preciso diferenciar o ax\u00e9 no sentido est\u00e9tico musical do neg\u00f3cio que o movimento gera.<\/p>\n<p>\u201cO ax\u00e9, no sentido est\u00e9tico, \u00e9 muito interessante, formado por uma mistura, e gera importante transforma\u00e7\u00e3o na cena cultural baiana. Isso \u00e9 uma coisa fant\u00e1stica. J\u00e1 o aspecto comercial \u00e9 concentrado, as oportunidades s\u00e3o poucas e o ativo fundamental desse neg\u00f3cio \u00e9 o &#8216;sistema de estrelas&#8217;, a partir do qual \u00e9 definido o valor a ser cobrado nos ingressos.\u201d<\/p>\n<p>De acordo com o cantor e compositor Luiz Caldas, considerado precursor do g\u00eanero, o ax\u00e9 vive um momento maravilhoso e as mudan\u00e7as fazem parte do novo cen\u00e1rio musical. Ele destaca que o ritmo levou Salvador para o mundo e inovou o carnaval baiano. O cantor diz tamb\u00e9m que o ax\u00e9 foi respons\u00e1vel por \u201cabrir novamente as portas\u201d da imprensa para a Bahia depois do sucesso de Caetano Veloso, Gilberto Gil, dos Novos Baianos, de A Cor do Som, entre outros.<\/p>\n<p>\u201cMuita gente diz que o ax\u00e9 music est\u00e1 em crise, mas isso \u00e9 uma crise particular, \u00e9 a crise de alguns. Eu mesmo vivo meu melhor momento musical e sou o criador do ax\u00e9 music. Hoje, olhando para tr\u00e1s e vivendo o presente, digo que \u00e9 um momento de cria\u00e7\u00e3o e celebra\u00e7\u00e3o. Vamos para a frente que vem muita gente por a\u00ed.\u201d (Ag\u00eancia Brasil)<\/p>\n","protected":false},"excerpt":{"rendered":"<p>G\u00eanero marca o carnaval baiano e leva milh\u00f5es de foli\u00f5es \u00e0 loucura. A ax\u00e9 music chegou aos 30 anos. O g\u00eanero, que marca o carnaval baiano e leva milh\u00f5es de foli\u00f5es \u00e0 loucura, teve in\u00edcio com a m\u00fasica Fricote, de Luiz Caldas e Paulinho Camafeu, em 1985. De l\u00e1 para c\u00e1, o ritmo ganhou novos [&hellip;]<\/p>\n","protected":false},"author":1,"featured_media":52751,"comment_status":"open","ping_status":"closed","sticky":false,"template":"","format":"standard","meta":{"amp_status":"","footnotes":""},"categories":[6],"tags":[33690,33691,33696,4579,33689,33686,33688,2379,2576,4108,33695,1018,33685,33692,19275,33687,33694,33693,33684],"class_list":["post-52750","post","type-post","status-publish","format-standard","has-post-thumbnail","hentry","category-br","tag-30-anos-do-axe","tag-30-anos-do-axe-music","tag-a-rainha-ivete-sangalo-agita-o-carnaval-2015-em-salvador","tag-axe","tag-axe-30-anos","tag-axe-music","tag-axe-music-30-anos","tag-bahia","tag-bell-marques","tag-carnaval","tag-claudia-leitte","tag-destaque","tag-festas","tag-ivan-bastos","tag-ivete-sangalo","tag-luiz-caldas","tag-netinho","tag-paulo-miguez","tag-ritmo-que-inovou-o-carnaval-baiano-completa-30-anos"],"yoast_head":"<!-- This site is optimized with the Yoast SEO plugin v28.3 - https:\/\/yoast.com\/product\/yoast-seo-wordpress\/ -->\n<title>Ritmo que inovou o carnaval baiano completa 30 anos - Aconteceu no Vale<\/title>\n<meta name=\"robots\" content=\"index, follow, max-snippet:-1, max-image-preview:large, max-video-preview:-1\" \/>\n<link rel=\"canonical\" href=\"https:\/\/aconteceunovale.com.br\/portal\/?p=52750\" \/>\n<meta property=\"og:locale\" content=\"pt_BR\" \/>\n<meta property=\"og:type\" content=\"article\" \/>\n<meta property=\"og:title\" content=\"Ritmo que inovou o carnaval baiano completa 30 anos - Aconteceu no Vale\" \/>\n<meta property=\"og:description\" content=\"G\u00eanero marca o carnaval baiano e leva milh\u00f5es de foli\u00f5es \u00e0 loucura. A ax\u00e9 music chegou aos 30 anos. O g\u00eanero, que marca o carnaval baiano e leva milh\u00f5es de foli\u00f5es \u00e0 loucura, teve in\u00edcio com a m\u00fasica Fricote, de Luiz Caldas e Paulinho Camafeu, em 1985. De l\u00e1 para c\u00e1, o ritmo ganhou novos [&hellip;]\" \/>\n<meta property=\"og:url\" content=\"https:\/\/aconteceunovale.com.br\/portal\/?p=52750\" \/>\n<meta property=\"og:site_name\" content=\"Aconteceu no Vale\" \/>\n<meta property=\"article:publisher\" content=\"https:\/\/www.facebook.com\/aconteceunovale\/\" \/>\n<meta property=\"article:published_time\" content=\"2015-02-15T13:42:03+00:00\" \/>\n<meta property=\"og:image\" content=\"https:\/\/aconteceunovale.com.br\/portal\/wp-content\/uploads\/2015\/02\/ivete_salvador.jpg\" \/>\n\t<meta property=\"og:image:width\" content=\"630\" \/>\n\t<meta property=\"og:image:height\" content=\"450\" \/>\n\t<meta property=\"og:image:type\" content=\"image\/jpeg\" \/>\n<meta name=\"author\" content=\"Aconteceu no Vale\" \/>\n<meta name=\"twitter:card\" content=\"summary_large_image\" \/>\n<meta name=\"twitter:creator\" content=\"@noticiadosvales\" \/>\n<meta name=\"twitter:site\" content=\"@noticiadosvales\" \/>\n<meta name=\"twitter:label1\" content=\"Escrito por\" \/>\n\t<meta name=\"twitter:data1\" content=\"Aconteceu no Vale\" \/>\n\t<meta name=\"twitter:label2\" content=\"Est. tempo de leitura\" \/>\n\t<meta name=\"twitter:data2\" content=\"3 minutos\" \/>\n<script type=\"application\/ld+json\" class=\"yoast-schema-graph\">{\"@context\":\"https:\\\/\\\/schema.org\",\"@graph\":[{\"@type\":\"Article\",\"@id\":\"https:\\\/\\\/aconteceunovale.com.br\\\/portal\\\/?p=52750#article\",\"isPartOf\":{\"@id\":\"https:\\\/\\\/aconteceunovale.com.br\\\/portal\\\/?p=52750\"},\"author\":{\"name\":\"Aconteceu no Vale\",\"@id\":\"https:\\\/\\\/aconteceunovale.com.br\\\/portal\\\/#\\\/schema\\\/person\\\/633529146f2c94272bef50ac2953d589\"},\"headline\":\"Ritmo que inovou o carnaval baiano completa 30 anos\",\"datePublished\":\"2015-02-15T13:42:03+00:00\",\"mainEntityOfPage\":{\"@id\":\"https:\\\/\\\/aconteceunovale.com.br\\\/portal\\\/?p=52750\"},\"wordCount\":549,\"commentCount\":0,\"image\":{\"@id\":\"https:\\\/\\\/aconteceunovale.com.br\\\/portal\\\/?p=52750#primaryimage\"},\"thumbnailUrl\":\"https:\\\/\\\/aconteceunovale.com.br\\\/portal\\\/wp-content\\\/uploads\\\/2015\\\/02\\\/ivete_salvador.jpg\",\"keywords\":[\"30 anos do ax\u00e9\",\"30 anos do ax\u00e9 music\",\"A rainha Ivete Sangalo agita o carnaval 2015 em Salvador\",\"ax\u00e9\",\"ax\u00e9 30 anos\",\"ax\u00e9 music\",\"ax\u00e9 music 30 anos\",\"Bahia\",\"Bell Marques\",\"Carnaval\",\"Cl\u00e1udia Leitte\",\"destaque\",\"festas\",\"Ivan Bastos\",\"Ivete Sangalo\",\"Luiz Caldas\",\"Netinho\",\"Paulo Miguez\",\"Ritmo que inovou o carnaval baiano completa 30 anos\"],\"articleSection\":[\"Brasil\"],\"inLanguage\":\"pt-BR\",\"potentialAction\":[{\"@type\":\"CommentAction\",\"name\":\"Comment\",\"target\":[\"https:\\\/\\\/aconteceunovale.com.br\\\/portal\\\/?p=52750#respond\"]}]},{\"@type\":\"WebPage\",\"@id\":\"https:\\\/\\\/aconteceunovale.com.br\\\/portal\\\/?p=52750\",\"url\":\"https:\\\/\\\/aconteceunovale.com.br\\\/portal\\\/?p=52750\",\"name\":\"Ritmo que inovou o carnaval baiano completa 30 anos - Aconteceu no Vale\",\"isPartOf\":{\"@id\":\"https:\\\/\\\/aconteceunovale.com.br\\\/portal\\\/#website\"},\"primaryImageOfPage\":{\"@id\":\"https:\\\/\\\/aconteceunovale.com.br\\\/portal\\\/?p=52750#primaryimage\"},\"image\":{\"@id\":\"https:\\\/\\\/aconteceunovale.com.br\\\/portal\\\/?p=52750#primaryimage\"},\"thumbnailUrl\":\"https:\\\/\\\/aconteceunovale.com.br\\\/portal\\\/wp-content\\\/uploads\\\/2015\\\/02\\\/ivete_salvador.jpg\",\"datePublished\":\"2015-02-15T13:42:03+00:00\",\"author\":{\"@id\":\"https:\\\/\\\/aconteceunovale.com.br\\\/portal\\\/#\\\/schema\\\/person\\\/633529146f2c94272bef50ac2953d589\"},\"breadcrumb\":{\"@id\":\"https:\\\/\\\/aconteceunovale.com.br\\\/portal\\\/?p=52750#breadcrumb\"},\"inLanguage\":\"pt-BR\",\"potentialAction\":[{\"@type\":\"ReadAction\",\"target\":[\"https:\\\/\\\/aconteceunovale.com.br\\\/portal\\\/?p=52750\"]}]},{\"@type\":\"ImageObject\",\"inLanguage\":\"pt-BR\",\"@id\":\"https:\\\/\\\/aconteceunovale.com.br\\\/portal\\\/?p=52750#primaryimage\",\"url\":\"https:\\\/\\\/aconteceunovale.com.br\\\/portal\\\/wp-content\\\/uploads\\\/2015\\\/02\\\/ivete_salvador.jpg\",\"contentUrl\":\"https:\\\/\\\/aconteceunovale.com.br\\\/portal\\\/wp-content\\\/uploads\\\/2015\\\/02\\\/ivete_salvador.jpg\",\"width\":630,\"height\":450},{\"@type\":\"BreadcrumbList\",\"@id\":\"https:\\\/\\\/aconteceunovale.com.br\\\/portal\\\/?p=52750#breadcrumb\",\"itemListElement\":[{\"@type\":\"ListItem\",\"position\":1,\"name\":\"In\u00edcio\",\"item\":\"https:\\\/\\\/aconteceunovale.com.br\\\/portal\\\/\"},{\"@type\":\"ListItem\",\"position\":2,\"name\":\"Ritmo que inovou o carnaval baiano completa 30 anos\"}]},{\"@type\":\"WebSite\",\"@id\":\"https:\\\/\\\/aconteceunovale.com.br\\\/portal\\\/#website\",\"url\":\"https:\\\/\\\/aconteceunovale.com.br\\\/portal\\\/\",\"name\":\"Aconteceu no Vale\",\"description\":\"Portal de Not\u00edcias\",\"potentialAction\":[{\"@type\":\"SearchAction\",\"target\":{\"@type\":\"EntryPoint\",\"urlTemplate\":\"https:\\\/\\\/aconteceunovale.com.br\\\/portal\\\/?s={search_term_string}\"},\"query-input\":{\"@type\":\"PropertyValueSpecification\",\"valueRequired\":true,\"valueName\":\"search_term_string\"}}],\"inLanguage\":\"pt-BR\"},{\"@type\":\"Person\",\"@id\":\"https:\\\/\\\/aconteceunovale.com.br\\\/portal\\\/#\\\/schema\\\/person\\\/633529146f2c94272bef50ac2953d589\",\"name\":\"Aconteceu no Vale\",\"description\":\"Equipe de reportagem do Aconteceu no Vale, portal de not\u00edcias do Vale do Jequitinhonha, em Minas Gerais. Cobrimos as 51 cidades do Vale desde 2013. Sugest\u00f5es de pauta e pedidos de corre\u00e7\u00e3o: contato@aconteceunovale.com.br\",\"sameAs\":[\"http:\\\/\\\/www.aconteceunovale.com.br\"],\"url\":\"https:\\\/\\\/aconteceunovale.com.br\\\/portal\\\/?author=1\"}]}<\/script>\n<!-- \/ Yoast SEO plugin. -->","yoast_head_json":{"title":"Ritmo que inovou o carnaval baiano completa 30 anos - Aconteceu no Vale","robots":{"index":"index","follow":"follow","max-snippet":"max-snippet:-1","max-image-preview":"max-image-preview:large","max-video-preview":"max-video-preview:-1"},"canonical":"https:\/\/aconteceunovale.com.br\/portal\/?p=52750","og_locale":"pt_BR","og_type":"article","og_title":"Ritmo que inovou o carnaval baiano completa 30 anos - Aconteceu no Vale","og_description":"G\u00eanero marca o carnaval baiano e leva milh\u00f5es de foli\u00f5es \u00e0 loucura. A ax\u00e9 music chegou aos 30 anos. O g\u00eanero, que marca o carnaval baiano e leva milh\u00f5es de foli\u00f5es \u00e0 loucura, teve in\u00edcio com a m\u00fasica Fricote, de Luiz Caldas e Paulinho Camafeu, em 1985. De l\u00e1 para c\u00e1, o ritmo ganhou novos [&hellip;]","og_url":"https:\/\/aconteceunovale.com.br\/portal\/?p=52750","og_site_name":"Aconteceu no Vale","article_publisher":"https:\/\/www.facebook.com\/aconteceunovale\/","article_published_time":"2015-02-15T13:42:03+00:00","og_image":[{"width":630,"height":450,"url":"https:\/\/aconteceunovale.com.br\/portal\/wp-content\/uploads\/2015\/02\/ivete_salvador.jpg","type":"image\/jpeg"}],"author":"Aconteceu no Vale","twitter_card":"summary_large_image","twitter_creator":"@noticiadosvales","twitter_site":"@noticiadosvales","twitter_misc":{"Escrito por":"Aconteceu no Vale","Est. tempo de leitura":"3 minutos"},"schema":{"@context":"https:\/\/schema.org","@graph":[{"@type":"Article","@id":"https:\/\/aconteceunovale.com.br\/portal\/?p=52750#article","isPartOf":{"@id":"https:\/\/aconteceunovale.com.br\/portal\/?p=52750"},"author":{"name":"Aconteceu no Vale","@id":"https:\/\/aconteceunovale.com.br\/portal\/#\/schema\/person\/633529146f2c94272bef50ac2953d589"},"headline":"Ritmo que inovou o carnaval baiano completa 30 anos","datePublished":"2015-02-15T13:42:03+00:00","mainEntityOfPage":{"@id":"https:\/\/aconteceunovale.com.br\/portal\/?p=52750"},"wordCount":549,"commentCount":0,"image":{"@id":"https:\/\/aconteceunovale.com.br\/portal\/?p=52750#primaryimage"},"thumbnailUrl":"https:\/\/aconteceunovale.com.br\/portal\/wp-content\/uploads\/2015\/02\/ivete_salvador.jpg","keywords":["30 anos do ax\u00e9","30 anos do ax\u00e9 music","A rainha Ivete Sangalo agita o carnaval 2015 em Salvador","ax\u00e9","ax\u00e9 30 anos","ax\u00e9 music","ax\u00e9 music 30 anos","Bahia","Bell Marques","Carnaval","Cl\u00e1udia Leitte","destaque","festas","Ivan Bastos","Ivete Sangalo","Luiz Caldas","Netinho","Paulo Miguez","Ritmo que inovou o carnaval baiano completa 30 anos"],"articleSection":["Brasil"],"inLanguage":"pt-BR","potentialAction":[{"@type":"CommentAction","name":"Comment","target":["https:\/\/aconteceunovale.com.br\/portal\/?p=52750#respond"]}]},{"@type":"WebPage","@id":"https:\/\/aconteceunovale.com.br\/portal\/?p=52750","url":"https:\/\/aconteceunovale.com.br\/portal\/?p=52750","name":"Ritmo que inovou o carnaval baiano completa 30 anos - Aconteceu no Vale","isPartOf":{"@id":"https:\/\/aconteceunovale.com.br\/portal\/#website"},"primaryImageOfPage":{"@id":"https:\/\/aconteceunovale.com.br\/portal\/?p=52750#primaryimage"},"image":{"@id":"https:\/\/aconteceunovale.com.br\/portal\/?p=52750#primaryimage"},"thumbnailUrl":"https:\/\/aconteceunovale.com.br\/portal\/wp-content\/uploads\/2015\/02\/ivete_salvador.jpg","datePublished":"2015-02-15T13:42:03+00:00","author":{"@id":"https:\/\/aconteceunovale.com.br\/portal\/#\/schema\/person\/633529146f2c94272bef50ac2953d589"},"breadcrumb":{"@id":"https:\/\/aconteceunovale.com.br\/portal\/?p=52750#breadcrumb"},"inLanguage":"pt-BR","potentialAction":[{"@type":"ReadAction","target":["https:\/\/aconteceunovale.com.br\/portal\/?p=52750"]}]},{"@type":"ImageObject","inLanguage":"pt-BR","@id":"https:\/\/aconteceunovale.com.br\/portal\/?p=52750#primaryimage","url":"https:\/\/aconteceunovale.com.br\/portal\/wp-content\/uploads\/2015\/02\/ivete_salvador.jpg","contentUrl":"https:\/\/aconteceunovale.com.br\/portal\/wp-content\/uploads\/2015\/02\/ivete_salvador.jpg","width":630,"height":450},{"@type":"BreadcrumbList","@id":"https:\/\/aconteceunovale.com.br\/portal\/?p=52750#breadcrumb","itemListElement":[{"@type":"ListItem","position":1,"name":"In\u00edcio","item":"https:\/\/aconteceunovale.com.br\/portal\/"},{"@type":"ListItem","position":2,"name":"Ritmo que inovou o carnaval baiano completa 30 anos"}]},{"@type":"WebSite","@id":"https:\/\/aconteceunovale.com.br\/portal\/#website","url":"https:\/\/aconteceunovale.com.br\/portal\/","name":"Aconteceu no Vale","description":"Portal de Not\u00edcias","potentialAction":[{"@type":"SearchAction","target":{"@type":"EntryPoint","urlTemplate":"https:\/\/aconteceunovale.com.br\/portal\/?s={search_term_string}"},"query-input":{"@type":"PropertyValueSpecification","valueRequired":true,"valueName":"search_term_string"}}],"inLanguage":"pt-BR"},{"@type":"Person","@id":"https:\/\/aconteceunovale.com.br\/portal\/#\/schema\/person\/633529146f2c94272bef50ac2953d589","name":"Aconteceu no Vale","description":"Equipe de reportagem do Aconteceu no Vale, portal de not\u00edcias do Vale do Jequitinhonha, em Minas Gerais. Cobrimos as 51 cidades do Vale desde 2013. Sugest\u00f5es de pauta e pedidos de corre\u00e7\u00e3o: contato@aconteceunovale.com.br","sameAs":["http:\/\/www.aconteceunovale.com.br"],"url":"https:\/\/aconteceunovale.com.br\/portal\/?author=1"}]}},"_links":{"self":[{"href":"https:\/\/aconteceunovale.com.br\/portal\/index.php?rest_route=\/wp\/v2\/posts\/52750","targetHints":{"allow":["GET"]}}],"collection":[{"href":"https:\/\/aconteceunovale.com.br\/portal\/index.php?rest_route=\/wp\/v2\/posts"}],"about":[{"href":"https:\/\/aconteceunovale.com.br\/portal\/index.php?rest_route=\/wp\/v2\/types\/post"}],"author":[{"embeddable":true,"href":"https:\/\/aconteceunovale.com.br\/portal\/index.php?rest_route=\/wp\/v2\/users\/1"}],"replies":[{"embeddable":true,"href":"https:\/\/aconteceunovale.com.br\/portal\/index.php?rest_route=%2Fwp%2Fv2%2Fcomments&post=52750"}],"version-history":[{"count":0,"href":"https:\/\/aconteceunovale.com.br\/portal\/index.php?rest_route=\/wp\/v2\/posts\/52750\/revisions"}],"wp:featuredmedia":[{"embeddable":true,"href":"https:\/\/aconteceunovale.com.br\/portal\/index.php?rest_route=\/wp\/v2\/media\/52751"}],"wp:attachment":[{"href":"https:\/\/aconteceunovale.com.br\/portal\/index.php?rest_route=%2Fwp%2Fv2%2Fmedia&parent=52750"}],"wp:term":[{"taxonomy":"category","embeddable":true,"href":"https:\/\/aconteceunovale.com.br\/portal\/index.php?rest_route=%2Fwp%2Fv2%2Fcategories&post=52750"},{"taxonomy":"post_tag","embeddable":true,"href":"https:\/\/aconteceunovale.com.br\/portal\/index.php?rest_route=%2Fwp%2Fv2%2Ftags&post=52750"}],"curies":[{"name":"wp","href":"https:\/\/api.w.org\/{rel}","templated":true}]}}