{"id":52748,"date":"2015-02-14T22:37:18","date_gmt":"2015-02-15T01:37:18","guid":{"rendered":"http:\/\/aconteceunovale.com.br\/portal\/?p=52748"},"modified":"2015-02-14T22:37:18","modified_gmt":"2015-02-15T01:37:18","slug":"adolescente-de-15-anos-morre-em-acidente-no-municipio-de-aracuai","status":"publish","type":"post","link":"https:\/\/aconteceunovale.com.br\/portal\/?p=52748","title":{"rendered":"Adolescente de 15 anos morre em acidente no munic\u00edpio de Ara\u00e7ua\u00ed"},"content":{"rendered":"<h4><em><strong>Batida entre carro e moto aconteceu na estrada do povoado de Baixa Quente. Motorista do carro n\u00e3o foi localizado pela Pol\u00edcia Militar.<\/strong><\/em><\/h4>\n<p>Um adolescente de 15 anos morreu em um acidente envolvendo um carro e uma moto na manh\u00e3 deste s\u00e1bado, 14 de fevereiro, na estrada do Povoado de Baixa Quente, no munic\u00edpio de Ara\u00e7ua\u00ed, no Vale do Jequitinhonha. De acordo com o registro de ocorr\u00eancias da Pol\u00edcia Militar, ap\u00f3s acionamento via 190, militares compareceram ao local e depararam com o corpo do condutor da motocicleta, Alan Luiz Ramalho, ca\u00eddo ao solo j\u00e1 sem os sinais vitais. A v\u00edtima sofreu ferimentos na cabe\u00e7a, pernas, bra\u00e7os e t\u00f3rax. <\/p>\n<p>Ainda segundo a PM, a Per\u00edcia T\u00e9cnica da Pol\u00edcia Civil foi acionada e ap\u00f3s os trabalhos de praxe, o corpo foi liberado e encaminhado para o Instituto M\u00e9dico Legal (IML) de Pedra Azul. <\/p>\n<p>O condutor do carro foi socorrido por uma equipe do Servi\u00e7o de Atendimento M\u00f3vel de Urg\u00eancia (SAMU) e encaminhado para atendimento m\u00e9dico no Hospital S\u00e3o Vicente de Paulo. Conforme a ocorr\u00eancia, ap\u00f3s o atendimento, ele saiu do hospital e at\u00e9 o in\u00edcio da noite deste s\u00e1bado, n\u00e3o foi localizado pela Pol\u00edcia Militar para falar sobre o acidente.<\/p>\n","protected":false},"excerpt":{"rendered":"<p>Batida entre carro e moto aconteceu na estrada do povoado de Baixa Quente. Motorista do carro n\u00e3o foi localizado pela Pol\u00edcia Militar. Um adolescente de 15 anos morreu em um acidente envolvendo um carro e uma moto na manh\u00e3 deste s\u00e1bado, 14 de fevereiro, na estrada do Povoado de Baixa Quente, no munic\u00edpio de Ara\u00e7ua\u00ed, [&hellip;]<\/p>\n","protected":false},"author":1,"featured_media":42404,"comment_status":"open","ping_status":"closed","sticky":false,"template":"","format":"standard","meta":{"amp_status":"","footnotes":""},"categories":[120],"tags":[33682,33680,33681,186,33683],"class_list":["post-52748","post","type-post","status-publish","format-standard","has-post-thumbnail","hentry","category-jequi","tag-acidente-na-estrada-do-povoado-de-baixa-quente","tag-adolescente-de-15-anos-morre-em-acidente-no-municipio-de-aracuai","tag-alan-luiz-ramalho","tag-aracuai","tag-batida-entre-carro-e-moto-na-estrada-do-povoado-de-baixa-quente"],"_links":{"self":[{"href":"https:\/\/aconteceunovale.com.br\/portal\/index.php?rest_route=\/wp\/v2\/posts\/52748","targetHints":{"allow":["GET"]}}],"collection":[{"href":"https:\/\/aconteceunovale.com.br\/portal\/index.php?rest_route=\/wp\/v2\/posts"}],"about":[{"href":"https:\/\/aconteceunovale.com.br\/portal\/index.php?rest_route=\/wp\/v2\/types\/post"}],"author":[{"embeddable":true,"href":"https:\/\/aconteceunovale.com.br\/portal\/index.php?rest_route=\/wp\/v2\/users\/1"}],"replies":[{"embeddable":true,"href":"https:\/\/aconteceunovale.com.br\/portal\/index.php?rest_route=%2Fwp%2Fv2%2Fcomments&post=52748"}],"version-history":[{"count":0,"href":"https:\/\/aconteceunovale.com.br\/portal\/index.php?rest_route=\/wp\/v2\/posts\/52748\/revisions"}],"wp:featuredmedia":[{"embeddable":true,"href":"https:\/\/aconteceunovale.com.br\/portal\/index.php?rest_route=\/wp\/v2\/media\/42404"}],"wp:attachment":[{"href":"https:\/\/aconteceunovale.com.br\/portal\/index.php?rest_route=%2Fwp%2Fv2%2Fmedia&parent=52748"}],"wp:term":[{"taxonomy":"category","embeddable":true,"href":"https:\/\/aconteceunovale.com.br\/portal\/index.php?rest_route=%2Fwp%2Fv2%2Fcategories&post=52748"},{"taxonomy":"post_tag","embeddable":true,"href":"https:\/\/aconteceunovale.com.br\/portal\/index.php?rest_route=%2Fwp%2Fv2%2Ftags&post=52748"}],"curies":[{"name":"wp","href":"https:\/\/api.w.org\/{rel}","templated":true}]}}