{"id":52745,"date":"2015-02-14T22:18:02","date_gmt":"2015-02-15T01:18:02","guid":{"rendered":"http:\/\/aconteceunovale.com.br\/portal\/?p=52745"},"modified":"2015-02-15T11:00:45","modified_gmt":"2015-02-15T14:00:45","slug":"policia-militar-registra-homicidios-em-janauba-e-pirapora","status":"publish","type":"post","link":"https:\/\/aconteceunovale.com.br\/portal\/?p=52745","title":{"rendered":"Pol\u00edcia Militar registra homic\u00eddios em Jana\u00faba e Pirapora"},"content":{"rendered":"<h4><em><strong>V\u00edtimas foram assassinadas a tiros. Ningu\u00e9m foi preso at\u00e9 o momento.<\/strong><\/em><\/h4>\n<p>Duas pessoas foram assassinadas na tarde deste s\u00e1bado, 14 de fevereiro, em Jana\u00faba e Pirapora, no Norte do Estado de Minas Gerais. Em Jana\u00faba, Manuelino Mendes Pereira, de 26 anos, foi encontrado morto na Rua Onorio Ant\u00f4nio de Farias, no Bairro Veredas. <\/p>\n<p>De acordo com informa\u00e7\u00f5es da Pol\u00edcia Militar, a v\u00edtima foi atingida por dois disparos de arma de fogo pelas costas, dois na cabe\u00e7a e um no pesco\u00e7o. Testemunhas disseram \u00e0 PM, que um homem em motocicleta teria passado pelo local e efetuado os disparos. At\u00e9 o momento ningu\u00e9m foi preso. Ainda segundo a PM, a v\u00edtima tem v\u00e1rias passagens por furto e amea\u00e7a.<\/p>\n<p>Outro assassinato foi registrado na cidade de Pirapora. Fabr\u00edcio Carence Alves, de 31 anos, foi atingido por disparos de arma de fogo na Rua Ari Alvim, no Bairro Bom Jesus. Segundo relatos de testemunhas, a v\u00edtima estava em um lote vago fazendo uso de bebida alco\u00f3lica com outros homens.<\/p>\n<p>Durante rastreamento, a Pol\u00edcia Militar apreendeu um menor de 17 anos, que \u00e9 suspeito do homic\u00eddio. Ele foi encontrado em um banheiro de uma quadra lavando as roupas que estavam sujas de sangue. Testemunhas informaram \u00e0 pol\u00edcia que o adolescente estava bebendo com a v\u00edtima e foi visto segurando uma arma. Ele foi encaminhado \u00e0 delegacia.<\/p>\n","protected":false},"excerpt":{"rendered":"<p>V\u00edtimas foram assassinadas a tiros. Ningu\u00e9m foi preso at\u00e9 o momento. Duas pessoas foram assassinadas na tarde deste s\u00e1bado, 14 de fevereiro, em Jana\u00faba e Pirapora, no Norte do Estado de Minas Gerais. Em Jana\u00faba, Manuelino Mendes Pereira, de 26 anos, foi encontrado morto na Rua Onorio Ant\u00f4nio de Farias, no Bairro Veredas. De acordo [&hellip;]<\/p>\n","protected":false},"author":1,"featured_media":42404,"comment_status":"open","ping_status":"closed","sticky":false,"template":"","format":"standard","meta":{"amp_status":"","footnotes":""},"categories":[1236],"tags":[33677,204,33678,254,33676],"class_list":["post-52745","post","type-post","status-publish","format-standard","has-post-thumbnail","hentry","category-norte_de_minas","tag-fabricio-carence-alves","tag-janauba","tag-manuelino-mendes-pereira","tag-pirapora","tag-policia-militar-registra-homicidios-em-janauba-e-pirapora"],"yoast_head":"<!-- This site is optimized with the Yoast SEO plugin v28.3 - https:\/\/yoast.com\/product\/yoast-seo-wordpress\/ -->\n<title>Pol\u00edcia Militar registra homic\u00eddios em Jana\u00faba e Pirapora - Aconteceu no Vale<\/title>\n<meta name=\"robots\" content=\"index, follow, max-snippet:-1, max-image-preview:large, max-video-preview:-1\" \/>\n<link rel=\"canonical\" href=\"https:\/\/aconteceunovale.com.br\/portal\/?p=52745\" \/>\n<meta property=\"og:locale\" content=\"pt_BR\" \/>\n<meta property=\"og:type\" content=\"article\" \/>\n<meta property=\"og:title\" content=\"Pol\u00edcia Militar registra homic\u00eddios em Jana\u00faba e Pirapora - Aconteceu no Vale\" \/>\n<meta property=\"og:description\" content=\"V\u00edtimas foram assassinadas a tiros. Ningu\u00e9m foi preso at\u00e9 o momento. Duas pessoas foram assassinadas na tarde deste s\u00e1bado, 14 de fevereiro, em Jana\u00faba e Pirapora, no Norte do Estado de Minas Gerais. Em Jana\u00faba, Manuelino Mendes Pereira, de 26 anos, foi encontrado morto na Rua Onorio Ant\u00f4nio de Farias, no Bairro Veredas. De acordo [&hellip;]\" \/>\n<meta property=\"og:url\" content=\"https:\/\/aconteceunovale.com.br\/portal\/?p=52745\" \/>\n<meta property=\"og:site_name\" content=\"Aconteceu no Vale\" \/>\n<meta property=\"article:publisher\" content=\"https:\/\/www.facebook.com\/aconteceunovale\/\" \/>\n<meta property=\"article:published_time\" content=\"2015-02-15T01:18:02+00:00\" \/>\n<meta property=\"article:modified_time\" content=\"2015-02-15T14:00:45+00:00\" \/>\n<meta property=\"og:image\" content=\"https:\/\/aconteceunovale.com.br\/portal\/wp-content\/uploads\/2014\/10\/plantao_pm.jpg\" \/>\n\t<meta property=\"og:image:width\" content=\"678\" \/>\n\t<meta property=\"og:image:height\" content=\"421\" \/>\n\t<meta property=\"og:image:type\" content=\"image\/jpeg\" \/>\n<meta name=\"author\" content=\"Aconteceu no Vale\" \/>\n<meta name=\"twitter:card\" content=\"summary_large_image\" \/>\n<meta name=\"twitter:creator\" content=\"@noticiadosvales\" \/>\n<meta name=\"twitter:site\" content=\"@noticiadosvales\" \/>\n<meta name=\"twitter:label1\" content=\"Escrito por\" \/>\n\t<meta name=\"twitter:data1\" content=\"Aconteceu no Vale\" \/>\n\t<meta name=\"twitter:label2\" content=\"Est. tempo de leitura\" \/>\n\t<meta name=\"twitter:data2\" content=\"1 minuto\" \/>\n<script type=\"application\/ld+json\" class=\"yoast-schema-graph\">{\"@context\":\"https:\\\/\\\/schema.org\",\"@graph\":[{\"@type\":\"Article\",\"@id\":\"https:\\\/\\\/aconteceunovale.com.br\\\/portal\\\/?p=52745#article\",\"isPartOf\":{\"@id\":\"https:\\\/\\\/aconteceunovale.com.br\\\/portal\\\/?p=52745\"},\"author\":{\"name\":\"Aconteceu no Vale\",\"@id\":\"https:\\\/\\\/aconteceunovale.com.br\\\/portal\\\/#\\\/schema\\\/person\\\/633529146f2c94272bef50ac2953d589\"},\"headline\":\"Pol\u00edcia Militar registra homic\u00eddios em Jana\u00faba e Pirapora\",\"datePublished\":\"2015-02-15T01:18:02+00:00\",\"dateModified\":\"2015-02-15T14:00:45+00:00\",\"mainEntityOfPage\":{\"@id\":\"https:\\\/\\\/aconteceunovale.com.br\\\/portal\\\/?p=52745\"},\"wordCount\":246,\"commentCount\":0,\"image\":{\"@id\":\"https:\\\/\\\/aconteceunovale.com.br\\\/portal\\\/?p=52745#primaryimage\"},\"thumbnailUrl\":\"https:\\\/\\\/aconteceunovale.com.br\\\/portal\\\/wp-content\\\/uploads\\\/2014\\\/10\\\/plantao_pm.jpg\",\"keywords\":[\"Fabr\u00edcio Carence Alves\",\"Jana\u00faba\",\"Manuelino Mendes Pereira\",\"Pirapora\",\"Pol\u00edcia Militar registra homic\u00eddios em Jana\u00faba e Pirapora\"],\"articleSection\":[\"Norte de Minas\"],\"inLanguage\":\"pt-BR\",\"potentialAction\":[{\"@type\":\"CommentAction\",\"name\":\"Comment\",\"target\":[\"https:\\\/\\\/aconteceunovale.com.br\\\/portal\\\/?p=52745#respond\"]}]},{\"@type\":\"WebPage\",\"@id\":\"https:\\\/\\\/aconteceunovale.com.br\\\/portal\\\/?p=52745\",\"url\":\"https:\\\/\\\/aconteceunovale.com.br\\\/portal\\\/?p=52745\",\"name\":\"Pol\u00edcia Militar registra homic\u00eddios em Jana\u00faba e Pirapora - Aconteceu no Vale\",\"isPartOf\":{\"@id\":\"https:\\\/\\\/aconteceunovale.com.br\\\/portal\\\/#website\"},\"primaryImageOfPage\":{\"@id\":\"https:\\\/\\\/aconteceunovale.com.br\\\/portal\\\/?p=52745#primaryimage\"},\"image\":{\"@id\":\"https:\\\/\\\/aconteceunovale.com.br\\\/portal\\\/?p=52745#primaryimage\"},\"thumbnailUrl\":\"https:\\\/\\\/aconteceunovale.com.br\\\/portal\\\/wp-content\\\/uploads\\\/2014\\\/10\\\/plantao_pm.jpg\",\"datePublished\":\"2015-02-15T01:18:02+00:00\",\"dateModified\":\"2015-02-15T14:00:45+00:00\",\"author\":{\"@id\":\"https:\\\/\\\/aconteceunovale.com.br\\\/portal\\\/#\\\/schema\\\/person\\\/633529146f2c94272bef50ac2953d589\"},\"breadcrumb\":{\"@id\":\"https:\\\/\\\/aconteceunovale.com.br\\\/portal\\\/?p=52745#breadcrumb\"},\"inLanguage\":\"pt-BR\",\"potentialAction\":[{\"@type\":\"ReadAction\",\"target\":[\"https:\\\/\\\/aconteceunovale.com.br\\\/portal\\\/?p=52745\"]}]},{\"@type\":\"ImageObject\",\"inLanguage\":\"pt-BR\",\"@id\":\"https:\\\/\\\/aconteceunovale.com.br\\\/portal\\\/?p=52745#primaryimage\",\"url\":\"https:\\\/\\\/aconteceunovale.com.br\\\/portal\\\/wp-content\\\/uploads\\\/2014\\\/10\\\/plantao_pm.jpg\",\"contentUrl\":\"https:\\\/\\\/aconteceunovale.com.br\\\/portal\\\/wp-content\\\/uploads\\\/2014\\\/10\\\/plantao_pm.jpg\",\"width\":678,\"height\":421},{\"@type\":\"BreadcrumbList\",\"@id\":\"https:\\\/\\\/aconteceunovale.com.br\\\/portal\\\/?p=52745#breadcrumb\",\"itemListElement\":[{\"@type\":\"ListItem\",\"position\":1,\"name\":\"In\u00edcio\",\"item\":\"https:\\\/\\\/aconteceunovale.com.br\\\/portal\\\/\"},{\"@type\":\"ListItem\",\"position\":2,\"name\":\"Pol\u00edcia Militar registra homic\u00eddios em Jana\u00faba e Pirapora\"}]},{\"@type\":\"WebSite\",\"@id\":\"https:\\\/\\\/aconteceunovale.com.br\\\/portal\\\/#website\",\"url\":\"https:\\\/\\\/aconteceunovale.com.br\\\/portal\\\/\",\"name\":\"Aconteceu no Vale\",\"description\":\"Portal de Not\u00edcias\",\"potentialAction\":[{\"@type\":\"SearchAction\",\"target\":{\"@type\":\"EntryPoint\",\"urlTemplate\":\"https:\\\/\\\/aconteceunovale.com.br\\\/portal\\\/?s={search_term_string}\"},\"query-input\":{\"@type\":\"PropertyValueSpecification\",\"valueRequired\":true,\"valueName\":\"search_term_string\"}}],\"inLanguage\":\"pt-BR\"},{\"@type\":\"Person\",\"@id\":\"https:\\\/\\\/aconteceunovale.com.br\\\/portal\\\/#\\\/schema\\\/person\\\/633529146f2c94272bef50ac2953d589\",\"name\":\"Aconteceu no Vale\",\"description\":\"Equipe de reportagem do Aconteceu no Vale, portal de not\u00edcias do Vale do Jequitinhonha, em Minas Gerais. Cobrimos as 51 cidades do Vale desde 2013. Sugest\u00f5es de pauta e pedidos de corre\u00e7\u00e3o: contato@aconteceunovale.com.br\",\"sameAs\":[\"http:\\\/\\\/www.aconteceunovale.com.br\"],\"url\":\"https:\\\/\\\/aconteceunovale.com.br\\\/portal\\\/?author=1\"}]}<\/script>\n<!-- \/ Yoast SEO plugin. -->","yoast_head_json":{"title":"Pol\u00edcia Militar registra homic\u00eddios em Jana\u00faba e Pirapora - Aconteceu no Vale","robots":{"index":"index","follow":"follow","max-snippet":"max-snippet:-1","max-image-preview":"max-image-preview:large","max-video-preview":"max-video-preview:-1"},"canonical":"https:\/\/aconteceunovale.com.br\/portal\/?p=52745","og_locale":"pt_BR","og_type":"article","og_title":"Pol\u00edcia Militar registra homic\u00eddios em Jana\u00faba e Pirapora - Aconteceu no Vale","og_description":"V\u00edtimas foram assassinadas a tiros. Ningu\u00e9m foi preso at\u00e9 o momento. Duas pessoas foram assassinadas na tarde deste s\u00e1bado, 14 de fevereiro, em Jana\u00faba e Pirapora, no Norte do Estado de Minas Gerais. Em Jana\u00faba, Manuelino Mendes Pereira, de 26 anos, foi encontrado morto na Rua Onorio Ant\u00f4nio de Farias, no Bairro Veredas. De acordo [&hellip;]","og_url":"https:\/\/aconteceunovale.com.br\/portal\/?p=52745","og_site_name":"Aconteceu no Vale","article_publisher":"https:\/\/www.facebook.com\/aconteceunovale\/","article_published_time":"2015-02-15T01:18:02+00:00","article_modified_time":"2015-02-15T14:00:45+00:00","og_image":[{"width":678,"height":421,"url":"https:\/\/aconteceunovale.com.br\/portal\/wp-content\/uploads\/2014\/10\/plantao_pm.jpg","type":"image\/jpeg"}],"author":"Aconteceu no Vale","twitter_card":"summary_large_image","twitter_creator":"@noticiadosvales","twitter_site":"@noticiadosvales","twitter_misc":{"Escrito por":"Aconteceu no Vale","Est. tempo de leitura":"1 minuto"},"schema":{"@context":"https:\/\/schema.org","@graph":[{"@type":"Article","@id":"https:\/\/aconteceunovale.com.br\/portal\/?p=52745#article","isPartOf":{"@id":"https:\/\/aconteceunovale.com.br\/portal\/?p=52745"},"author":{"name":"Aconteceu no Vale","@id":"https:\/\/aconteceunovale.com.br\/portal\/#\/schema\/person\/633529146f2c94272bef50ac2953d589"},"headline":"Pol\u00edcia Militar registra homic\u00eddios em Jana\u00faba e Pirapora","datePublished":"2015-02-15T01:18:02+00:00","dateModified":"2015-02-15T14:00:45+00:00","mainEntityOfPage":{"@id":"https:\/\/aconteceunovale.com.br\/portal\/?p=52745"},"wordCount":246,"commentCount":0,"image":{"@id":"https:\/\/aconteceunovale.com.br\/portal\/?p=52745#primaryimage"},"thumbnailUrl":"https:\/\/aconteceunovale.com.br\/portal\/wp-content\/uploads\/2014\/10\/plantao_pm.jpg","keywords":["Fabr\u00edcio Carence Alves","Jana\u00faba","Manuelino Mendes Pereira","Pirapora","Pol\u00edcia Militar registra homic\u00eddios em Jana\u00faba e Pirapora"],"articleSection":["Norte de Minas"],"inLanguage":"pt-BR","potentialAction":[{"@type":"CommentAction","name":"Comment","target":["https:\/\/aconteceunovale.com.br\/portal\/?p=52745#respond"]}]},{"@type":"WebPage","@id":"https:\/\/aconteceunovale.com.br\/portal\/?p=52745","url":"https:\/\/aconteceunovale.com.br\/portal\/?p=52745","name":"Pol\u00edcia Militar registra homic\u00eddios em Jana\u00faba e Pirapora - Aconteceu no Vale","isPartOf":{"@id":"https:\/\/aconteceunovale.com.br\/portal\/#website"},"primaryImageOfPage":{"@id":"https:\/\/aconteceunovale.com.br\/portal\/?p=52745#primaryimage"},"image":{"@id":"https:\/\/aconteceunovale.com.br\/portal\/?p=52745#primaryimage"},"thumbnailUrl":"https:\/\/aconteceunovale.com.br\/portal\/wp-content\/uploads\/2014\/10\/plantao_pm.jpg","datePublished":"2015-02-15T01:18:02+00:00","dateModified":"2015-02-15T14:00:45+00:00","author":{"@id":"https:\/\/aconteceunovale.com.br\/portal\/#\/schema\/person\/633529146f2c94272bef50ac2953d589"},"breadcrumb":{"@id":"https:\/\/aconteceunovale.com.br\/portal\/?p=52745#breadcrumb"},"inLanguage":"pt-BR","potentialAction":[{"@type":"ReadAction","target":["https:\/\/aconteceunovale.com.br\/portal\/?p=52745"]}]},{"@type":"ImageObject","inLanguage":"pt-BR","@id":"https:\/\/aconteceunovale.com.br\/portal\/?p=52745#primaryimage","url":"https:\/\/aconteceunovale.com.br\/portal\/wp-content\/uploads\/2014\/10\/plantao_pm.jpg","contentUrl":"https:\/\/aconteceunovale.com.br\/portal\/wp-content\/uploads\/2014\/10\/plantao_pm.jpg","width":678,"height":421},{"@type":"BreadcrumbList","@id":"https:\/\/aconteceunovale.com.br\/portal\/?p=52745#breadcrumb","itemListElement":[{"@type":"ListItem","position":1,"name":"In\u00edcio","item":"https:\/\/aconteceunovale.com.br\/portal\/"},{"@type":"ListItem","position":2,"name":"Pol\u00edcia Militar registra homic\u00eddios em Jana\u00faba e Pirapora"}]},{"@type":"WebSite","@id":"https:\/\/aconteceunovale.com.br\/portal\/#website","url":"https:\/\/aconteceunovale.com.br\/portal\/","name":"Aconteceu no Vale","description":"Portal de Not\u00edcias","potentialAction":[{"@type":"SearchAction","target":{"@type":"EntryPoint","urlTemplate":"https:\/\/aconteceunovale.com.br\/portal\/?s={search_term_string}"},"query-input":{"@type":"PropertyValueSpecification","valueRequired":true,"valueName":"search_term_string"}}],"inLanguage":"pt-BR"},{"@type":"Person","@id":"https:\/\/aconteceunovale.com.br\/portal\/#\/schema\/person\/633529146f2c94272bef50ac2953d589","name":"Aconteceu no Vale","description":"Equipe de reportagem do Aconteceu no Vale, portal de not\u00edcias do Vale do Jequitinhonha, em Minas Gerais. Cobrimos as 51 cidades do Vale desde 2013. Sugest\u00f5es de pauta e pedidos de corre\u00e7\u00e3o: contato@aconteceunovale.com.br","sameAs":["http:\/\/www.aconteceunovale.com.br"],"url":"https:\/\/aconteceunovale.com.br\/portal\/?author=1"}]}},"_links":{"self":[{"href":"https:\/\/aconteceunovale.com.br\/portal\/index.php?rest_route=\/wp\/v2\/posts\/52745","targetHints":{"allow":["GET"]}}],"collection":[{"href":"https:\/\/aconteceunovale.com.br\/portal\/index.php?rest_route=\/wp\/v2\/posts"}],"about":[{"href":"https:\/\/aconteceunovale.com.br\/portal\/index.php?rest_route=\/wp\/v2\/types\/post"}],"author":[{"embeddable":true,"href":"https:\/\/aconteceunovale.com.br\/portal\/index.php?rest_route=\/wp\/v2\/users\/1"}],"replies":[{"embeddable":true,"href":"https:\/\/aconteceunovale.com.br\/portal\/index.php?rest_route=%2Fwp%2Fv2%2Fcomments&post=52745"}],"version-history":[{"count":0,"href":"https:\/\/aconteceunovale.com.br\/portal\/index.php?rest_route=\/wp\/v2\/posts\/52745\/revisions"}],"wp:featuredmedia":[{"embeddable":true,"href":"https:\/\/aconteceunovale.com.br\/portal\/index.php?rest_route=\/wp\/v2\/media\/42404"}],"wp:attachment":[{"href":"https:\/\/aconteceunovale.com.br\/portal\/index.php?rest_route=%2Fwp%2Fv2%2Fmedia&parent=52745"}],"wp:term":[{"taxonomy":"category","embeddable":true,"href":"https:\/\/aconteceunovale.com.br\/portal\/index.php?rest_route=%2Fwp%2Fv2%2Fcategories&post=52745"},{"taxonomy":"post_tag","embeddable":true,"href":"https:\/\/aconteceunovale.com.br\/portal\/index.php?rest_route=%2Fwp%2Fv2%2Ftags&post=52745"}],"curies":[{"name":"wp","href":"https:\/\/api.w.org\/{rel}","templated":true}]}}