{"id":52740,"date":"2015-02-14T22:02:51","date_gmt":"2015-02-15T01:02:51","guid":{"rendered":"http:\/\/aconteceunovale.com.br\/portal\/?p=52740"},"modified":"2015-02-14T22:24:21","modified_gmt":"2015-02-15T01:24:21","slug":"policial-militar-e-outras-duas-pessoas-morrem-em-acidentes-no-norte-de-minas","status":"publish","type":"post","link":"https:\/\/aconteceunovale.com.br\/portal\/?p=52740","title":{"rendered":"Policial Militar e outras duas pessoas morrem em acidentes no Norte de Minas"},"content":{"rendered":"<h4><em><strong>Sargento Wellington viajava para Cora\u00e7\u00e3o de Jesus, onde iria trabalhar no carnaval da cidade. Em Montes Claros, um homem foi atropelado por um carro em alta velocidade. J\u00e1 na MG-202, batida entre carro e moto deixou um morto e um ferido.<\/strong><\/em><\/h4>\n<p>Tr\u00eas pessoas morreram e pelo menos cinco ficaram feridas em acidentes registrados neste s\u00e1bado, 14 de fevereiro, na regi\u00e3o Norte de Minas Gerais. Entre os mortos est\u00e1 um Sargento da Pol\u00edcia Militar, que morreu ap\u00f3s bater a moto que conduzia em um caminh\u00e3o pr\u00f3ximo a Cora\u00e7\u00e3o de Jesus.<\/p>\n<p><strong>MG-202, entre S\u00e3o Francisco e Janu\u00e1ria<\/strong><\/p>\n<p>Um outro acidente foi registrado neste s\u00e1bado. Desta vez, uma colis\u00e3o entre um carro e uma motocicleta, na MG-202, deixou um morto e um ferido. O condutor da motocicleta, Erick Oliveira dos Anjos, de 20 anos, morreu no local. O passageiro da moto, Welson Ribeiro Ramos, de 33 anos, sofreu escoria\u00e7\u00f5es leves.<\/p>\n<p><img decoding=\"async\" src=\"http:\/\/aconteceunovale.com.br\/portal\/wp-content\/uploads\/2015\/02\/acidentes_norte_mg_14_2_1.jpg\" alt=\"\" \/><em>SGT da PM morreu em acidente pr\u00f3ximo a Cora\u00e7\u00e3o de Jesus &#8211; Foto: Jornal Montes Claros<\/em><br \/>\n<\/br><\/p>\n<p><strong>Pr\u00f3ximo a Cora\u00e7\u00e3o de Jesus<\/strong><\/p>\n<p>Um policial militar morreu em um acidente envolvendo uma motocicleta e um caminh\u00e3o, no fim da tarde deste s\u00e1bado (14). O Sargento Wellington Soares da Silva, que conduzia a motocicleta, bateu no ve\u00edculo de carga, na estrada que d\u00e1 acesso \u00e0 cidade de Cora\u00e7\u00e3o de Jesus. Ele n\u00e3o resistiu aos ferimentos e morreu no local. Segundo a PM, o policial viajava para Cora\u00e7\u00e3o de Jesus, onde iria trabalhar no carnaval da cidade.<\/p>\n<p><strong>No Santa Rita, em Montes Claros<\/strong><\/p>\n<p>Na manh\u00e3 deste s\u00e1bado (14), um homem foi atropelado e morto por um carro na Rua Professor Ezequiel Pereira, no bairro Santa Rita. De acordo com informa\u00e7\u00f5es, Jos\u00e9 Raimundo Dias estava na cal\u00e7ada, quando o atropelou em alta velocidade. A v\u00edtima n\u00e3o resistiu aos graves ferimentos e morreu. O motorista foi preso e encaminhado a Delegacia de Montes Claros.<\/p>\n<p><strong>Outros acidentes em Montes Claros<\/strong><\/p>\n<p>Uma pessoa ficou ferida em um acidente entre carro e moto na Avenida Geraldo Athayde. Conforme a Assessoria de Comunica\u00e7\u00e3o do Samu, a colis\u00e3o ocorreu pr\u00f3ximo ao Parque de Exposi\u00e7\u00f5es e a v\u00edtima apresentava suspeita de fratura.<\/p>\n<p>Na BR-365, a cerca de 12 quil\u00f4metros de Montes Claros, na sa\u00edda para Pirapora, um carro capotou. Uma v\u00edtima foi socorrida pelo Samu e encaminhada para um hospital da cidade.<\/p>\n<p>J\u00e1 na estrada para Juramento, a cerca de 24 quil\u00f4metros de Montes Claros, ocorreu uma colis\u00e3o entre uma moto e um carro. Conforme a Ascom do Samu, duas v\u00edtimas foram atendidas, sendo que uma estava inconsciente.<\/p>\n","protected":false},"excerpt":{"rendered":"<p>Sargento Wellington viajava para Cora\u00e7\u00e3o de Jesus, onde iria trabalhar no carnaval da cidade. Em Montes Claros, um homem foi atropelado por um carro em alta velocidade. J\u00e1 na MG-202, batida entre carro e moto deixou um morto e um ferido. Tr\u00eas pessoas morreram e pelo menos cinco ficaram feridas em acidentes registrados neste s\u00e1bado, [&hellip;]<\/p>\n","protected":false},"author":1,"featured_media":52741,"comment_status":"open","ping_status":"closed","sticky":false,"template":"","format":"standard","meta":{"amp_status":"","footnotes":""},"categories":[1236],"tags":[18635,1801,33671,205,33674,210,33675,1522,33673,33679,33672],"class_list":["post-52740","post","type-post","status-publish","format-standard","has-post-thumbnail","hentry","category-norte_de_minas","tag-acidentes-em-montes-claros","tag-coracao-de-jesus","tag-erick-oliveira-dos-anjos","tag-januaria","tag-jose-raimundo-dias","tag-montes-claros","tag-policial-militar-e-outras-duas-pessoas-morrem-em-acidentes-no-norte-de-minas","tag-sao-francisco","tag-sargento-wellington","tag-wellington-soares-da-silva","tag-welson-ribeiro-ramos"],"_links":{"self":[{"href":"https:\/\/aconteceunovale.com.br\/portal\/index.php?rest_route=\/wp\/v2\/posts\/52740","targetHints":{"allow":["GET"]}}],"collection":[{"href":"https:\/\/aconteceunovale.com.br\/portal\/index.php?rest_route=\/wp\/v2\/posts"}],"about":[{"href":"https:\/\/aconteceunovale.com.br\/portal\/index.php?rest_route=\/wp\/v2\/types\/post"}],"author":[{"embeddable":true,"href":"https:\/\/aconteceunovale.com.br\/portal\/index.php?rest_route=\/wp\/v2\/users\/1"}],"replies":[{"embeddable":true,"href":"https:\/\/aconteceunovale.com.br\/portal\/index.php?rest_route=%2Fwp%2Fv2%2Fcomments&post=52740"}],"version-history":[{"count":0,"href":"https:\/\/aconteceunovale.com.br\/portal\/index.php?rest_route=\/wp\/v2\/posts\/52740\/revisions"}],"wp:featuredmedia":[{"embeddable":true,"href":"https:\/\/aconteceunovale.com.br\/portal\/index.php?rest_route=\/wp\/v2\/media\/52741"}],"wp:attachment":[{"href":"https:\/\/aconteceunovale.com.br\/portal\/index.php?rest_route=%2Fwp%2Fv2%2Fmedia&parent=52740"}],"wp:term":[{"taxonomy":"category","embeddable":true,"href":"https:\/\/aconteceunovale.com.br\/portal\/index.php?rest_route=%2Fwp%2Fv2%2Fcategories&post=52740"},{"taxonomy":"post_tag","embeddable":true,"href":"https:\/\/aconteceunovale.com.br\/portal\/index.php?rest_route=%2Fwp%2Fv2%2Ftags&post=52740"}],"curies":[{"name":"wp","href":"https:\/\/api.w.org\/{rel}","templated":true}]}}