{"id":52736,"date":"2015-02-14T21:21:02","date_gmt":"2015-02-15T00:21:02","guid":{"rendered":"http:\/\/aconteceunovale.com.br\/portal\/?p=52736"},"modified":"2015-02-14T21:24:51","modified_gmt":"2015-02-15T00:24:51","slug":"galo-vence-o-democrata-de-governador-valadares-e-assume-lideranca-do-mineiro","status":"publish","type":"post","link":"https:\/\/aconteceunovale.com.br\/portal\/?p=52736","title":{"rendered":"Galo vence o Democrata de Governador Valadares e assume lideran\u00e7a do Mineiro"},"content":{"rendered":"<h4><em><strong>Time alvinegro vence por 2 a 1 no Horto, mas perde Marcos Rocha e Lucas Pratto.<\/strong><\/em><\/h4>\n<p>No s\u00e1bado de carnaval, a folia foi da massa, que compareceu em bom n\u00famero ao Independ\u00eancia &#8211; mais de 19 mil presentes. Apesar do hor\u00e1rio ingrato (19h30) e do agito dos bloquinhos em v\u00e1rios pontos de BH, a torcida deu o apoio e foi recompensada com a terceira vit\u00f3ria do Atl\u00e9tico no Campeonato Mineiro. Mas o triunfo por 2 a 1 diante do Democrata-GV, com gols de D\u00e1tolo e Luan, foi ofuscado pelas les\u00f5es de Marcos Rocha e Lucas Pratto. Jo\u00e3o Paulo diminuiu para a Pantera.<\/p>\n<p>O lateral-direito e o atacante argentino sofreram les\u00f5es musculares no primeiro tempo e j\u00e1 est\u00e3o fora da partida contra o Colo Colo, na pr\u00f3xima quarta-feira, em Santiago, na estreia pela Copa Libertadores. Foi a nota triste da noite de carnaval da torcida no Horto. O t\u00e9cnico Levir Culpi usou como substitutos Patric e J\u00f4, respectivamente.<\/p>\n<p>Com a terceira vit\u00f3ria seguida no Mineiro, o Galo manteve os 100% de aproveitamento e fechou a rodada na lideran\u00e7a, com nove pontos. J\u00e1 o Democrata-GV permaneceu na lanterna, ainda sem pontuar, j\u00e1 que perdeu as tr\u00eas partidas que disputou. Depois do compromisso pela Libertadores, o Atl\u00e9tico ter\u00e1 o cl\u00e1ssico contra o Am\u00e9rica, dia 22, domingo, confirmado para o Independ\u00eancia. No mesmo dia, a Pantera recebe o Tupi, no Mamud\u00e3o. <\/p>\n<p><img decoding=\"async\" src=\"http:\/\/aconteceunovale.com.br\/portal\/wp-content\/uploads\/2015\/02\/atletico_2x1_democrata.jpg\" alt=\"\" \/><em>D\u00e1tolo (10) comemora com Luan e J\u00f4 o segundo gol na vit\u00f3ria sobre a Pantera: les\u00f5es ofuscaram o triunfo &#8211; Foto: Alexandre Guzanshe \/ Super Esportes \/ Estado de Minas<\/em><br \/>\n<\/br><\/p>\n<p><strong>O jogo<\/strong><\/p>\n<p>Nem mesmo a concorr\u00eancia dos bloquinhos de rua que se espalharam pela capital mineira esvaziaram o Independ\u00eancia. A torcida compareceu em grande n\u00famero para acompanhar o Galo no \u00faltimo jogo antes da estreia na Libertadores. E o time procurou o gol desde o in\u00edcio, buscando corresponder ao apoio. Tanto que na primeira boa trama ofensiva, abriu o placar. Aos 8min, Pedro Botelho foi acionado pela esquerda e cruzou rasteiro. D\u00e1tolo teve tempo de dominar e chutar cruzado: 1 a 0. Na comemora\u00e7\u00e3o, o argentino mandou a dan\u00e7a da mangueira, entrando na campanha para economia de \u00e1gua.<\/p>\n<p>O Atl\u00e9tico foi absoluto no primeiro tempo, dominando as a\u00e7\u00f5es e jogando no campo de defesa do advers\u00e1rio, que em determinados momentos n\u00e3o conseguia sair com a bola dominada. Tanto que o goleiro Victor foi um mero espectador. O time alvinegro criou oportunidades em velocidade, apostando nas tabelas. Mas faltou uma chegada mais forte com boa conclus\u00e3o. <\/p>\n<p>A primeira metade da partida foi de tranquilidade, \u00e0 exce\u00e7\u00e3o dos problemas com Marcos Rocha e Lucas Pratto, que sentiram les\u00f5es musculares e est\u00e3o fora da partida contra o Colo Colo. O lateral-direito deixou o campo aos 15min e foi substitu\u00eddo por Patric, que manteve o n\u00edvel do titular com avan\u00e7os pelo setor direito. Aos 42, o argentino se queixou de contus\u00e3o muscular na coxa esquerda. J\u00f4 foi o substituto e teve o apoio da torcida, mas n\u00e3o teve tempo para mostrar nada.<\/p>\n<p><strong>Gol no in\u00edcio e desinteresse<\/strong><\/p>\n<p>Ainda em clima de apreens\u00e3o pelas contus\u00f5es, o segundo tempo come\u00e7ou da mesma forma que o primeiro, com o Atl\u00e9tico em cima at\u00e9 ampliar o placar antes dos 10min. Aos 7, J\u00f4 recebeu na \u00e1rea e passou a D\u00e1tolo, que cruzou na medida para o pequenino Luan testar sem chance para o goleiro: 2 a 0. Vantagem que deu tranquilidade ao Galo, que mesmo assim manteve a press\u00e3o. <\/p>\n<p>O t\u00e9cnico Levir Culpi fez a terceira altera\u00e7\u00e3o e adiou a estreia do colombiano C\u00e1rdenas, rec\u00e9m-contratado e que estava como op\u00e7\u00e3o no banco. Aos 20min, D\u00e1tolo, muito aplaudido, foi substitu\u00eddo pelo jovem Dod\u00f4. Foi a terceira mexida do Galo, j\u00e1 pensando tamb\u00e9m na estreia pela Libertadores. O Atl\u00e9tico diminuiu bastante o ritmo e levou sustos e at\u00e9 uma press\u00e3o nos instantes finais.<\/p>\n<p>Caio cruzou da direita e Rodrig\u00e3o desviou para fora. O atacante chegou a balan\u00e7ar as redes, mas estava em posi\u00e7\u00e3o ilegal. No fim, Victor voltou a justificar o apelido de santo com uma defesa sensacional. Aos 43, n\u00e3o teve jeito: em uma desaten\u00e7\u00e3o de Pedro Botelho, Jo\u00e3o Paulo driblou o \u00eddolo e fez o gol de honra do alvinegro do interior: 2 a 1. Caio ainda recebeu da entrada da \u00e1rea e concluiu para fora, assustando a torcida.<\/p>\n<p><strong>Atl\u00e9tico 2 x 0 Democrata-GV<\/strong><\/p>\n<p><strong>Atl\u00e9tico:<\/strong> Victor; Marcos Rocha (Patric), Jemerson, Leonardo Silva e Pedro Botelho; Rafael Carioca, Leandro Donizete, Luan e D\u00e1tolo (Dod\u00f4); Maicosuel e Lucas Pratto (J\u00f4) &#8211; <strong>T\u00e9cnico:<\/strong> Levir Culpi<\/p>\n<p><strong>Democrata-GV:<\/strong> F\u00e1bio Noronha; Rodrigo (F\u00e1bio Lopes), Ricardo, Leomar e Denilson; Marcel, Osvaldir, Julio C\u00e9sar, Wanderson (Caio) e Paulinho (Jo\u00e3o Paulo); Rodrig\u00e3o &#8211; <strong>T\u00e9cnico:<\/strong> Gilmar Estevam<\/p>\n<p><strong>Motivo:<\/strong> 3\u00aa rodada do Campeonato Mineiro<br \/>\n<strong>Local:<\/strong> Est\u00e1dio Independ\u00eancia, em Belo Horizonte (MG)<br \/>\n<strong>Data:<\/strong> 14\/02\/2015, s\u00e1bado<br \/>\n<strong>\u00c1rbitro:<\/strong> Ronei C\u00e2ndido Alves (FMF)<br \/>\n<strong>Assistentes:<\/strong> Marcus Vinicius Gomes (CBF\/FMF) e Leonardo Henrique Pereira (FMF)<br \/>\n<strong>P\u00fablico:<\/strong> 19.454<br \/>\n<strong>Renda:<\/strong> R$ 485.662,50<br \/>\n<strong>Gols:<\/strong> D\u00e1tolo, 8min do primeiro tempo; Luan, 7, Jo\u00e3o Paulo, 43min do segundo tempo<br \/>\n<strong>Cart\u00f5es amarelos:<\/strong> D\u00e1tolo (ATL); Wanderson, Julio Cesar (DEM)<\/p>\n<p><em><strong>(Fonte: Portal Super Esportes)<\/strong><\/em><\/p>\n","protected":false},"excerpt":{"rendered":"<p>Time alvinegro vence por 2 a 1 no Horto, mas perde Marcos Rocha e Lucas Pratto. No s\u00e1bado de carnaval, a folia foi da massa, que compareceu em bom n\u00famero ao Independ\u00eancia &#8211; mais de 19 mil presentes. Apesar do hor\u00e1rio ingrato (19h30) e do agito dos bloquinhos em v\u00e1rios pontos de BH, a torcida [&hellip;]<\/p>\n","protected":false},"author":1,"featured_media":52737,"comment_status":"open","ping_status":"closed","sticky":false,"template":"","format":"standard","meta":{"amp_status":"","footnotes":""},"categories":[59],"tags":[12311,33670,2741,32016,4369,1018,12312,33669,247,5324],"class_list":["post-52736","post","type-post","status-publish","format-standard","has-post-thumbnail","hentry","category-esportes","tag-atletico","tag-atletico-2-x-0-democrata-gv","tag-atletico-mineiro","tag-campeonato-mineiro-2015","tag-democrata-de-governador-valadares","tag-destaque","tag-galo","tag-galo-vence-o-democrata-de-governador-valadares-e-assume-lideranca-do-mineiro","tag-governador-valadares","tag-pantera"],"yoast_head":"<!-- This site is optimized with the Yoast SEO plugin v28.3 - https:\/\/yoast.com\/product\/yoast-seo-wordpress\/ -->\n<title>Galo vence o Democrata de Governador Valadares e assume lideran\u00e7a do Mineiro - Aconteceu no Vale<\/title>\n<meta name=\"robots\" content=\"index, follow, max-snippet:-1, max-image-preview:large, max-video-preview:-1\" \/>\n<link rel=\"canonical\" href=\"https:\/\/aconteceunovale.com.br\/portal\/?p=52736\" \/>\n<meta property=\"og:locale\" content=\"pt_BR\" \/>\n<meta property=\"og:type\" content=\"article\" \/>\n<meta property=\"og:title\" content=\"Galo vence o Democrata de Governador Valadares e assume lideran\u00e7a do Mineiro - Aconteceu no Vale\" \/>\n<meta property=\"og:description\" content=\"Time alvinegro vence por 2 a 1 no Horto, mas perde Marcos Rocha e Lucas Pratto. No s\u00e1bado de carnaval, a folia foi da massa, que compareceu em bom n\u00famero ao Independ\u00eancia &#8211; mais de 19 mil presentes. Apesar do hor\u00e1rio ingrato (19h30) e do agito dos bloquinhos em v\u00e1rios pontos de BH, a torcida [&hellip;]\" \/>\n<meta property=\"og:url\" content=\"https:\/\/aconteceunovale.com.br\/portal\/?p=52736\" \/>\n<meta property=\"og:site_name\" content=\"Aconteceu no Vale\" \/>\n<meta property=\"article:publisher\" content=\"https:\/\/www.facebook.com\/aconteceunovale\/\" \/>\n<meta property=\"article:published_time\" content=\"2015-02-15T00:21:02+00:00\" \/>\n<meta property=\"article:modified_time\" content=\"2015-02-15T00:24:51+00:00\" \/>\n<meta property=\"og:image\" content=\"https:\/\/aconteceunovale.com.br\/portal\/wp-content\/uploads\/2015\/02\/atletico_2x1_democrata.jpg\" \/>\n\t<meta property=\"og:image:width\" content=\"675\" \/>\n\t<meta property=\"og:image:height\" content=\"450\" \/>\n\t<meta property=\"og:image:type\" content=\"image\/jpeg\" \/>\n<meta name=\"author\" content=\"Aconteceu no Vale\" \/>\n<meta name=\"twitter:card\" content=\"summary_large_image\" \/>\n<meta name=\"twitter:creator\" content=\"@noticiadosvales\" \/>\n<meta name=\"twitter:site\" content=\"@noticiadosvales\" \/>\n<meta name=\"twitter:label1\" content=\"Escrito por\" \/>\n\t<meta name=\"twitter:data1\" content=\"Aconteceu no Vale\" \/>\n\t<meta name=\"twitter:label2\" content=\"Est. tempo de leitura\" \/>\n\t<meta name=\"twitter:data2\" content=\"4 minutos\" \/>\n<script type=\"application\/ld+json\" class=\"yoast-schema-graph\">{\"@context\":\"https:\\\/\\\/schema.org\",\"@graph\":[{\"@type\":\"Article\",\"@id\":\"https:\\\/\\\/aconteceunovale.com.br\\\/portal\\\/?p=52736#article\",\"isPartOf\":{\"@id\":\"https:\\\/\\\/aconteceunovale.com.br\\\/portal\\\/?p=52736\"},\"author\":{\"name\":\"Aconteceu no Vale\",\"@id\":\"https:\\\/\\\/aconteceunovale.com.br\\\/portal\\\/#\\\/schema\\\/person\\\/633529146f2c94272bef50ac2953d589\"},\"headline\":\"Galo vence o Democrata de Governador Valadares e assume lideran\u00e7a do Mineiro\",\"datePublished\":\"2015-02-15T00:21:02+00:00\",\"dateModified\":\"2015-02-15T00:24:51+00:00\",\"mainEntityOfPage\":{\"@id\":\"https:\\\/\\\/aconteceunovale.com.br\\\/portal\\\/?p=52736\"},\"wordCount\":902,\"commentCount\":0,\"image\":{\"@id\":\"https:\\\/\\\/aconteceunovale.com.br\\\/portal\\\/?p=52736#primaryimage\"},\"thumbnailUrl\":\"https:\\\/\\\/aconteceunovale.com.br\\\/portal\\\/wp-content\\\/uploads\\\/2015\\\/02\\\/atletico_2x1_democrata.jpg\",\"keywords\":[\"Atl\u00e9tico\",\"Atl\u00e9tico 2 x 0 Democrata-GV\",\"Atl\u00e9tico Mineiro\",\"Campeonato Mineiro 2015\",\"Democrata de Governador Valadares\",\"destaque\",\"galo\",\"Galo vence o Democrata de Governador Valadares e assume lideran\u00e7a do Mineiro\",\"Governador Valadares\",\"Pantera\"],\"articleSection\":[\"Esportes\"],\"inLanguage\":\"pt-BR\",\"potentialAction\":[{\"@type\":\"CommentAction\",\"name\":\"Comment\",\"target\":[\"https:\\\/\\\/aconteceunovale.com.br\\\/portal\\\/?p=52736#respond\"]}]},{\"@type\":\"WebPage\",\"@id\":\"https:\\\/\\\/aconteceunovale.com.br\\\/portal\\\/?p=52736\",\"url\":\"https:\\\/\\\/aconteceunovale.com.br\\\/portal\\\/?p=52736\",\"name\":\"Galo vence o Democrata de Governador Valadares e assume lideran\u00e7a do Mineiro - Aconteceu no Vale\",\"isPartOf\":{\"@id\":\"https:\\\/\\\/aconteceunovale.com.br\\\/portal\\\/#website\"},\"primaryImageOfPage\":{\"@id\":\"https:\\\/\\\/aconteceunovale.com.br\\\/portal\\\/?p=52736#primaryimage\"},\"image\":{\"@id\":\"https:\\\/\\\/aconteceunovale.com.br\\\/portal\\\/?p=52736#primaryimage\"},\"thumbnailUrl\":\"https:\\\/\\\/aconteceunovale.com.br\\\/portal\\\/wp-content\\\/uploads\\\/2015\\\/02\\\/atletico_2x1_democrata.jpg\",\"datePublished\":\"2015-02-15T00:21:02+00:00\",\"dateModified\":\"2015-02-15T00:24:51+00:00\",\"author\":{\"@id\":\"https:\\\/\\\/aconteceunovale.com.br\\\/portal\\\/#\\\/schema\\\/person\\\/633529146f2c94272bef50ac2953d589\"},\"breadcrumb\":{\"@id\":\"https:\\\/\\\/aconteceunovale.com.br\\\/portal\\\/?p=52736#breadcrumb\"},\"inLanguage\":\"pt-BR\",\"potentialAction\":[{\"@type\":\"ReadAction\",\"target\":[\"https:\\\/\\\/aconteceunovale.com.br\\\/portal\\\/?p=52736\"]}]},{\"@type\":\"ImageObject\",\"inLanguage\":\"pt-BR\",\"@id\":\"https:\\\/\\\/aconteceunovale.com.br\\\/portal\\\/?p=52736#primaryimage\",\"url\":\"https:\\\/\\\/aconteceunovale.com.br\\\/portal\\\/wp-content\\\/uploads\\\/2015\\\/02\\\/atletico_2x1_democrata.jpg\",\"contentUrl\":\"https:\\\/\\\/aconteceunovale.com.br\\\/portal\\\/wp-content\\\/uploads\\\/2015\\\/02\\\/atletico_2x1_democrata.jpg\",\"width\":675,\"height\":450},{\"@type\":\"BreadcrumbList\",\"@id\":\"https:\\\/\\\/aconteceunovale.com.br\\\/portal\\\/?p=52736#breadcrumb\",\"itemListElement\":[{\"@type\":\"ListItem\",\"position\":1,\"name\":\"In\u00edcio\",\"item\":\"https:\\\/\\\/aconteceunovale.com.br\\\/portal\\\/\"},{\"@type\":\"ListItem\",\"position\":2,\"name\":\"Galo vence o Democrata de Governador Valadares e assume lideran\u00e7a do Mineiro\"}]},{\"@type\":\"WebSite\",\"@id\":\"https:\\\/\\\/aconteceunovale.com.br\\\/portal\\\/#website\",\"url\":\"https:\\\/\\\/aconteceunovale.com.br\\\/portal\\\/\",\"name\":\"Aconteceu no Vale\",\"description\":\"Portal de Not\u00edcias\",\"potentialAction\":[{\"@type\":\"SearchAction\",\"target\":{\"@type\":\"EntryPoint\",\"urlTemplate\":\"https:\\\/\\\/aconteceunovale.com.br\\\/portal\\\/?s={search_term_string}\"},\"query-input\":{\"@type\":\"PropertyValueSpecification\",\"valueRequired\":true,\"valueName\":\"search_term_string\"}}],\"inLanguage\":\"pt-BR\"},{\"@type\":\"Person\",\"@id\":\"https:\\\/\\\/aconteceunovale.com.br\\\/portal\\\/#\\\/schema\\\/person\\\/633529146f2c94272bef50ac2953d589\",\"name\":\"Aconteceu no Vale\",\"description\":\"Equipe de reportagem do Aconteceu no Vale, portal de not\u00edcias do Vale do Jequitinhonha, em Minas Gerais. Cobrimos as 51 cidades do Vale desde 2013. Sugest\u00f5es de pauta e pedidos de corre\u00e7\u00e3o: contato@aconteceunovale.com.br\",\"sameAs\":[\"http:\\\/\\\/www.aconteceunovale.com.br\"],\"url\":\"https:\\\/\\\/aconteceunovale.com.br\\\/portal\\\/?author=1\"}]}<\/script>\n<!-- \/ Yoast SEO plugin. -->","yoast_head_json":{"title":"Galo vence o Democrata de Governador Valadares e assume lideran\u00e7a do Mineiro - Aconteceu no Vale","robots":{"index":"index","follow":"follow","max-snippet":"max-snippet:-1","max-image-preview":"max-image-preview:large","max-video-preview":"max-video-preview:-1"},"canonical":"https:\/\/aconteceunovale.com.br\/portal\/?p=52736","og_locale":"pt_BR","og_type":"article","og_title":"Galo vence o Democrata de Governador Valadares e assume lideran\u00e7a do Mineiro - Aconteceu no Vale","og_description":"Time alvinegro vence por 2 a 1 no Horto, mas perde Marcos Rocha e Lucas Pratto. No s\u00e1bado de carnaval, a folia foi da massa, que compareceu em bom n\u00famero ao Independ\u00eancia &#8211; mais de 19 mil presentes. Apesar do hor\u00e1rio ingrato (19h30) e do agito dos bloquinhos em v\u00e1rios pontos de BH, a torcida [&hellip;]","og_url":"https:\/\/aconteceunovale.com.br\/portal\/?p=52736","og_site_name":"Aconteceu no Vale","article_publisher":"https:\/\/www.facebook.com\/aconteceunovale\/","article_published_time":"2015-02-15T00:21:02+00:00","article_modified_time":"2015-02-15T00:24:51+00:00","og_image":[{"width":675,"height":450,"url":"https:\/\/aconteceunovale.com.br\/portal\/wp-content\/uploads\/2015\/02\/atletico_2x1_democrata.jpg","type":"image\/jpeg"}],"author":"Aconteceu no Vale","twitter_card":"summary_large_image","twitter_creator":"@noticiadosvales","twitter_site":"@noticiadosvales","twitter_misc":{"Escrito por":"Aconteceu no Vale","Est. tempo de leitura":"4 minutos"},"schema":{"@context":"https:\/\/schema.org","@graph":[{"@type":"Article","@id":"https:\/\/aconteceunovale.com.br\/portal\/?p=52736#article","isPartOf":{"@id":"https:\/\/aconteceunovale.com.br\/portal\/?p=52736"},"author":{"name":"Aconteceu no Vale","@id":"https:\/\/aconteceunovale.com.br\/portal\/#\/schema\/person\/633529146f2c94272bef50ac2953d589"},"headline":"Galo vence o Democrata de Governador Valadares e assume lideran\u00e7a do Mineiro","datePublished":"2015-02-15T00:21:02+00:00","dateModified":"2015-02-15T00:24:51+00:00","mainEntityOfPage":{"@id":"https:\/\/aconteceunovale.com.br\/portal\/?p=52736"},"wordCount":902,"commentCount":0,"image":{"@id":"https:\/\/aconteceunovale.com.br\/portal\/?p=52736#primaryimage"},"thumbnailUrl":"https:\/\/aconteceunovale.com.br\/portal\/wp-content\/uploads\/2015\/02\/atletico_2x1_democrata.jpg","keywords":["Atl\u00e9tico","Atl\u00e9tico 2 x 0 Democrata-GV","Atl\u00e9tico Mineiro","Campeonato Mineiro 2015","Democrata de Governador Valadares","destaque","galo","Galo vence o Democrata de Governador Valadares e assume lideran\u00e7a do Mineiro","Governador Valadares","Pantera"],"articleSection":["Esportes"],"inLanguage":"pt-BR","potentialAction":[{"@type":"CommentAction","name":"Comment","target":["https:\/\/aconteceunovale.com.br\/portal\/?p=52736#respond"]}]},{"@type":"WebPage","@id":"https:\/\/aconteceunovale.com.br\/portal\/?p=52736","url":"https:\/\/aconteceunovale.com.br\/portal\/?p=52736","name":"Galo vence o Democrata de Governador Valadares e assume lideran\u00e7a do Mineiro - Aconteceu no Vale","isPartOf":{"@id":"https:\/\/aconteceunovale.com.br\/portal\/#website"},"primaryImageOfPage":{"@id":"https:\/\/aconteceunovale.com.br\/portal\/?p=52736#primaryimage"},"image":{"@id":"https:\/\/aconteceunovale.com.br\/portal\/?p=52736#primaryimage"},"thumbnailUrl":"https:\/\/aconteceunovale.com.br\/portal\/wp-content\/uploads\/2015\/02\/atletico_2x1_democrata.jpg","datePublished":"2015-02-15T00:21:02+00:00","dateModified":"2015-02-15T00:24:51+00:00","author":{"@id":"https:\/\/aconteceunovale.com.br\/portal\/#\/schema\/person\/633529146f2c94272bef50ac2953d589"},"breadcrumb":{"@id":"https:\/\/aconteceunovale.com.br\/portal\/?p=52736#breadcrumb"},"inLanguage":"pt-BR","potentialAction":[{"@type":"ReadAction","target":["https:\/\/aconteceunovale.com.br\/portal\/?p=52736"]}]},{"@type":"ImageObject","inLanguage":"pt-BR","@id":"https:\/\/aconteceunovale.com.br\/portal\/?p=52736#primaryimage","url":"https:\/\/aconteceunovale.com.br\/portal\/wp-content\/uploads\/2015\/02\/atletico_2x1_democrata.jpg","contentUrl":"https:\/\/aconteceunovale.com.br\/portal\/wp-content\/uploads\/2015\/02\/atletico_2x1_democrata.jpg","width":675,"height":450},{"@type":"BreadcrumbList","@id":"https:\/\/aconteceunovale.com.br\/portal\/?p=52736#breadcrumb","itemListElement":[{"@type":"ListItem","position":1,"name":"In\u00edcio","item":"https:\/\/aconteceunovale.com.br\/portal\/"},{"@type":"ListItem","position":2,"name":"Galo vence o Democrata de Governador Valadares e assume lideran\u00e7a do Mineiro"}]},{"@type":"WebSite","@id":"https:\/\/aconteceunovale.com.br\/portal\/#website","url":"https:\/\/aconteceunovale.com.br\/portal\/","name":"Aconteceu no Vale","description":"Portal de Not\u00edcias","potentialAction":[{"@type":"SearchAction","target":{"@type":"EntryPoint","urlTemplate":"https:\/\/aconteceunovale.com.br\/portal\/?s={search_term_string}"},"query-input":{"@type":"PropertyValueSpecification","valueRequired":true,"valueName":"search_term_string"}}],"inLanguage":"pt-BR"},{"@type":"Person","@id":"https:\/\/aconteceunovale.com.br\/portal\/#\/schema\/person\/633529146f2c94272bef50ac2953d589","name":"Aconteceu no Vale","description":"Equipe de reportagem do Aconteceu no Vale, portal de not\u00edcias do Vale do Jequitinhonha, em Minas Gerais. Cobrimos as 51 cidades do Vale desde 2013. Sugest\u00f5es de pauta e pedidos de corre\u00e7\u00e3o: contato@aconteceunovale.com.br","sameAs":["http:\/\/www.aconteceunovale.com.br"],"url":"https:\/\/aconteceunovale.com.br\/portal\/?author=1"}]}},"_links":{"self":[{"href":"https:\/\/aconteceunovale.com.br\/portal\/index.php?rest_route=\/wp\/v2\/posts\/52736","targetHints":{"allow":["GET"]}}],"collection":[{"href":"https:\/\/aconteceunovale.com.br\/portal\/index.php?rest_route=\/wp\/v2\/posts"}],"about":[{"href":"https:\/\/aconteceunovale.com.br\/portal\/index.php?rest_route=\/wp\/v2\/types\/post"}],"author":[{"embeddable":true,"href":"https:\/\/aconteceunovale.com.br\/portal\/index.php?rest_route=\/wp\/v2\/users\/1"}],"replies":[{"embeddable":true,"href":"https:\/\/aconteceunovale.com.br\/portal\/index.php?rest_route=%2Fwp%2Fv2%2Fcomments&post=52736"}],"version-history":[{"count":0,"href":"https:\/\/aconteceunovale.com.br\/portal\/index.php?rest_route=\/wp\/v2\/posts\/52736\/revisions"}],"wp:featuredmedia":[{"embeddable":true,"href":"https:\/\/aconteceunovale.com.br\/portal\/index.php?rest_route=\/wp\/v2\/media\/52737"}],"wp:attachment":[{"href":"https:\/\/aconteceunovale.com.br\/portal\/index.php?rest_route=%2Fwp%2Fv2%2Fmedia&parent=52736"}],"wp:term":[{"taxonomy":"category","embeddable":true,"href":"https:\/\/aconteceunovale.com.br\/portal\/index.php?rest_route=%2Fwp%2Fv2%2Fcategories&post=52736"},{"taxonomy":"post_tag","embeddable":true,"href":"https:\/\/aconteceunovale.com.br\/portal\/index.php?rest_route=%2Fwp%2Fv2%2Ftags&post=52736"}],"curies":[{"name":"wp","href":"https:\/\/api.w.org\/{rel}","templated":true}]}}