{"id":52731,"date":"2015-02-14T20:37:03","date_gmt":"2015-02-14T23:37:03","guid":{"rendered":"http:\/\/aconteceunovale.com.br\/portal\/?p=52731"},"modified":"2015-02-14T20:37:03","modified_gmt":"2015-02-14T23:37:03","slug":"jovem-de-20-anos-e-assassinado-na-zona-rural-de-itambacuri","status":"publish","type":"post","link":"https:\/\/aconteceunovale.com.br\/portal\/?p=52731","title":{"rendered":"Jovem de 20 anos \u00e9 assassinado na zona rural de Itambacuri"},"content":{"rendered":"<h4><em><strong>Principal suspeito do crime \u00e9 um cunhado da v\u00edtima. Conforme relato da irm\u00e3 a Pol\u00edcia Militar, eles teriam discutido na noite de sexta-feira.<\/strong><\/em><\/h4>\n<p>Um jovem de 20 anos foi assassinado no in\u00edcio da madrugada deste s\u00e1bado, 14 de fevereiro, no C\u00f3rrego \u00c1gua Fria, na zona rural de Itambacuri, no Leste de Minas Gerais. De acordo com informa\u00e7\u00f5es da Pol\u00edcia Militar, ap\u00f3s uma den\u00fancia, militares compareceram na Fazenda Calif\u00f3rnia, onde depararam com Carlos Roberto Dias Gon\u00e7alves, conhecido como Fizinho, ca\u00eddo ao solo, sem os sinais vitais.<\/p>\n<p>O principal suspeito do crime \u00e9 um cunhado da v\u00edtima. Conforme a PM, a irm\u00e3 da v\u00edtima teria informado que os dois teriam se desentendido na noite de ontem e que seu marido J.G.P, de 35 anos, n\u00e3o teria retornado para casa. Ela disse tamb\u00e9m que a v\u00edtima estaria nas imedia\u00e7\u00f5es da casa para matar o suspeito e que era comum discuss\u00f5es\/brigas entre eles.<\/p>\n<p>A Per\u00edcia T\u00e9cnica da Pol\u00edcia Civil foi acionada e constatou uma perfura\u00e7\u00e3o no t\u00f3rax de Carlos Roberto, causada provavelmente por um instrumento perfurante\/cortante. Uma espingarda tipo cartucheira de fabrica\u00e7\u00e3o artesanal e um fac\u00e3o foram encontrados pr\u00f3ximo ao corpo. Ap\u00f3s os trabalhos periciais, o corpo foi liberado e encaminhado ao Instituto M\u00e9dico Legal (IML) de Te\u00f3filo Otoni.<\/p>\n","protected":false},"excerpt":{"rendered":"<p>Principal suspeito do crime \u00e9 um cunhado da v\u00edtima. Conforme relato da irm\u00e3 a Pol\u00edcia Militar, eles teriam discutido na noite de sexta-feira. Um jovem de 20 anos foi assassinado no in\u00edcio da madrugada deste s\u00e1bado, 14 de fevereiro, no C\u00f3rrego \u00c1gua Fria, na zona rural de Itambacuri, no Leste de Minas Gerais. De acordo [&hellip;]<\/p>\n","protected":false},"author":1,"featured_media":42404,"comment_status":"open","ping_status":"closed","sticky":false,"template":"","format":"standard","meta":{"amp_status":"","footnotes":""},"categories":[121],"tags":[1273,33657,33659,31349,33655,33660,33658,33662,33656,33661],"class_list":["post-52731","post","type-post","status-publish","format-standard","has-post-thumbnail","hentry","category-leste","tag-assassinato-em-itambacuri","tag-carlos-roberto-dias-goncalves","tag-corrego-agua-fria","tag-homicidio-em-itambacuri","tag-homicidio-na-zona-rural-de-itambacuri","tag-homicidio-no-corrego-agua-fria-em-itambacuri","tag-jose-geraldo-pereira","tag-jovem-de-20-anos-e-assassinado-na-zona-rural-de-itambacuri","tag-morte-em-itambacuri","tag-morte-no-corrego-agua-fria-em-itambacuri"],"_links":{"self":[{"href":"https:\/\/aconteceunovale.com.br\/portal\/index.php?rest_route=\/wp\/v2\/posts\/52731","targetHints":{"allow":["GET"]}}],"collection":[{"href":"https:\/\/aconteceunovale.com.br\/portal\/index.php?rest_route=\/wp\/v2\/posts"}],"about":[{"href":"https:\/\/aconteceunovale.com.br\/portal\/index.php?rest_route=\/wp\/v2\/types\/post"}],"author":[{"embeddable":true,"href":"https:\/\/aconteceunovale.com.br\/portal\/index.php?rest_route=\/wp\/v2\/users\/1"}],"replies":[{"embeddable":true,"href":"https:\/\/aconteceunovale.com.br\/portal\/index.php?rest_route=%2Fwp%2Fv2%2Fcomments&post=52731"}],"version-history":[{"count":0,"href":"https:\/\/aconteceunovale.com.br\/portal\/index.php?rest_route=\/wp\/v2\/posts\/52731\/revisions"}],"wp:featuredmedia":[{"embeddable":true,"href":"https:\/\/aconteceunovale.com.br\/portal\/index.php?rest_route=\/wp\/v2\/media\/42404"}],"wp:attachment":[{"href":"https:\/\/aconteceunovale.com.br\/portal\/index.php?rest_route=%2Fwp%2Fv2%2Fmedia&parent=52731"}],"wp:term":[{"taxonomy":"category","embeddable":true,"href":"https:\/\/aconteceunovale.com.br\/portal\/index.php?rest_route=%2Fwp%2Fv2%2Fcategories&post=52731"},{"taxonomy":"post_tag","embeddable":true,"href":"https:\/\/aconteceunovale.com.br\/portal\/index.php?rest_route=%2Fwp%2Fv2%2Ftags&post=52731"}],"curies":[{"name":"wp","href":"https:\/\/api.w.org\/{rel}","templated":true}]}}