{"id":52722,"date":"2015-02-14T17:06:30","date_gmt":"2015-02-14T20:06:30","guid":{"rendered":"http:\/\/aconteceunovale.com.br\/portal\/?p=52722"},"modified":"2015-02-14T17:07:29","modified_gmt":"2015-02-14T20:07:29","slug":"abertura-do-carnaval-2015-atrai-multidao-em-januaria","status":"publish","type":"post","link":"https:\/\/aconteceunovale.com.br\/portal\/?p=52722","title":{"rendered":"Abertura do Carnaval 2015 atrai multid\u00e3o em Janu\u00e1ria"},"content":{"rendered":"<h4><em><strong>Nos cinco dias de festa, nove blocos e sete bandas comandar\u00e3o a festa. Foli\u00f5es tamb\u00e9m podem visitar o Balne\u00e1rio de Pandeiros.<\/strong><\/em><\/h4>\n<p>Enquanto os \u00faltimos raios de sol se escondiam por detr\u00e1s do Rio S\u00e3o Francisco, os primeiros foli\u00f5es j\u00e1 chegavam na Pra\u00e7a Get\u00falio Vargas para curtir a noite de abertura do Carnaval de Janu\u00e1ria, no Norte de Minas. Algumas pessoas aproveitaram para saborear o tradicional surubim do Velho Chico em bares e restaurantes, outras j\u00e1 dan\u00e7avam ao ritmo das marchinhas, que mais tarde deram lugar para bandas de ax\u00e9. Em um clima de anima\u00e7\u00e3o e descontra\u00e7\u00e3o, nem os supersticiosos se lembraram que era sexta-feira (13).<\/p>\n<p><img decoding=\"async\" src=\"http:\/\/aconteceunovale.com.br\/portal\/wp-content\/uploads\/2015\/02\/carnaval_januaria_15_1.jpg\" alt=\"\" \/><em>Prefeitura espera at\u00e9 8 mil pessoas por noite no Carnaval em Janu\u00e1ria (Foto: MIichelly Oda\/G1)<\/em><br \/>\n<\/br><\/p>\n<p>N\u00e3o se sabe ao certo h\u00e1 quanto o tempo o Carnaval \u00e9 comemorado na cidade que teve o in\u00edcio da sua hist\u00f3ria em 1553, quando os bandeirantes, por ordem do governador-geral, Duarte da Costa, procuravam por ouro. Mas desde que surgiu, um dos aspectos marcantes da festa \u00e9 o desfile de blocos. Neste ano nove foram cadastrados pela Prefeitura. A folia foi aberta pelo bloco Educa\u00e7\u00e3o, composto por crian\u00e7as acompanahdas pelos pais, e terminou com o Oba-Oba, que saiu depois da meia noite, atr\u00e1s do trio.<\/p>\n<p>Com a inten\u00e7\u00e3o de pular Carnaval de um jeito diferente, cinco meninas se vestiram de marinheiras e decidiram montar o \u201cbloco das primas\u201d. Para cada dia de festa, uma fantasia diferente. \u201cNo Carnaval a gente se transforma no que quiser. Sempre sa\u00edmos em outros blocos, neste ano resolvemos montar o nosso\u201d, fala a Mayara Magalh\u00e3es. Ela tamb\u00e9m explica que a roupa escolhida para o primeiro dia de festa \u00e9 uma homenagem ao Rio S\u00e3o Francisco.<\/p>\n<p><img decoding=\"async\" src=\"http:\/\/aconteceunovale.com.br\/portal\/wp-content\/uploads\/2015\/02\/carnaval_januaria_15_2.jpg\" alt=\"\" \/><em>Jovens se reuniram e montaram o Bloco das Primas (Foto: MIichelly Oda\/G1)<\/em><br \/>\n<\/br><\/p>\n<p>J\u00e1 a estudante \u00c1tilla Diobanna, preferiu se juntar a centenas de foli\u00f5es do Oba-Oba. \u201cSou de Janu\u00e1ria e n\u00e3o abro m\u00e3o de passar o Carnaval aqui, que \u00e9 muito animado e re\u00fane muita gente com o mesmo objetivo, a divers\u00e3o\u201d, fala a estudante que esperava ansiosamente ao lado do trio, mesmo antes da banda come\u00e7ar a tocar, tudo isso para \u201cgarantir um lugar bem perto da m\u00fasica\u201d, fala.<\/p>\n<p>O ponto alto da festa foi a sa\u00edda do trio, que percorreu a Avenida S\u00e3o Francisco, trazendo a atra\u00e7\u00e3o principal da noite, Buiu e Banda. E ao som do ax\u00e9, Nancy Castro dan\u00e7ava com a fam\u00edlia. \u201cTrouxe minha filha, minha cunhada, meu genro, meus amigos. \u00c9 um Carnaval muito tranquilo e que pode ser aproveitado por toda a fam\u00edlia. Espero por essa \u00e9poca durante todo o ano, s\u00e3o dias de festa, de alegria, de divers\u00e3o.\u201d<\/p>\n<p>A expectativa da Prefeitura \u00e9 de que o Carnaval re\u00fana de cinco a oito mil pessoas por noite e que at\u00e9 800 empregos indiretos sejam gerados. Todos os hot\u00e9is da cidade est\u00e3o lotados. A secret\u00e1ria de Turismo, Elzina Escobar, diz que o diferencial do povo januarense \u00e9 a \u201creceptividade\u201d. \u201cNos preparamos para receber todas essas pessoas. O turista que vier para c\u00e1 vai ser acolhido com todo o nosso calor humano\u201d, diz.<\/p>\n<p>Para quem quiser mais tranquilidade, uma op\u00e7\u00e3o s\u00e3o os balne\u00e1rios, o de Pandeiros, considerado pelo Instituto Estadual de Florestas como a \u201cmaternidade do Rio S\u00e3o Francisco\u201d. O local que tem cachoeiras, \u00e9 aberto ao p\u00fablico e oferece visitas para grupos de at\u00e9 250 pessoas.<\/p>\n<p>Entre os trabalhos indiretos, chama a aten\u00e7\u00e3o entre os in\u00fameros vendedores de comida, bebidas e fantasias, um homem com v\u00e1rias rosas. Fernando Silva \u00e9 de Montes Claros e trouxe 150 para vender nos cinco dias de folia. \u201cJ\u00e1 vendi 30, cada uma sai por R$ 5, h\u00e1 seis anos fa\u00e7o isso, em cada ano vou para uma cidade\u201d, conta o ambulante. As flores, de acordo com o ambulante, geralmente s\u00e3o adquiridas por foli\u00f5es solteiros. \u201cOs casais n\u00e3o compram, eu vendo mesmo \u00e9 para quem quer paquerar e usa as rosas como uma forma de conquistar algu\u00e9m durante a noite.\u201d<\/p>\n<p><img decoding=\"async\" src=\"http:\/\/aconteceunovale.com.br\/portal\/wp-content\/uploads\/2015\/02\/carnaval_januaria_15_3.jpg\" alt=\"\" \/><em>P\u00f4r do sol do Rio S\u00e3o Francisco, que tamb\u00e9m \u00e9 atra\u00e7\u00e3o no carnaval de Janu\u00e1ria (Foto: MIichelly Oda\/G1)<\/em><br \/>\n<\/br><\/p>\n<p><strong>Programa\u00e7\u00e3o<\/strong><\/p>\n<p>S\u00e1bado:<br \/>\n&#8211; Banda Batuque Malandro das 19h \u00e0s 22h<br \/>\n&#8211; Bloco Sound Center das 21h30 \u00e0s 23h30<br \/>\n&#8211; Banda Trem do Samba da meia noite at\u00e9 \u00e0s 3h<br \/>\n&#8211; Bloco Chico Doido, com as bandas Comando X e La Maior das 2h \u00e0s 6h<\/p>\n<p>Domingo<br \/>\n&#8211; Banda Su\u00edte Ouro das 19 \u00e0s 22h<br \/>\n&#8211; Bloco Minhoc\u00e3o das 20h \u00e0s 22h, com bateria<br \/>\n&#8211; Banda Pegada Bamba das 22h30 \u00e0 1h<br \/>\n&#8211; Bloco Press\u00e3o da meia noite \u00e0s 6h, com as bandas Ki Fissura e Cia do Quarto<\/p>\n<p>Segunda<br \/>\n&#8211; Marchinhas das 19h \u00e0s 21h<br \/>\n&#8211; Banda Us Malas das 19h \u00e0s 22h<br \/>\n&#8211; Banda UH Sheike das 22h \u00e0 1h<br \/>\n&#8211; Bloco Breja Eu da meia noite \u00e0s 6h, com as bandas Swing\u00e3o di Gueto e Lucas Viana<\/p>\n<p>Ter\u00e7a<br \/>\n&#8211; Banda Forr\u00f3 Black das 19h \u00e0s 23h<br \/>\n&#8211; Bloco Sound Center das 20h \u00e0s 22h, com som automotivo<br \/>\n&#8211; Bloco Saidera, das 22h \u00e0s 3h, com Kit Ilus\u00e3o<\/p>\n<p><em><strong>(Fonte: Inter TV Grande Minas \/ G1)<\/strong><\/em><\/p>\n","protected":false},"excerpt":{"rendered":"<p>Nos cinco dias de festa, nove blocos e sete bandas comandar\u00e3o a festa. Foli\u00f5es tamb\u00e9m podem visitar o Balne\u00e1rio de Pandeiros. Enquanto os \u00faltimos raios de sol se escondiam por detr\u00e1s do Rio S\u00e3o Francisco, os primeiros foli\u00f5es j\u00e1 chegavam na Pra\u00e7a Get\u00falio Vargas para curtir a noite de abertura do Carnaval de Janu\u00e1ria, no [&hellip;]<\/p>\n","protected":false},"author":1,"featured_media":52723,"comment_status":"open","ping_status":"closed","sticky":false,"template":"","format":"standard","meta":{"amp_status":"","footnotes":""},"categories":[1236],"tags":[33649,33645,29552,33643,4054,33642,33647,33648,205,33644,33646,5174],"class_list":["post-52722","post","type-post","status-publish","format-standard","has-post-thumbnail","hentry","category-norte_de_minas","tag-abertura-do-carnaval-2015-atrai-multidao-em-januaria","tag-atilla-diobanna","tag-balneario-do-rio-pandeiros","tag-carnaval-2015-em-januaria","tag-carnaval-de-januaria","tag-carnaval-de-januaria-2015","tag-elzina-escobar","tag-fernando-silva","tag-januaria","tag-mayara-magalhaes","tag-nancy-castro","tag-pandeiros"],"yoast_head":"<!-- This site is optimized with the Yoast SEO plugin v28.3 - https:\/\/yoast.com\/product\/yoast-seo-wordpress\/ -->\n<title>Abertura do Carnaval 2015 atrai multid\u00e3o em Janu\u00e1ria - Aconteceu no Vale<\/title>\n<meta name=\"robots\" content=\"index, follow, max-snippet:-1, max-image-preview:large, max-video-preview:-1\" \/>\n<link rel=\"canonical\" href=\"https:\/\/aconteceunovale.com.br\/portal\/?p=52722\" \/>\n<meta property=\"og:locale\" content=\"pt_BR\" \/>\n<meta property=\"og:type\" content=\"article\" \/>\n<meta property=\"og:title\" content=\"Abertura do Carnaval 2015 atrai multid\u00e3o em Janu\u00e1ria - Aconteceu no Vale\" \/>\n<meta property=\"og:description\" content=\"Nos cinco dias de festa, nove blocos e sete bandas comandar\u00e3o a festa. Foli\u00f5es tamb\u00e9m podem visitar o Balne\u00e1rio de Pandeiros. Enquanto os \u00faltimos raios de sol se escondiam por detr\u00e1s do Rio S\u00e3o Francisco, os primeiros foli\u00f5es j\u00e1 chegavam na Pra\u00e7a Get\u00falio Vargas para curtir a noite de abertura do Carnaval de Janu\u00e1ria, no [&hellip;]\" \/>\n<meta property=\"og:url\" content=\"https:\/\/aconteceunovale.com.br\/portal\/?p=52722\" \/>\n<meta property=\"og:site_name\" content=\"Aconteceu no Vale\" \/>\n<meta property=\"article:publisher\" content=\"https:\/\/www.facebook.com\/aconteceunovale\/\" \/>\n<meta property=\"article:published_time\" content=\"2015-02-14T20:06:30+00:00\" \/>\n<meta property=\"article:modified_time\" content=\"2015-02-14T20:07:29+00:00\" \/>\n<meta property=\"og:image\" content=\"https:\/\/aconteceunovale.com.br\/portal\/wp-content\/uploads\/2015\/02\/carnaval_januaria_15_1.jpg\" \/>\n\t<meta property=\"og:image:width\" content=\"620\" \/>\n\t<meta property=\"og:image:height\" content=\"439\" \/>\n\t<meta property=\"og:image:type\" content=\"image\/jpeg\" \/>\n<meta name=\"author\" content=\"Aconteceu no Vale\" \/>\n<meta name=\"twitter:card\" content=\"summary_large_image\" \/>\n<meta name=\"twitter:creator\" content=\"@noticiadosvales\" \/>\n<meta name=\"twitter:site\" content=\"@noticiadosvales\" \/>\n<meta name=\"twitter:label1\" content=\"Escrito por\" \/>\n\t<meta name=\"twitter:data1\" content=\"Aconteceu no Vale\" \/>\n\t<meta name=\"twitter:label2\" content=\"Est. tempo de leitura\" \/>\n\t<meta name=\"twitter:data2\" content=\"4 minutos\" \/>\n<script type=\"application\/ld+json\" class=\"yoast-schema-graph\">{\"@context\":\"https:\\\/\\\/schema.org\",\"@graph\":[{\"@type\":\"Article\",\"@id\":\"https:\\\/\\\/aconteceunovale.com.br\\\/portal\\\/?p=52722#article\",\"isPartOf\":{\"@id\":\"https:\\\/\\\/aconteceunovale.com.br\\\/portal\\\/?p=52722\"},\"author\":{\"name\":\"Aconteceu no Vale\",\"@id\":\"https:\\\/\\\/aconteceunovale.com.br\\\/portal\\\/#\\\/schema\\\/person\\\/633529146f2c94272bef50ac2953d589\"},\"headline\":\"Abertura do Carnaval 2015 atrai multid\u00e3o em Janu\u00e1ria\",\"datePublished\":\"2015-02-14T20:06:30+00:00\",\"dateModified\":\"2015-02-14T20:07:29+00:00\",\"mainEntityOfPage\":{\"@id\":\"https:\\\/\\\/aconteceunovale.com.br\\\/portal\\\/?p=52722\"},\"wordCount\":895,\"commentCount\":0,\"image\":{\"@id\":\"https:\\\/\\\/aconteceunovale.com.br\\\/portal\\\/?p=52722#primaryimage\"},\"thumbnailUrl\":\"https:\\\/\\\/aconteceunovale.com.br\\\/portal\\\/wp-content\\\/uploads\\\/2015\\\/02\\\/carnaval_januaria_15_1.jpg\",\"keywords\":[\"Abertura do Carnaval 2015 atrai multid\u00e3o em Janu\u00e1ria\",\"\u00c1tilla Diobanna\",\"Balne\u00e1rio do Rio Pandeiros\",\"Carnaval 2015 em Janu\u00e1ria\",\"Carnaval de Janu\u00e1ria\",\"Carnaval de Janu\u00e1ria 2015\",\"Elzina Escobar\",\"Fernando Silva\",\"Janu\u00e1ria\",\"Mayara Magalh\u00e3es\",\"Nancy Castro\",\"Pandeiros\"],\"articleSection\":[\"Norte de Minas\"],\"inLanguage\":\"pt-BR\",\"potentialAction\":[{\"@type\":\"CommentAction\",\"name\":\"Comment\",\"target\":[\"https:\\\/\\\/aconteceunovale.com.br\\\/portal\\\/?p=52722#respond\"]}]},{\"@type\":\"WebPage\",\"@id\":\"https:\\\/\\\/aconteceunovale.com.br\\\/portal\\\/?p=52722\",\"url\":\"https:\\\/\\\/aconteceunovale.com.br\\\/portal\\\/?p=52722\",\"name\":\"Abertura do Carnaval 2015 atrai multid\u00e3o em Janu\u00e1ria - Aconteceu no Vale\",\"isPartOf\":{\"@id\":\"https:\\\/\\\/aconteceunovale.com.br\\\/portal\\\/#website\"},\"primaryImageOfPage\":{\"@id\":\"https:\\\/\\\/aconteceunovale.com.br\\\/portal\\\/?p=52722#primaryimage\"},\"image\":{\"@id\":\"https:\\\/\\\/aconteceunovale.com.br\\\/portal\\\/?p=52722#primaryimage\"},\"thumbnailUrl\":\"https:\\\/\\\/aconteceunovale.com.br\\\/portal\\\/wp-content\\\/uploads\\\/2015\\\/02\\\/carnaval_januaria_15_1.jpg\",\"datePublished\":\"2015-02-14T20:06:30+00:00\",\"dateModified\":\"2015-02-14T20:07:29+00:00\",\"author\":{\"@id\":\"https:\\\/\\\/aconteceunovale.com.br\\\/portal\\\/#\\\/schema\\\/person\\\/633529146f2c94272bef50ac2953d589\"},\"breadcrumb\":{\"@id\":\"https:\\\/\\\/aconteceunovale.com.br\\\/portal\\\/?p=52722#breadcrumb\"},\"inLanguage\":\"pt-BR\",\"potentialAction\":[{\"@type\":\"ReadAction\",\"target\":[\"https:\\\/\\\/aconteceunovale.com.br\\\/portal\\\/?p=52722\"]}]},{\"@type\":\"ImageObject\",\"inLanguage\":\"pt-BR\",\"@id\":\"https:\\\/\\\/aconteceunovale.com.br\\\/portal\\\/?p=52722#primaryimage\",\"url\":\"https:\\\/\\\/aconteceunovale.com.br\\\/portal\\\/wp-content\\\/uploads\\\/2015\\\/02\\\/carnaval_januaria_15_1.jpg\",\"contentUrl\":\"https:\\\/\\\/aconteceunovale.com.br\\\/portal\\\/wp-content\\\/uploads\\\/2015\\\/02\\\/carnaval_januaria_15_1.jpg\",\"width\":620,\"height\":439},{\"@type\":\"BreadcrumbList\",\"@id\":\"https:\\\/\\\/aconteceunovale.com.br\\\/portal\\\/?p=52722#breadcrumb\",\"itemListElement\":[{\"@type\":\"ListItem\",\"position\":1,\"name\":\"In\u00edcio\",\"item\":\"https:\\\/\\\/aconteceunovale.com.br\\\/portal\\\/\"},{\"@type\":\"ListItem\",\"position\":2,\"name\":\"Abertura do Carnaval 2015 atrai multid\u00e3o em Janu\u00e1ria\"}]},{\"@type\":\"WebSite\",\"@id\":\"https:\\\/\\\/aconteceunovale.com.br\\\/portal\\\/#website\",\"url\":\"https:\\\/\\\/aconteceunovale.com.br\\\/portal\\\/\",\"name\":\"Aconteceu no Vale\",\"description\":\"Portal de Not\u00edcias\",\"potentialAction\":[{\"@type\":\"SearchAction\",\"target\":{\"@type\":\"EntryPoint\",\"urlTemplate\":\"https:\\\/\\\/aconteceunovale.com.br\\\/portal\\\/?s={search_term_string}\"},\"query-input\":{\"@type\":\"PropertyValueSpecification\",\"valueRequired\":true,\"valueName\":\"search_term_string\"}}],\"inLanguage\":\"pt-BR\"},{\"@type\":\"Person\",\"@id\":\"https:\\\/\\\/aconteceunovale.com.br\\\/portal\\\/#\\\/schema\\\/person\\\/633529146f2c94272bef50ac2953d589\",\"name\":\"Aconteceu no Vale\",\"description\":\"Equipe de reportagem do Aconteceu no Vale, portal de not\u00edcias do Vale do Jequitinhonha, em Minas Gerais. Cobrimos as 51 cidades do Vale desde 2013. Sugest\u00f5es de pauta e pedidos de corre\u00e7\u00e3o: contato@aconteceunovale.com.br\",\"sameAs\":[\"http:\\\/\\\/www.aconteceunovale.com.br\"],\"url\":\"https:\\\/\\\/aconteceunovale.com.br\\\/portal\\\/?author=1\"}]}<\/script>\n<!-- \/ Yoast SEO plugin. -->","yoast_head_json":{"title":"Abertura do Carnaval 2015 atrai multid\u00e3o em Janu\u00e1ria - Aconteceu no Vale","robots":{"index":"index","follow":"follow","max-snippet":"max-snippet:-1","max-image-preview":"max-image-preview:large","max-video-preview":"max-video-preview:-1"},"canonical":"https:\/\/aconteceunovale.com.br\/portal\/?p=52722","og_locale":"pt_BR","og_type":"article","og_title":"Abertura do Carnaval 2015 atrai multid\u00e3o em Janu\u00e1ria - Aconteceu no Vale","og_description":"Nos cinco dias de festa, nove blocos e sete bandas comandar\u00e3o a festa. Foli\u00f5es tamb\u00e9m podem visitar o Balne\u00e1rio de Pandeiros. Enquanto os \u00faltimos raios de sol se escondiam por detr\u00e1s do Rio S\u00e3o Francisco, os primeiros foli\u00f5es j\u00e1 chegavam na Pra\u00e7a Get\u00falio Vargas para curtir a noite de abertura do Carnaval de Janu\u00e1ria, no [&hellip;]","og_url":"https:\/\/aconteceunovale.com.br\/portal\/?p=52722","og_site_name":"Aconteceu no Vale","article_publisher":"https:\/\/www.facebook.com\/aconteceunovale\/","article_published_time":"2015-02-14T20:06:30+00:00","article_modified_time":"2015-02-14T20:07:29+00:00","og_image":[{"width":620,"height":439,"url":"https:\/\/aconteceunovale.com.br\/portal\/wp-content\/uploads\/2015\/02\/carnaval_januaria_15_1.jpg","type":"image\/jpeg"}],"author":"Aconteceu no Vale","twitter_card":"summary_large_image","twitter_creator":"@noticiadosvales","twitter_site":"@noticiadosvales","twitter_misc":{"Escrito por":"Aconteceu no Vale","Est. tempo de leitura":"4 minutos"},"schema":{"@context":"https:\/\/schema.org","@graph":[{"@type":"Article","@id":"https:\/\/aconteceunovale.com.br\/portal\/?p=52722#article","isPartOf":{"@id":"https:\/\/aconteceunovale.com.br\/portal\/?p=52722"},"author":{"name":"Aconteceu no Vale","@id":"https:\/\/aconteceunovale.com.br\/portal\/#\/schema\/person\/633529146f2c94272bef50ac2953d589"},"headline":"Abertura do Carnaval 2015 atrai multid\u00e3o em Janu\u00e1ria","datePublished":"2015-02-14T20:06:30+00:00","dateModified":"2015-02-14T20:07:29+00:00","mainEntityOfPage":{"@id":"https:\/\/aconteceunovale.com.br\/portal\/?p=52722"},"wordCount":895,"commentCount":0,"image":{"@id":"https:\/\/aconteceunovale.com.br\/portal\/?p=52722#primaryimage"},"thumbnailUrl":"https:\/\/aconteceunovale.com.br\/portal\/wp-content\/uploads\/2015\/02\/carnaval_januaria_15_1.jpg","keywords":["Abertura do Carnaval 2015 atrai multid\u00e3o em Janu\u00e1ria","\u00c1tilla Diobanna","Balne\u00e1rio do Rio Pandeiros","Carnaval 2015 em Janu\u00e1ria","Carnaval de Janu\u00e1ria","Carnaval de Janu\u00e1ria 2015","Elzina Escobar","Fernando Silva","Janu\u00e1ria","Mayara Magalh\u00e3es","Nancy Castro","Pandeiros"],"articleSection":["Norte de Minas"],"inLanguage":"pt-BR","potentialAction":[{"@type":"CommentAction","name":"Comment","target":["https:\/\/aconteceunovale.com.br\/portal\/?p=52722#respond"]}]},{"@type":"WebPage","@id":"https:\/\/aconteceunovale.com.br\/portal\/?p=52722","url":"https:\/\/aconteceunovale.com.br\/portal\/?p=52722","name":"Abertura do Carnaval 2015 atrai multid\u00e3o em Janu\u00e1ria - Aconteceu no Vale","isPartOf":{"@id":"https:\/\/aconteceunovale.com.br\/portal\/#website"},"primaryImageOfPage":{"@id":"https:\/\/aconteceunovale.com.br\/portal\/?p=52722#primaryimage"},"image":{"@id":"https:\/\/aconteceunovale.com.br\/portal\/?p=52722#primaryimage"},"thumbnailUrl":"https:\/\/aconteceunovale.com.br\/portal\/wp-content\/uploads\/2015\/02\/carnaval_januaria_15_1.jpg","datePublished":"2015-02-14T20:06:30+00:00","dateModified":"2015-02-14T20:07:29+00:00","author":{"@id":"https:\/\/aconteceunovale.com.br\/portal\/#\/schema\/person\/633529146f2c94272bef50ac2953d589"},"breadcrumb":{"@id":"https:\/\/aconteceunovale.com.br\/portal\/?p=52722#breadcrumb"},"inLanguage":"pt-BR","potentialAction":[{"@type":"ReadAction","target":["https:\/\/aconteceunovale.com.br\/portal\/?p=52722"]}]},{"@type":"ImageObject","inLanguage":"pt-BR","@id":"https:\/\/aconteceunovale.com.br\/portal\/?p=52722#primaryimage","url":"https:\/\/aconteceunovale.com.br\/portal\/wp-content\/uploads\/2015\/02\/carnaval_januaria_15_1.jpg","contentUrl":"https:\/\/aconteceunovale.com.br\/portal\/wp-content\/uploads\/2015\/02\/carnaval_januaria_15_1.jpg","width":620,"height":439},{"@type":"BreadcrumbList","@id":"https:\/\/aconteceunovale.com.br\/portal\/?p=52722#breadcrumb","itemListElement":[{"@type":"ListItem","position":1,"name":"In\u00edcio","item":"https:\/\/aconteceunovale.com.br\/portal\/"},{"@type":"ListItem","position":2,"name":"Abertura do Carnaval 2015 atrai multid\u00e3o em Janu\u00e1ria"}]},{"@type":"WebSite","@id":"https:\/\/aconteceunovale.com.br\/portal\/#website","url":"https:\/\/aconteceunovale.com.br\/portal\/","name":"Aconteceu no Vale","description":"Portal de Not\u00edcias","potentialAction":[{"@type":"SearchAction","target":{"@type":"EntryPoint","urlTemplate":"https:\/\/aconteceunovale.com.br\/portal\/?s={search_term_string}"},"query-input":{"@type":"PropertyValueSpecification","valueRequired":true,"valueName":"search_term_string"}}],"inLanguage":"pt-BR"},{"@type":"Person","@id":"https:\/\/aconteceunovale.com.br\/portal\/#\/schema\/person\/633529146f2c94272bef50ac2953d589","name":"Aconteceu no Vale","description":"Equipe de reportagem do Aconteceu no Vale, portal de not\u00edcias do Vale do Jequitinhonha, em Minas Gerais. Cobrimos as 51 cidades do Vale desde 2013. Sugest\u00f5es de pauta e pedidos de corre\u00e7\u00e3o: contato@aconteceunovale.com.br","sameAs":["http:\/\/www.aconteceunovale.com.br"],"url":"https:\/\/aconteceunovale.com.br\/portal\/?author=1"}]}},"_links":{"self":[{"href":"https:\/\/aconteceunovale.com.br\/portal\/index.php?rest_route=\/wp\/v2\/posts\/52722","targetHints":{"allow":["GET"]}}],"collection":[{"href":"https:\/\/aconteceunovale.com.br\/portal\/index.php?rest_route=\/wp\/v2\/posts"}],"about":[{"href":"https:\/\/aconteceunovale.com.br\/portal\/index.php?rest_route=\/wp\/v2\/types\/post"}],"author":[{"embeddable":true,"href":"https:\/\/aconteceunovale.com.br\/portal\/index.php?rest_route=\/wp\/v2\/users\/1"}],"replies":[{"embeddable":true,"href":"https:\/\/aconteceunovale.com.br\/portal\/index.php?rest_route=%2Fwp%2Fv2%2Fcomments&post=52722"}],"version-history":[{"count":0,"href":"https:\/\/aconteceunovale.com.br\/portal\/index.php?rest_route=\/wp\/v2\/posts\/52722\/revisions"}],"wp:featuredmedia":[{"embeddable":true,"href":"https:\/\/aconteceunovale.com.br\/portal\/index.php?rest_route=\/wp\/v2\/media\/52723"}],"wp:attachment":[{"href":"https:\/\/aconteceunovale.com.br\/portal\/index.php?rest_route=%2Fwp%2Fv2%2Fmedia&parent=52722"}],"wp:term":[{"taxonomy":"category","embeddable":true,"href":"https:\/\/aconteceunovale.com.br\/portal\/index.php?rest_route=%2Fwp%2Fv2%2Fcategories&post=52722"},{"taxonomy":"post_tag","embeddable":true,"href":"https:\/\/aconteceunovale.com.br\/portal\/index.php?rest_route=%2Fwp%2Fv2%2Ftags&post=52722"}],"curies":[{"name":"wp","href":"https:\/\/api.w.org\/{rel}","templated":true}]}}