{"id":52713,"date":"2015-02-14T15:50:14","date_gmt":"2015-02-14T18:50:14","guid":{"rendered":"http:\/\/aconteceunovale.com.br\/portal\/?p=52713"},"modified":"2015-02-15T10:53:19","modified_gmt":"2015-02-15T13:53:19","slug":"bebe-de-dois-meses-amanhece-morto-ao-lado-da-mae-no-leste-de-minas","status":"publish","type":"post","link":"https:\/\/aconteceunovale.com.br\/portal\/?p=52713","title":{"rendered":"Beb\u00ea de dois meses amanhece morto ao lado da m\u00e3e no Leste de Minas"},"content":{"rendered":"<h4><em><strong>Caso foi registrado pela Pol\u00edcia Militar em Inhapim. Em Coronel Fabriciano, um homem de 29 anos foi assassinado.<\/strong><\/em><\/h4>\n<p>Uma crian\u00e7a de dois meses amanheceu morta neste s\u00e1bado, 14 de fevereiro, no distrito de Tabajara, em Inhapim (MG). A Pol\u00edcia Militar registrou o caso como homic\u00eddio. De acordo com a corpora\u00e7\u00e3o, N.P.R, de 19 anos, relatou que dormiu na mesma cama com seu filho e que hoje de manh\u00e3 foi acordada por sua m\u00e3e, que percebeu que a crian\u00e7a n\u00e3o estava respirando. <\/p>\n<p>Conforme a PM, uma t\u00e9cnica de enfermagem, que acompanhou todo o pr\u00e9-natal da crian\u00e7a, compareceu ao local e afirmou que ela teria nascido com estado de sa\u00fade perfeito e que os ind\u00edcios de sua morte indicam que foi por asfixia, provavelmente a m\u00e3e deve ter dormido sobre a v\u00edtima. <\/p>\n<p>O corpo da crian\u00e7a foi encaminhado para o Instituto M\u00e9dico Legal. A mulher foi conduzida a Delegacia de Pol\u00edcia Civil, onde foi ouvida e liberada.<\/p>\n<p><strong>Assassinato em Coronel Fabriciano<\/strong><\/p>\n<p>Na noite de sexta-feira (13), a Pol\u00edcia Militar registrou um homic\u00eddio em Coronel Fabriciano, no Vale do A\u00e7o. De acordo com a corpora\u00e7\u00e3o, o crime aconteceu na Rua Rio Casca, no bairro S\u00edlvio Pereira I. Quando os militares chegaram ao local, depararam com o corpo de Crenio Martins de Souza, de 29 anos, ca\u00eddo ao solo. <\/p>\n<p>A Per\u00edcia T\u00e9cnica da Pol\u00edcia Civil foi acionada e constatou que a v\u00edtima apresentava uma perfura\u00e7\u00e3o no pesco\u00e7o, pr\u00f3ximo a nunca. O corpo foi liberado e encaminhado para o Instituto M\u00e9dico legal.<\/p>\n<p>Conforme a PM, momentos antes do crime, a v\u00edtima teve um desentendimento com um rapaz de 25 anos. Uma testemunha informou que o rapaz seria o autor do homic\u00eddio e que ele teria fugido em uma motocicleta de cor preta. A motocicleta foi encontrada na casa de um outro rapaz de 28 anos, que se encontra foragido, juntamente com o autor.<\/p>\n","protected":false},"excerpt":{"rendered":"<p>Caso foi registrado pela Pol\u00edcia Militar em Inhapim. Em Coronel Fabriciano, um homem de 29 anos foi assassinado. Uma crian\u00e7a de dois meses amanheceu morta neste s\u00e1bado, 14 de fevereiro, no distrito de Tabajara, em Inhapim (MG). A Pol\u00edcia Militar registrou o caso como homic\u00eddio. De acordo com a corpora\u00e7\u00e3o, N.P.R, de 19 anos, relatou [&hellip;]<\/p>\n","protected":false},"author":1,"featured_media":42404,"comment_status":"open","ping_status":"closed","sticky":false,"template":"","format":"standard","meta":{"amp_status":"","footnotes":""},"categories":[121],"tags":[33629,33628,1524,33630,33631,296,33627,33626,33632],"class_list":["post-52713","post","type-post","status-publish","format-standard","has-post-thumbnail","hentry","category-leste","tag-bebe-de-dois-meses-amanhece-morto-ao-lado-da-mae-em-inhapim","tag-bebe-de-dois-meses-amanhece-morto-ao-lado-da-mae-no-leste-de-minas","tag-coronel-fabriciano","tag-crenio-martins-de-souza","tag-helienay-vieira-de-freitas","tag-inhapim","tag-naiara-paula-dos-reis","tag-nathan-moraes-fernandes","tag-thiago-martins-matos"],"_links":{"self":[{"href":"https:\/\/aconteceunovale.com.br\/portal\/index.php?rest_route=\/wp\/v2\/posts\/52713","targetHints":{"allow":["GET"]}}],"collection":[{"href":"https:\/\/aconteceunovale.com.br\/portal\/index.php?rest_route=\/wp\/v2\/posts"}],"about":[{"href":"https:\/\/aconteceunovale.com.br\/portal\/index.php?rest_route=\/wp\/v2\/types\/post"}],"author":[{"embeddable":true,"href":"https:\/\/aconteceunovale.com.br\/portal\/index.php?rest_route=\/wp\/v2\/users\/1"}],"replies":[{"embeddable":true,"href":"https:\/\/aconteceunovale.com.br\/portal\/index.php?rest_route=%2Fwp%2Fv2%2Fcomments&post=52713"}],"version-history":[{"count":0,"href":"https:\/\/aconteceunovale.com.br\/portal\/index.php?rest_route=\/wp\/v2\/posts\/52713\/revisions"}],"wp:featuredmedia":[{"embeddable":true,"href":"https:\/\/aconteceunovale.com.br\/portal\/index.php?rest_route=\/wp\/v2\/media\/42404"}],"wp:attachment":[{"href":"https:\/\/aconteceunovale.com.br\/portal\/index.php?rest_route=%2Fwp%2Fv2%2Fmedia&parent=52713"}],"wp:term":[{"taxonomy":"category","embeddable":true,"href":"https:\/\/aconteceunovale.com.br\/portal\/index.php?rest_route=%2Fwp%2Fv2%2Fcategories&post=52713"},{"taxonomy":"post_tag","embeddable":true,"href":"https:\/\/aconteceunovale.com.br\/portal\/index.php?rest_route=%2Fwp%2Fv2%2Ftags&post=52713"}],"curies":[{"name":"wp","href":"https:\/\/api.w.org\/{rel}","templated":true}]}}