{"id":52710,"date":"2015-02-14T15:23:40","date_gmt":"2015-02-14T18:23:40","guid":{"rendered":"http:\/\/aconteceunovale.com.br\/portal\/?p=52710"},"modified":"2015-02-14T15:23:40","modified_gmt":"2015-02-14T18:23:40","slug":"prefeito-de-itambe-do-mato-dentro-procura-a-pm-e-diz-ter-sido-agredido-por-comerciante","status":"publish","type":"post","link":"https:\/\/aconteceunovale.com.br\/portal\/?p=52710","title":{"rendered":"Prefeito de Itamb\u00e9 do Mato Dentro procura a PM e diz ter sido agredido por comerciante"},"content":{"rendered":"<h4><em><strong>Prefeito relatou a PM, que comerciante o agrediu ap\u00f3s orienta\u00e7\u00e3o sobre expans\u00e3o de trailer em \u00e1rea irregular. J\u00e1 o propriet\u00e1rio trailer relatou que em momento algum agrediu o pol\u00edtico.<\/strong><\/em><\/h4>\n<p>O prefeito de Itamb\u00e9 do Mato Dentro, Jos\u00e9 El\u00edsio de Oliveira Duarte (PMDB), foi agredido a pauladas na manh\u00e3 deste s\u00e1bado, 14 de fevereiro, na Pra\u00e7a Primeiro de Mar\u00e7o, na regi\u00e3o central da cidade, localizada na microrregi\u00e3o de Concei\u00e7\u00e3o do Mato Dentro (MG). De acordo com o registro de ocorr\u00eancias da Pol\u00edcia Militar, o pol\u00edtico relatou que teria abordado o comerciante Derverson Ricardo Ribeiro de Souza, de 26 anos, para orient\u00e1-lo quando a expans\u00e3o de um trailer em uma \u00e1rea irregular.<\/p>\n<p>O prefeito relatou tamb\u00e9m que o comerciante n\u00e3o teria aceitado a orienta\u00e7\u00e3o, ficando exaltado, momento que se armou com um peda\u00e7o de bambu e passou a agredi-lo fisicamente, causando-lhe um corte contuso na m\u00e3o direita, escoria\u00e7\u00f5es pelo corpo. <\/p>\n<p><strong>Vers\u00e3o do comerciante<\/strong><\/p>\n<p>J\u00e1 o propriet\u00e1rio do trailer, tamb\u00e9m procurou a PM e informou que estava em seu estabelecimento, momento que foi abordado pelo prefeito. Ele disse que o administrador da cidade j\u00e1 estava exaltado e sem ouvir o que ele tinha para dizer, o agrediu com um capacete e um tapa no rosto, momento que correu para o interior do trailer, sendo perseguido por Jos\u00e9 El\u00edsio, que segundo ele estava com um peda\u00e7o de bambu nas m\u00e3os. <\/p>\n<p>Ainda conforme o relato de Derverson, o bambu estava rachado e que isso pode ter provocado a les\u00e3o na m\u00e3o do prefeito. Ele tamb\u00e9m afirmou a Pol\u00edcia Militar que em momento algum agrediu Jos\u00e9 El\u00edsio, que apenas apanhou um fac\u00e3o que estava no trailer, temendo que o pol\u00edtico o encontrasse e o utilizasse para agredi-lo. <\/p>\n<p><strong>Testemunhas<\/strong><\/p>\n<p>Conforme o registro de ocorr\u00eancias da Pol\u00edcia Militar, a confus\u00e3o foi presenciada por pessoas que ajudaram a separar a briga, por\u00e9m quando os militares estiveram no local, ningu\u00e9m foi localizado para ajudar a esclarecer os fatos. <\/p>\n<p>O prefeito se deslocou ao posto m\u00e9dico local, onde recebeu atendimento e foi liberado. Conforme a PM, foi dada voz de pris\u00e3o aos envolvidos e enviado um TCO a Delegacia de Itabira, que os liberou na fra\u00e7\u00e3o policial militar mediante assinaturas.<\/p>\n","protected":false},"excerpt":{"rendered":"<p>Prefeito relatou a PM, que comerciante o agrediu ap\u00f3s orienta\u00e7\u00e3o sobre expans\u00e3o de trailer em \u00e1rea irregular. J\u00e1 o propriet\u00e1rio trailer relatou que em momento algum agrediu o pol\u00edtico. O prefeito de Itamb\u00e9 do Mato Dentro, Jos\u00e9 El\u00edsio de Oliveira Duarte (PMDB), foi agredido a pauladas na manh\u00e3 deste s\u00e1bado, 14 de fevereiro, na Pra\u00e7a [&hellip;]<\/p>\n","protected":false},"author":1,"featured_media":52711,"comment_status":"open","ping_status":"closed","sticky":false,"template":"","format":"standard","meta":{"amp_status":"","footnotes":""},"categories":[123],"tags":[33625,776,33624,33623,33622],"class_list":["post-52710","post","type-post","status-publish","format-standard","has-post-thumbnail","hentry","category-gerais","tag-derverson-ricardo-ribeiro-de-souza","tag-itambe-do-mato-dentro","tag-jose-elisio-de-oliveira-duarte","tag-prefeito-de-itambe-do-mato-dentro","tag-prefeito-de-itambe-do-mato-dentro-procura-a-pm-e-diz-ter-sido-agredido-por-comerciante"],"_links":{"self":[{"href":"https:\/\/aconteceunovale.com.br\/portal\/index.php?rest_route=\/wp\/v2\/posts\/52710","targetHints":{"allow":["GET"]}}],"collection":[{"href":"https:\/\/aconteceunovale.com.br\/portal\/index.php?rest_route=\/wp\/v2\/posts"}],"about":[{"href":"https:\/\/aconteceunovale.com.br\/portal\/index.php?rest_route=\/wp\/v2\/types\/post"}],"author":[{"embeddable":true,"href":"https:\/\/aconteceunovale.com.br\/portal\/index.php?rest_route=\/wp\/v2\/users\/1"}],"replies":[{"embeddable":true,"href":"https:\/\/aconteceunovale.com.br\/portal\/index.php?rest_route=%2Fwp%2Fv2%2Fcomments&post=52710"}],"version-history":[{"count":0,"href":"https:\/\/aconteceunovale.com.br\/portal\/index.php?rest_route=\/wp\/v2\/posts\/52710\/revisions"}],"wp:featuredmedia":[{"embeddable":true,"href":"https:\/\/aconteceunovale.com.br\/portal\/index.php?rest_route=\/wp\/v2\/media\/52711"}],"wp:attachment":[{"href":"https:\/\/aconteceunovale.com.br\/portal\/index.php?rest_route=%2Fwp%2Fv2%2Fmedia&parent=52710"}],"wp:term":[{"taxonomy":"category","embeddable":true,"href":"https:\/\/aconteceunovale.com.br\/portal\/index.php?rest_route=%2Fwp%2Fv2%2Fcategories&post=52710"},{"taxonomy":"post_tag","embeddable":true,"href":"https:\/\/aconteceunovale.com.br\/portal\/index.php?rest_route=%2Fwp%2Fv2%2Ftags&post=52710"}],"curies":[{"name":"wp","href":"https:\/\/api.w.org\/{rel}","templated":true}]}}