{"id":52683,"date":"2015-02-14T12:24:06","date_gmt":"2015-02-14T15:24:06","guid":{"rendered":"http:\/\/aconteceunovale.com.br\/portal\/?p=52683"},"modified":"2015-02-14T14:57:38","modified_gmt":"2015-02-14T17:57:38","slug":"empresario-do-vale-do-jequitinhonha-e-executado-a-tiros-em-vitoria-da-conquista","status":"publish","type":"post","link":"https:\/\/aconteceunovale.com.br\/portal\/?p=52683","title":{"rendered":"Empres\u00e1rio do Vale do Jequitinhonha \u00e9 executado a tiros em Vit\u00f3ria da Conquista"},"content":{"rendered":"<h4><em><strong>V\u00edtima foi executada a tiros em no bairro Guarani, em Vit\u00f3ria da Conquista. Motiva\u00e7\u00e3o do crime ainda \u00e9 um mist\u00e9rio para a Pol\u00edcia.<\/strong><\/em><\/h4>\n<p>O empres\u00e1rio Miguel Viana Caracas Filho, 48 anos, foi assassinado a tiros na manh\u00e3 deste s\u00e1bado, 14 de fevereiro, na Rua Visconde de Mau\u00e1, no bairro Guarani, em Vit\u00f3ria da Conquista (BA). A v\u00edtima residia em Itaobim, no Vale do Jequitinhonha.<\/p>\n<p>De acordo com relatos de populares, a v\u00edtima estacionou uma Toyota SW4 em frente a uma oficina, momento que dois homens se aproximaram em uma motocicleta e efetuaram v\u00e1rios disparos com arma de fogo. O empres\u00e1rio estava acompanhado de seu sogro, que tamb\u00e9m foi alvejado. Ele foi socorrido pelo Samu e encaminhado ao Hospital de Base.<\/p>\n<p>A Per\u00edcia T\u00e9cnica da Pol\u00edcia Civil foi acionada e ap\u00f3s os procedimentos de praxe, o corpo foi liberado e encaminhado para o Instituto M\u00e9dico Legal (IML) da cidade. A motiva\u00e7\u00e3o do crime ainda \u00e9 um mist\u00e9rio para a Pol\u00edcia local.<\/p>\n<p><img decoding=\"async\" src=\"http:\/\/aconteceunovale.com.br\/portal\/wp-content\/uploads\/2015\/02\/homicidio_caracas.jpg\" alt=\"\" \/><em>V\u00edtima foi executada a tiros em Vit\u00f3ria da Conquista &#8211; Foto: Blog da Resenha Geral<\/em><\/p>\n","protected":false},"excerpt":{"rendered":"<p>V\u00edtima foi executada a tiros em no bairro Guarani, em Vit\u00f3ria da Conquista. Motiva\u00e7\u00e3o do crime ainda \u00e9 um mist\u00e9rio para a Pol\u00edcia. O empres\u00e1rio Miguel Viana Caracas Filho, 48 anos, foi assassinado a tiros na manh\u00e3 deste s\u00e1bado, 14 de fevereiro, na Rua Visconde de Mau\u00e1, no bairro Guarani, em Vit\u00f3ria da Conquista (BA). [&hellip;]<\/p>\n","protected":false},"author":1,"featured_media":52684,"comment_status":"open","ping_status":"closed","sticky":false,"template":"","format":"standard","meta":{"amp_status":"","footnotes":""},"categories":[120],"tags":[33574,33577,33579,33578,33572,33580,33575,391,33573,33621,33576,2842],"class_list":["post-52683","post","type-post","status-publish","format-standard","has-post-thumbnail","hentry","category-jequi","tag-assassinato-de-miguel-caracas","tag-caraca-pecas-e-acessorios","tag-empresario-de-itaobim-e-executado-a-tiros-em-vitoria-da-conquista","tag-empresario-do-vale-do-jequitinhonha-e-executado-a-tiros-em-vitoria-da-conquista","tag-empresario-miguel-caracas","tag-empresario-miguel-caracas-e-executado-a-tiros-em-vitoria-da-conquista","tag-homicidio-miguel-caracas","tag-itaobim","tag-miguel-caracas","tag-miguel-viana-caracas-filho","tag-morte-miguel-caracas","tag-vitoria-da-conquista"],"_links":{"self":[{"href":"https:\/\/aconteceunovale.com.br\/portal\/index.php?rest_route=\/wp\/v2\/posts\/52683","targetHints":{"allow":["GET"]}}],"collection":[{"href":"https:\/\/aconteceunovale.com.br\/portal\/index.php?rest_route=\/wp\/v2\/posts"}],"about":[{"href":"https:\/\/aconteceunovale.com.br\/portal\/index.php?rest_route=\/wp\/v2\/types\/post"}],"author":[{"embeddable":true,"href":"https:\/\/aconteceunovale.com.br\/portal\/index.php?rest_route=\/wp\/v2\/users\/1"}],"replies":[{"embeddable":true,"href":"https:\/\/aconteceunovale.com.br\/portal\/index.php?rest_route=%2Fwp%2Fv2%2Fcomments&post=52683"}],"version-history":[{"count":0,"href":"https:\/\/aconteceunovale.com.br\/portal\/index.php?rest_route=\/wp\/v2\/posts\/52683\/revisions"}],"wp:featuredmedia":[{"embeddable":true,"href":"https:\/\/aconteceunovale.com.br\/portal\/index.php?rest_route=\/wp\/v2\/media\/52684"}],"wp:attachment":[{"href":"https:\/\/aconteceunovale.com.br\/portal\/index.php?rest_route=%2Fwp%2Fv2%2Fmedia&parent=52683"}],"wp:term":[{"taxonomy":"category","embeddable":true,"href":"https:\/\/aconteceunovale.com.br\/portal\/index.php?rest_route=%2Fwp%2Fv2%2Fcategories&post=52683"},{"taxonomy":"post_tag","embeddable":true,"href":"https:\/\/aconteceunovale.com.br\/portal\/index.php?rest_route=%2Fwp%2Fv2%2Ftags&post=52683"}],"curies":[{"name":"wp","href":"https:\/\/api.w.org\/{rel}","templated":true}]}}