{"id":52675,"date":"2015-02-14T11:41:00","date_gmt":"2015-02-14T14:41:00","guid":{"rendered":"http:\/\/aconteceunovale.com.br\/portal\/?p=52675"},"modified":"2015-02-14T11:44:29","modified_gmt":"2015-02-14T14:44:29","slug":"prefeito-do-norte-de-minas-cancela-carnaval-e-usa-dinheiro-para-comprar-cestas-basicas","status":"publish","type":"post","link":"https:\/\/aconteceunovale.com.br\/portal\/?p=52675","title":{"rendered":"Prefeito do Norte de Minas cancela carnaval e usa dinheiro para comprar cestas b\u00e1sicas"},"content":{"rendered":"<h4><em><strong>A medida da prefeitura para beneficiar atingidos pela estiagem provocou pol\u00eamica na cidade de 3,2 mil habitantes, com rea\u00e7\u00e3o contr\u00e1ria do com\u00e9rcio local.<\/strong><\/em><\/h4>\n<p>Para o povo p\u00e3o e circo. Mas, se n\u00e3o tem como contar com as duas coisas, \u00e9 melhor ter alimento no lugar da divers\u00e3o. Com este pensamento, o prefeito da pequena Glaucil\u00e2ndia (Norte de Minas), Geraldo Martins de Freitas (PMDB), decidiu suspender o carnaval da cidade, com o argumento de que vai usar o dinheiro da prefeitura que seria gasto na folia, R$ 30 mil, para comprar cestas b\u00e1sicas e outros benef\u00edcios para os moradores da zona rural do munic\u00edpio que foram atingidos pela estiagem prolongada. A medida provocou pol\u00eamica na cidade \u2013 de 3,2 mil habitantes, com a rea\u00e7\u00e3o contr\u00e1ria do com\u00e9rcio local. <\/p>\n<p><img decoding=\"async\" src=\"http:\/\/aconteceunovale.com.br\/portal\/wp-content\/uploads\/2015\/02\/carnaval_glaucilandia.jpg\" alt=\"\" \/><em>Dona de um restaurante, Maria dos Anjos aprovou a suspens\u00e3o do carnaval. \u201cEu n\u00e3o gosto de carnaval. Sem a festa, a cidade tem paz e tranquilidade\u201d &#8211; Foto: Luiz Ribeiro \/ Estado de Minas<\/em><br \/>\n<\/br><\/p>\n<p>Outras cidades de Minas Gerais tiveram que suspender o carnaval por causa da crise h\u00eddrica. Glaucil\u00e2ndia n\u00e3o tem problemas no abastecimento, com a popula\u00e7\u00e3o recebendo \u00e1gua captada em po\u00e7o tubular. \u201cMas, o nosso grande problema \u00e9 que mais de 80% das lavouras de milho e feij\u00e3o foram perdidas\u201d, justifica o prefeito Geraldo Freitas. Segundo ele, a estiagem prolongada prejudicou cerca de 400 fam\u00edlias da zona rural,que dever\u00e3o ser contempladas com cestas b\u00e1sicas e sistemas simplificados de abastecimento de \u00e1gua, a serem adquiridos com os R$ 30 mil que seriam gastos com a contrata\u00e7\u00e3o de bandas e montagem de palco e aparelhagem de som para o carnaval.<\/p>\n<p>A medida provocou pol\u00eamica na cidade, com os moradores se dividindo em rela\u00e7\u00e3o ao cancelamento da folia para \u201ccomprar comida para os flagelados da seca\u201d. \u201cSou contra a suspens\u00e3o da festa porque o carnaval \u00e9 praticamente o \u00fanico per\u00edodo do ano que recebemos pessoas de outra cidade que d\u00e3o maior movimento no lugar\u201d, afirmou Edite Alves dos Santos, dona de uma lanchonete na cidade.<\/p>\n<p>Dona de um bar e mercearia em Glaucil\u00e2ndia, Gabriela Ferreira Pinto de Ara\u00fajo protesta: \u201ca gente paga os impostos em dia. Quando chega a \u00e9poca de ganhar alguma coisa no carnaval, ficamos sem o nosso ganha-p\u00e3o\u201d. Gabriela disse que n\u00e3o pode ser contra o argumento do prefeito de querer auxiliar os antigos pela seca. \u201cMas, quero que seja provado que o dinheiro ser\u00e1 mesmo aplicado em coisas para ajudar quem precisa\u201d. Django Nunes Ferreira, propriet\u00e1rio de outro bar na cidade, disse que tamb\u00e9m lamenta a n\u00e3o realiza\u00e7\u00e3o do carnaval. \u201cMas, que sejam comprados mantimentos para ajudar quem sofre com a seca, n\u00e3o posso ficar contra\u201d. Para amenizar a queda no faturamento, Django decidiu promover um \u201ccarnaval particular\u201d no espa\u00e7o do seu estabelecimento que \u00e9 dedicado a uma danceteria. \u201cPara n\u00e3o passar em branco, teremos som mec\u00e2nico, com musicas de carnaval e forr\u00f3\u201d, informa. <\/p>\n<p>J\u00e1 a moradora Maria dos Anjos apoiou a suspens\u00e3o do carnaval. Ela \u00e9 propriet\u00e1ria de um restaurante, que tem como clientela professores e servidores p\u00fablicos. \u201cEu n\u00e3o gosto de carnaval. Sem a festa, a cidade tem paz e tranquilidade\u201d, considera. A dom\u00e9stica Luciene Pereira dos Anjos tamb\u00e9m se declara a favor da medida tomada pelo executivo municipal. \u201c\u00c9 muito melhor ajudar as pessoas do que gastar dinheiro no carnaval\u201d, disse. Entre os moradores de Glaucil\u00e2ndia, um dos poucos que n\u00e3o entra na pol\u00eamica sobre a n\u00e3o realiza\u00e7\u00e3o do carnaval \u00e9 Constantino Luiz Neto. \u201cSou neutro\u201d, diz. Ele explica: \u201csou pastor e pra mim, pouco importa realizar ou n\u00e3o o carnaval. N\u00e3o discuto isso\u201d. <\/p>\n<p>Na zona rural de Glaucil\u00e2ndia, a suspens\u00e3o do carnaval \u00e9 comemorada com a esperan\u00e7a para a chegada de alguma ajuda para quem perdeu tudo coma seca. \u00c9 o caso do agricultor Jer\u00f4nimo Roque Martins, de 70 anos, da comunidade de \u00c1gua Boa. Ele se viu obrigado arrancar os p\u00e9s de milho, sem colher nada, depois de ver a lavoura de um hectare destru\u00edda pelo sol forte. \u201cEssa medida foi muto boa. Carnaval s\u00f3 traz desaven\u00e7a pra cidade. A gente que mora na zona rural est\u00e1 precisando de muita ajuda mesmo\u201d, relata ele. <em><strong>(Fonte: Estado de Minas)<\/strong><\/em><\/p>\n","protected":false},"excerpt":{"rendered":"<p>A medida da prefeitura para beneficiar atingidos pela estiagem provocou pol\u00eamica na cidade de 3,2 mil habitantes, com rea\u00e7\u00e3o contr\u00e1ria do com\u00e9rcio local. Para o povo p\u00e3o e circo. Mas, se n\u00e3o tem como contar com as duas coisas, \u00e9 melhor ter alimento no lugar da divers\u00e3o. Com este pensamento, o prefeito da pequena Glaucil\u00e2ndia [&hellip;]<\/p>\n","protected":false},"author":1,"featured_media":52676,"comment_status":"open","ping_status":"closed","sticky":false,"template":"","format":"standard","meta":{"amp_status":"","footnotes":""},"categories":[1236],"tags":[33563,33562,33564,1018,33559,33557,33558,30587,1693,33565,33561,33560,33567,33566],"class_list":["post-52675","post","type-post","status-publish","format-standard","has-post-thumbnail","hentry","category-norte_de_minas","tag-carnaval-2015-em-glaucilandia","tag-carnaval-de-glaucilandia","tag-constantino-luiz-neto","tag-destaque","tag-django-nunes-ferreira","tag-edite-alves-dos-santos","tag-gabriela-ferreira-pinto-de-araujo","tag-geraldo-martins-de-freitas","tag-glaucilandia","tag-jeronimo-roque-martins","tag-luciene-pereira-dos-anjos","tag-maria-dos-anjos","tag-prefeito-de-glaucilandia-cancela-carnaval-e-usa-dinheiro-para-comprar-cestas-basicas","tag-prefeito-do-norte-de-minas-cancela-carnaval-e-usa-dinheiro-para-comprar-cestas-basicas"],"_links":{"self":[{"href":"https:\/\/aconteceunovale.com.br\/portal\/index.php?rest_route=\/wp\/v2\/posts\/52675","targetHints":{"allow":["GET"]}}],"collection":[{"href":"https:\/\/aconteceunovale.com.br\/portal\/index.php?rest_route=\/wp\/v2\/posts"}],"about":[{"href":"https:\/\/aconteceunovale.com.br\/portal\/index.php?rest_route=\/wp\/v2\/types\/post"}],"author":[{"embeddable":true,"href":"https:\/\/aconteceunovale.com.br\/portal\/index.php?rest_route=\/wp\/v2\/users\/1"}],"replies":[{"embeddable":true,"href":"https:\/\/aconteceunovale.com.br\/portal\/index.php?rest_route=%2Fwp%2Fv2%2Fcomments&post=52675"}],"version-history":[{"count":0,"href":"https:\/\/aconteceunovale.com.br\/portal\/index.php?rest_route=\/wp\/v2\/posts\/52675\/revisions"}],"wp:featuredmedia":[{"embeddable":true,"href":"https:\/\/aconteceunovale.com.br\/portal\/index.php?rest_route=\/wp\/v2\/media\/52676"}],"wp:attachment":[{"href":"https:\/\/aconteceunovale.com.br\/portal\/index.php?rest_route=%2Fwp%2Fv2%2Fmedia&parent=52675"}],"wp:term":[{"taxonomy":"category","embeddable":true,"href":"https:\/\/aconteceunovale.com.br\/portal\/index.php?rest_route=%2Fwp%2Fv2%2Fcategories&post=52675"},{"taxonomy":"post_tag","embeddable":true,"href":"https:\/\/aconteceunovale.com.br\/portal\/index.php?rest_route=%2Fwp%2Fv2%2Ftags&post=52675"}],"curies":[{"name":"wp","href":"https:\/\/api.w.org\/{rel}","templated":true}]}}