{"id":52670,"date":"2015-02-14T11:30:07","date_gmt":"2015-02-14T14:30:07","guid":{"rendered":"http:\/\/aconteceunovale.com.br\/portal\/?p=52670"},"modified":"2015-02-14T11:31:17","modified_gmt":"2015-02-14T14:31:17","slug":"costureiras-montam-atelie-para-criar-e-customizar-fantasias-em-diamantina","status":"publish","type":"post","link":"https:\/\/aconteceunovale.com.br\/portal\/?p=52670","title":{"rendered":"Costureiras montam ateli\u00ea para criar e customizar fantasias em Diamantina"},"content":{"rendered":"<h4><em><strong>Trabalho \u00e9 feito em um ateli\u00ea na Pra\u00e7a do Mercado. Cidade est\u00e1 preparada para o carnaval e prefeito garante que n\u00e3o haver\u00e1 problema de falta d&#8217;\u00e1gua.<\/strong><\/em><\/h4>\n<p>Est\u00e1 precisando com urg\u00eancia de fantasia? Quer mudar a \u201ccara\u201d do abad\u00e1 e tirar onda com um decote mais ousado? Ou a roupa rasgou e necessita de conserto para agora? Em Diamantina, no Vale do Jequitinhonha, uma equipe de costureiras est\u00e1 pronta para atender o foli\u00e3o e deix\u00e1-lo na \u201clinha\u201d para o carnaval. \u201cPosso receber at\u00e9 mil pessoas por dia\u201d, garante M\u00edriam Ribeiro, que veio de Porto Seguro (BA) com mais duas profissionais do setor e tem resolvido problemas de \u00faltima hora. \u201cHoje fiz at\u00e9 fantasia de bruxinha\u201d, contou M\u00edriam, na maior simpatia diante da m\u00e1quina de costura instalada na Pra\u00e7a do Mercado, no Centro Hist\u00f3rico da cidade, que \u00e9 patrim\u00f4nio cultural da humanidade.<\/p>\n<p><img decoding=\"async\" src=\"http:\/\/aconteceunovale.com.br\/portal\/wp-content\/uploads\/2015\/02\/carnaval_dtna_15_14_1.jpg\" alt=\"\" \/><em>Rha\u00edssa aprovou a ideia da m\u00e1quina de costura a c\u00e9u aberto e, em poucos minutos, teve o abad\u00e1 customizado por M\u00edrian &#8211; Foto: Ramon Lisboa \/ Jornal Estado de Minas<\/em><br \/>\n<\/br><\/p>\n<p>A designer Rha\u00edssa Mariana de Oliveira, de Uberl\u00e2ndia, no Tri\u00e2ngulo Mineiro, gostou da ideia e, em poucos minutos, tinha o abad\u00e1 customizado. \u201c\u00c9 a primeira vez que venho ao carnaval de Diamantina e achei \u00f3timo esse servi\u00e7o r\u00e1pido\u201d, disse a jovem. O casal de Sorocaba (SP) Gustavo e Sabrina Paniza tamb\u00e9m esperou com paci\u00eancia o momento de ver transformada a camiseta, desta vez com a assessoria da outra especialista da equipe, a cantora Eliane Dias. As costureiras ainda v\u00e3o marcar presen\u00e7a em Ouro Preto, Montes Claros e outros munic\u00edpios mineiros que sa\u00fadam o rei Momo.<\/p>\n<p>A expectativa \u00e9 que 30 mil pessoas passem o carnaval em Diamantina, onde, segundo o prefeito Paulo C\u00e9lio (PSDB), n\u00e3o h\u00e1 problema de falta d&#8217;\u00e1gua. \u201cNosso objetivo n\u00e3o \u00e9 ter uma multid\u00e3o aqui neste per\u00edodo, mas oferecer um carnaval qualificado\u201d, afirmou o chefe do Executivo, que, na tarde de ontem, visitou o palco preparado para receber hoje \u00e0 noite o show da banda Jota Quest, seguido dos grupos Batcaverna e Bartucada. \u201cUnimos a tradi\u00e7\u00e3o, como o desfile dos blocos, entre eles o Sapo Seco, e outras atra\u00e7\u00f5es culturais.\u201d Ontem, o grupo Samb\u00f4 levou os foli\u00f5es ao del\u00edrio.<\/p>\n<p><strong>Monumentos protegidos<\/strong><\/p>\n<p>Ainda nas comemora\u00e7\u00f5es dos 15 anos como patrim\u00f4nio cultural da humanidade, t\u00edtulo concedido em dezembro de 1999 pela Organiza\u00e7\u00e3o das Na\u00e7\u00f5es Unidas para a Educa\u00e7\u00e3o, a Ci\u00eancia e a Cultura (Unesco), Diamantina apresenta uma novidade nesta festa, com a prote\u00e7\u00e3o \u201cart\u00edstica\u201d de monumentos tombados, entre eles a Catedral Metropolitana, as igrejas do Bonfim e do Amparo e o Museu dos Diamantes. Nos tapumes, est\u00e1 o resultado da Oficina Educar, trabalho feito com os estudantes da rede municipal de ensino. \u201cPasso o carnaval aqui h\u00e1 tr\u00eas anos e ainda n\u00e3o tinha visto algo assim. Juntaram educa\u00e7\u00e3o patrimonial e seguran\u00e7a dos pr\u00e9dios hist\u00f3ricos\u201d, afirmou a estudante Hosana Mota Caetano, de 22 anos, vinda de Montes Claros, no Norte de Minas, com as amigas R\u00fabia Lafet\u00e1 Rabelo, de 21, e Ra\u00edssa Carvalho Pontes, de 20. <strong><em>(Fonte: Estado de Minas)<\/em><\/strong><\/p>\n","protected":false},"excerpt":{"rendered":"<p>Trabalho \u00e9 feito em um ateli\u00ea na Pra\u00e7a do Mercado. Cidade est\u00e1 preparada para o carnaval e prefeito garante que n\u00e3o haver\u00e1 problema de falta d&#8217;\u00e1gua. Est\u00e1 precisando com urg\u00eancia de fantasia? Quer mudar a \u201ccara\u201d do abad\u00e1 e tirar onda com um decote mais ousado? Ou a roupa rasgou e necessita de conserto para [&hellip;]<\/p>\n","protected":false},"author":1,"featured_media":52671,"comment_status":"open","ping_status":"closed","sticky":false,"template":"","format":"standard","meta":{"amp_status":"","footnotes":""},"categories":[120],"tags":[32478,33551,33545,33556,33546,198,33549,33553,33547,210,33552,211,33550,423,33555,33548,33554,22560,221],"class_list":["post-52670","post","type-post","status-publish","format-standard","has-post-thumbnail","hentry","category-jequi","tag-carnaval-2015-em-diamantina","tag-catedral-metropolitana","tag-costureiras-montam-atelie-para-consertar-e-customizar-fantasias-em-diamantina","tag-costureiras-montam-atelie-para-criar-e-customizar-fantasias-de-carnaval-em-diamantina","tag-costureiras-montam-atelie-para-criar-e-customizar-fantasias-em-diamantina","tag-diamantina","tag-gustavo-e-sabrina-paniza","tag-hosana-mota-caetano","tag-miriam-ribeiro","tag-montes-claros","tag-museu-dos-diamantes","tag-ouro-preto","tag-paulo-celio","tag-porto-seguro","tag-raissa-carvalho-pontes","tag-rhaissa-mariana-de-oliveira","tag-rubia-lafeta-rabelo","tag-sorocaba","tag-uberlandia"],"_links":{"self":[{"href":"https:\/\/aconteceunovale.com.br\/portal\/index.php?rest_route=\/wp\/v2\/posts\/52670","targetHints":{"allow":["GET"]}}],"collection":[{"href":"https:\/\/aconteceunovale.com.br\/portal\/index.php?rest_route=\/wp\/v2\/posts"}],"about":[{"href":"https:\/\/aconteceunovale.com.br\/portal\/index.php?rest_route=\/wp\/v2\/types\/post"}],"author":[{"embeddable":true,"href":"https:\/\/aconteceunovale.com.br\/portal\/index.php?rest_route=\/wp\/v2\/users\/1"}],"replies":[{"embeddable":true,"href":"https:\/\/aconteceunovale.com.br\/portal\/index.php?rest_route=%2Fwp%2Fv2%2Fcomments&post=52670"}],"version-history":[{"count":0,"href":"https:\/\/aconteceunovale.com.br\/portal\/index.php?rest_route=\/wp\/v2\/posts\/52670\/revisions"}],"wp:featuredmedia":[{"embeddable":true,"href":"https:\/\/aconteceunovale.com.br\/portal\/index.php?rest_route=\/wp\/v2\/media\/52671"}],"wp:attachment":[{"href":"https:\/\/aconteceunovale.com.br\/portal\/index.php?rest_route=%2Fwp%2Fv2%2Fmedia&parent=52670"}],"wp:term":[{"taxonomy":"category","embeddable":true,"href":"https:\/\/aconteceunovale.com.br\/portal\/index.php?rest_route=%2Fwp%2Fv2%2Fcategories&post=52670"},{"taxonomy":"post_tag","embeddable":true,"href":"https:\/\/aconteceunovale.com.br\/portal\/index.php?rest_route=%2Fwp%2Fv2%2Ftags&post=52670"}],"curies":[{"name":"wp","href":"https:\/\/api.w.org\/{rel}","templated":true}]}}