{"id":52667,"date":"2015-02-14T11:16:47","date_gmt":"2015-02-14T14:16:47","guid":{"rendered":"http:\/\/aconteceunovale.com.br\/portal\/?p=52667"},"modified":"2015-02-14T11:16:47","modified_gmt":"2015-02-14T14:16:47","slug":"praia-de-coronel-murta-deve-atrair-visitantes-de-toda-a-regiao-neste-carnaval","status":"publish","type":"post","link":"https:\/\/aconteceunovale.com.br\/portal\/?p=52667","title":{"rendered":"Praia de Coronel Murta deve atrair visitantes de toda a regi\u00e3o neste carnaval"},"content":{"rendered":"<h4><em><strong>Shows durante a noite foram cancelados, mas a praia da cidade est\u00e1 preparada para receber os visitantes.<\/strong><\/em><\/h4>\n<p>Conhecida como a \u201cTerra do Sol\u201d e banhada pelo Rio Jequitinhonha, a cidade de Coronel Murta, no m\u00e9dio Vale do Jequitinhonha, deve atrair visitantes de toda a regi\u00e3o neste carnaval 2015. O principal atrativo \u00e9 a praia da cidade.<\/p>\n<p><img decoding=\"async\" src=\"http:\/\/aconteceunovale.com.br\/portal\/wp-content\/uploads\/2015\/02\/coronel_murta_praia2.jpg\" alt=\"\" \/><em>Praia da cidade \u00e9 destino de visitantes de toda a regi\u00e3o &#8211; Foto: Fabiano Rocha<\/em><br \/>\n<\/br><\/p>\n<p>Este ano n\u00e3o haver\u00e1 bandas para animar o carnaval de rua durante a noite. Segundo o prefeito Elet\u00e2ncio Freire (PMN), a prefeitura, a exemplo de outras do interior mineiro, que cancelaram o carnaval, est\u00e1 vivendo uma grave crise financeira, por conta da queda do Fundo de Participa\u00e7\u00e3o dos Munic\u00edpios (FPM). \u201cMas temos uma praia fluvial que \u00e9 o nosso maior atrativo. Independente de ter ou n\u00e3o o carnaval de rua, muitos visitantes das cidades vizinhas, vir\u00e3o para c\u00e1\u201d, acredita o prefeito.<\/p>\n<p>A expectativa \u00e9 positiva e os turistas foli\u00f5es devem marcar presen\u00e7a nos quiosques instalados na praia, que conta ainda com dois bares e um restaurante. \u201cEstamos preparados e ansiosos para receb\u00ea-los e, mais uma vez, despertar neles o desejo de voltar no ano seguinte\u201d, afirma Geraldo Badar\u00f3, secret\u00e1rio municipal de Servi\u00e7os Urbano, Meio Ambiente e Obras P\u00fablicas.<\/p>\n<p>Ao longo da praia, foram montadas as barracas autorizadas para venda de cervejas e alimentos. Uma delas \u00e9 a da dona Marlene Sousa Nunes, de 64 anos. Ela conta que h\u00e1 4 anos ganha um dinheiro extra durante o carnaval, vendendo petiscos e bebidas no quiosque de bambu e folhas de coqueiro que ela montou embaixo da ponte. \u201cEstou preparada. Vamos ter de tudo: peixe frito, caldos, dobradinha, frango caipira e claro, a cervejinha gelada\u201d, avisa dona Marlene.<\/p>\n<p>No centro da cidade, onde acontece \u00e0 agita\u00e7\u00e3o noturna, h\u00e1 uma grande concentra\u00e7\u00e3o de bares, restaurantes e lanchonetes, al\u00e9m de duas pousadas e  tr\u00eas hot\u00e9is.<\/p>\n<p>\u201cA cidade \u00e9 pequena, mas tem op\u00e7\u00f5es para quem tamb\u00e9m quer um pouco de descanso e admirar a beleza da paisagem. Coronel Murta \u00e9 belo e tem um povo bem hospitaleiro\u201d, garante o engenheiro ambiental Marco Aur\u00e9lio Cardoso Murta.<\/p>\n<p><strong>Carnaval consciente<\/strong><\/p>\n<p>Na sexta-feira (13)  funcion\u00e1rios do Centro de Refer\u00eancia de Assist\u00eancia Social (CRAS), Secretaria Municipal de Sa\u00fade e Conselho Tutelar, com apoio da Pol\u00edcia Militar, realizaram a campanha do carnaval consciente.<\/p>\n<p>A iniciativa contou com distribui\u00e7\u00e3o de preservativos  e um kit informativo sobre doen\u00e7as sexualmente transmiss\u00edveis, contendo preservativos,  combate \u00e0 prostitui\u00e7\u00e3o infanto-juvenil, viol\u00eancia contra a mulher  e alerta aos comerciantes sobre o risco e penalidades sobre a venda de bebidas alco\u00f3licas para menores.<\/p>\n<p>No final da manh\u00e3, os volunt\u00e1rios realizaram a limpeza da praia e margens do rio Jequitinhonha. Foi recolhido todo o lixo, como garrafas pets, copos e sacolas pl\u00e1sticas.<\/p>\n<p><img decoding=\"async\" src=\"http:\/\/aconteceunovale.com.br\/portal\/wp-content\/uploads\/2015\/02\/praia_coronel_murta_1.jpg\" alt=\"\" \/><em>Servidores da prefeitura realizaram campanha educativa antes do carnaval &#8211; Foto: Gazeta de Ara\u00e7ua\u00ed<\/em><br \/>\n<\/br><\/p>\n<p><em><strong>(Gazeta de Ara\u00e7ua\u00ed)<\/strong><\/em><\/p>\n","protected":false},"excerpt":{"rendered":"<p>Shows durante a noite foram cancelados, mas a praia da cidade est\u00e1 preparada para receber os visitantes. Conhecida como a \u201cTerra do Sol\u201d e banhada pelo Rio Jequitinhonha, a cidade de Coronel Murta, no m\u00e9dio Vale do Jequitinhonha, deve atrair visitantes de toda a regi\u00e3o neste carnaval 2015. O principal atrativo \u00e9 a praia da [&hellip;]<\/p>\n","protected":false},"author":1,"featured_media":51754,"comment_status":"open","ping_status":"closed","sticky":false,"template":"","format":"standard","meta":{"amp_status":"","footnotes":""},"categories":[120],"tags":[4108,29700,33541,483,1018,30921,33542,33544,33543,33540,33539],"class_list":["post-52667","post","type-post","status-publish","format-standard","has-post-thumbnail","hentry","category-jequi","tag-carnaval","tag-carnaval-2015","tag-carnaval-2015-em-coronel-murta","tag-coronel-murta","tag-destaque","tag-eletancio-freire","tag-geraldo-badaro","tag-marco-aurelio-cardoso-murta","tag-marlene-sousa-nunes","tag-praia-de-coronel-murta","tag-praia-de-coronel-murta-deve-atrair-visitantes-de-toda-a-regiao-neste-carnaval"],"_links":{"self":[{"href":"https:\/\/aconteceunovale.com.br\/portal\/index.php?rest_route=\/wp\/v2\/posts\/52667","targetHints":{"allow":["GET"]}}],"collection":[{"href":"https:\/\/aconteceunovale.com.br\/portal\/index.php?rest_route=\/wp\/v2\/posts"}],"about":[{"href":"https:\/\/aconteceunovale.com.br\/portal\/index.php?rest_route=\/wp\/v2\/types\/post"}],"author":[{"embeddable":true,"href":"https:\/\/aconteceunovale.com.br\/portal\/index.php?rest_route=\/wp\/v2\/users\/1"}],"replies":[{"embeddable":true,"href":"https:\/\/aconteceunovale.com.br\/portal\/index.php?rest_route=%2Fwp%2Fv2%2Fcomments&post=52667"}],"version-history":[{"count":0,"href":"https:\/\/aconteceunovale.com.br\/portal\/index.php?rest_route=\/wp\/v2\/posts\/52667\/revisions"}],"wp:featuredmedia":[{"embeddable":true,"href":"https:\/\/aconteceunovale.com.br\/portal\/index.php?rest_route=\/wp\/v2\/media\/51754"}],"wp:attachment":[{"href":"https:\/\/aconteceunovale.com.br\/portal\/index.php?rest_route=%2Fwp%2Fv2%2Fmedia&parent=52667"}],"wp:term":[{"taxonomy":"category","embeddable":true,"href":"https:\/\/aconteceunovale.com.br\/portal\/index.php?rest_route=%2Fwp%2Fv2%2Fcategories&post=52667"},{"taxonomy":"post_tag","embeddable":true,"href":"https:\/\/aconteceunovale.com.br\/portal\/index.php?rest_route=%2Fwp%2Fv2%2Ftags&post=52667"}],"curies":[{"name":"wp","href":"https:\/\/api.w.org\/{rel}","templated":true}]}}