{"id":52664,"date":"2015-02-14T10:56:12","date_gmt":"2015-02-14T13:56:12","guid":{"rendered":"http:\/\/aconteceunovale.com.br\/portal\/?p=52664"},"modified":"2015-02-14T10:56:12","modified_gmt":"2015-02-14T13:56:12","slug":"rebeliao-em-presidio-de-montes-claros-deixa-27-feridos","status":"publish","type":"post","link":"https:\/\/aconteceunovale.com.br\/portal\/?p=52664","title":{"rendered":"Rebeli\u00e3o em pres\u00eddio de Montes Claros deixa 27 feridos"},"content":{"rendered":"<h4><em><strong>Nove detentos foram levados a hospitais da cidade. Seds divulgou que o motivo alegado pelos preso \u00e9 a superlota\u00e7\u00e3o.<\/strong><\/em><\/h4>\n<p>Detentos do Pres\u00eddio Alvorada em Montes Claros, no Norte de Minas, fizeram uma rebeli\u00e3o na noite desta sexta-feira (13). Agentes penitenci\u00e1rios informaram que o tumulto aconteceu em todo a unidade. J\u00e1 a Secretaria de Estado de Defesa Social (Seds), tratou a situa\u00e7\u00e3o como &#8220;um princ\u00edpio de motim&#8221;. O motivo alegado pelos presos seria a superlota\u00e7\u00e3o do pres\u00eddio.<\/p>\n<p>Desde a interdi\u00e7\u00e3o do Pres\u00eddio Regional da cidade, em 23 de janeiro, 60 presos j\u00e1 foram transferidos para o Pres\u00eddio Alvorada. Segundo dados da Pastoral Carcer\u00e1ria o local tem 262 presos do sexo masculino, 40 a mais do que a capacidade.<\/p>\n<p><img decoding=\"async\" src=\"http:\/\/aconteceunovale.com.br\/portal\/wp-content\/uploads\/2015\/02\/rebeliao_moc_13_2.jpg\" alt=\"\" \/><em>Feridos foram levados aos hospitais de Montes Claros (Foto: Valdivan Veloso\/G1)<\/em><br \/>\n<\/br><\/p>\n<p>Durante o tumulto, os detentos colocaram fogo em colch\u00f5es da unidade e, segundo a assessoria do Samu, 27 detentos ficaram feridos. Nove precisaram ser levados a hospitais da cidade por equipes do Samu e Bombeiros. &#8220;N\u00f3s fomos acionados primeiramente para um princ\u00edpio de inc\u00eandio no Pres\u00eddio, quando chegamos ao local, percebemos que havia certo tumulto, mas separamos os feridos colocando-os para o lado de fora, onde a m\u00e9dica estava prestando os primeiros cuidados e depois encaminhamos aos hospitais&#8221;, afirma o tenente dos Bombeiros, Lauro Fonseca.<\/p>\n<p>Um homem que cumpre pena em regime semi-aberto h\u00e1 um ano e tr\u00eas meses na unidade reclamou da superlota\u00e7\u00e3o. &#8220;Ouvi v\u00e1rias vezes eles dizendo que tinham que manifestar sobre esta situa\u00e7\u00e3o&#8221;, disse o detento que n\u00e3o quis se identificar.<\/p>\n<p>Barulho de explos\u00f5es e gritos dentro do pres\u00eddio deixaram Arlan Cristian apavorado com o irm\u00e3o, que est\u00e1 preso h\u00e1 seis meses no local. &#8220;Fico muito preocupado em acontecer algo com ele nesta confus\u00e3o&#8221;.<\/p>\n<p>A Pol\u00edcia Militar e agentes penitenci\u00e1rios foram acionados para ajudarem a controlar a rebeli\u00e3o. &#8220;A Pol\u00edcia Militar fez o apoio somente na parte externa do pres\u00eddio. Quanto ao barulho n\u00e3o podemos precisar, pois pode ter fontes diversas que originam, inclusive com os pr\u00f3prios presos batendo nas grades das celas&#8221;, explicou o tenente da PM, A\u00edlton D&#8217;Souza.<\/p>\n<p>O tenente disse ainda que os pr\u00f3prios agentes penitenci\u00e1rios conseguiram normalizar a situa\u00e7\u00e3o. A Seds informou que presos que lideraram a manifesta\u00e7\u00e3o &#8220;ser\u00e3o transferidos para outras unidades do sistema. Por raz\u00f5es de seguran\u00e7a, o n\u00famero de presos e os locais de destino n\u00e3o ser\u00e3o divulgados&#8221;.<\/p>\n<p>A Seds afirmou ainda que os presos que precisaram de atendimentos m\u00e9dicos j\u00e1 retornaram ao pres\u00eddio. <em><strong>(Fonte: G1)<\/strong><\/em><\/p>\n","protected":false},"excerpt":{"rendered":"<p>Nove detentos foram levados a hospitais da cidade. Seds divulgou que o motivo alegado pelos preso \u00e9 a superlota\u00e7\u00e3o. Detentos do Pres\u00eddio Alvorada em Montes Claros, no Norte de Minas, fizeram uma rebeli\u00e3o na noite desta sexta-feira (13). Agentes penitenci\u00e1rios informaram que o tumulto aconteceu em todo a unidade. J\u00e1 a Secretaria de Estado de [&hellip;]<\/p>\n","protected":false},"author":1,"featured_media":52665,"comment_status":"open","ping_status":"closed","sticky":false,"template":"","format":"standard","meta":{"amp_status":"","footnotes":""},"categories":[1236],"tags":[33538,33537,31600,210,33534,33533,33535,33536],"class_list":["post-52664","post","type-post","status-publish","format-standard","has-post-thumbnail","hentry","category-norte_de_minas","tag-ailton-dsouza","tag-arlan-cristian","tag-lauro-fonseca","tag-montes-claros","tag-rebeliao-em-presidio-de-montes-claros","tag-rebeliao-em-presidio-de-montes-claros-deixa-27-feridos","tag-rebeliao-no-presidio-alvorada","tag-rebeliao-no-presidio-alvorada-em-montes-claros"],"_links":{"self":[{"href":"https:\/\/aconteceunovale.com.br\/portal\/index.php?rest_route=\/wp\/v2\/posts\/52664","targetHints":{"allow":["GET"]}}],"collection":[{"href":"https:\/\/aconteceunovale.com.br\/portal\/index.php?rest_route=\/wp\/v2\/posts"}],"about":[{"href":"https:\/\/aconteceunovale.com.br\/portal\/index.php?rest_route=\/wp\/v2\/types\/post"}],"author":[{"embeddable":true,"href":"https:\/\/aconteceunovale.com.br\/portal\/index.php?rest_route=\/wp\/v2\/users\/1"}],"replies":[{"embeddable":true,"href":"https:\/\/aconteceunovale.com.br\/portal\/index.php?rest_route=%2Fwp%2Fv2%2Fcomments&post=52664"}],"version-history":[{"count":0,"href":"https:\/\/aconteceunovale.com.br\/portal\/index.php?rest_route=\/wp\/v2\/posts\/52664\/revisions"}],"wp:featuredmedia":[{"embeddable":true,"href":"https:\/\/aconteceunovale.com.br\/portal\/index.php?rest_route=\/wp\/v2\/media\/52665"}],"wp:attachment":[{"href":"https:\/\/aconteceunovale.com.br\/portal\/index.php?rest_route=%2Fwp%2Fv2%2Fmedia&parent=52664"}],"wp:term":[{"taxonomy":"category","embeddable":true,"href":"https:\/\/aconteceunovale.com.br\/portal\/index.php?rest_route=%2Fwp%2Fv2%2Fcategories&post=52664"},{"taxonomy":"post_tag","embeddable":true,"href":"https:\/\/aconteceunovale.com.br\/portal\/index.php?rest_route=%2Fwp%2Fv2%2Ftags&post=52664"}],"curies":[{"name":"wp","href":"https:\/\/api.w.org\/{rel}","templated":true}]}}