{"id":52638,"date":"2015-02-13T20:21:52","date_gmt":"2015-02-13T23:21:52","guid":{"rendered":"http:\/\/aconteceunovale.com.br\/portal\/?p=52638"},"modified":"2015-02-13T20:21:52","modified_gmt":"2015-02-13T23:21:52","slug":"modelo-de-teofilo-otoni-e-eleita-miss-universo-mesoamerica-2015","status":"publish","type":"post","link":"https:\/\/aconteceunovale.com.br\/portal\/?p=52638","title":{"rendered":"Modelo de Te\u00f3filo Otoni \u00e9 eleita Miss Universo Mesoam\u00e9rica 2015"},"content":{"rendered":"<h4><strong><em>Vanessa Carvalho, de 25 anos, foi eleita em concurso na Guatemala. Modelo de 60 kg distribu\u00eddos em 1,72m concorreu com misses de 20 pa\u00edses.<\/em><\/strong><\/h4>\n<p>A modelo mineira Vanessa Carvalho, de 25 anos, foi eleita a Miss Universo Mesoam\u00e9rica 2015, em concurso realizado na Guatemala. Nascida em Te\u00f3filo Otoni, no Vale do Mucuri, a jovem j\u00e1 tinha conquistado o t\u00edtulo de Miss Brasil Mesoam\u00e9rica, no segundo semestre de 2014, em um concurso realizado em Manaus.<\/p>\n<p>Os primeiros trabalhos de Vanessa como modelo come\u00e7aram, aos 17 anos, quando a jovem fez um curso de modelo em Belo Horizonte. J\u00e1 os concursos como profissional come\u00e7aram em 2013, quando a jovem levou o t\u00edtulo de Miss Te\u00f3filo Otoni e Miss Minas Gerais Mesoam\u00e9rica, em 2014.<\/p>\n<p>A modelo de 60 quilos distribu\u00eddos em 1,72m concorreu com 20 misses de pa\u00edses como Estados Unidos, M\u00e9xico, Costa Rica, Porto Rico e El Salvador.<\/p>\n<p><img decoding=\"async\" src=\"http:\/\/aconteceunovale.com.br\/portal\/wp-content\/uploads\/2015\/02\/vanessa_carvalho.jpg\" alt=\"\" \/><em>Vanessa mora em Te\u00f3filo Otoni onde atua como apresentadora de TV (Foto: Carlos J\u00fanior\/Fotografias)<\/em><br \/>\n<\/br><\/p>\n<p><em><strong>(Inter TV dos Vales)<\/strong><\/em><\/p>\n","protected":false},"excerpt":{"rendered":"<p>Vanessa Carvalho, de 25 anos, foi eleita em concurso na Guatemala. Modelo de 60 kg distribu\u00eddos em 1,72m concorreu com misses de 20 pa\u00edses. A modelo mineira Vanessa Carvalho, de 25 anos, foi eleita a Miss Universo Mesoam\u00e9rica 2015, em concurso realizado na Guatemala. Nascida em Te\u00f3filo Otoni, no Vale do Mucuri, a jovem j\u00e1 [&hellip;]<\/p>\n","protected":false},"author":1,"featured_media":52639,"comment_status":"open","ping_status":"closed","sticky":false,"template":"","format":"standard","meta":{"amp_status":"","footnotes":""},"categories":[28848],"tags":[33512,33510,33509,33511,33508,164,27434],"class_list":["post-52638","post","type-post","status-publish","format-standard","has-post-thumbnail","hentry","category-mundo","tag-miss-brasil-mesoamerica","tag-miss-universo-mesoamerica","tag-miss-universo-mesoamerica-2015","tag-modelo-de-teofilo-otoni","tag-modelo-de-teofilo-otoni-e-eleita-miss-universo-mesoamerica-2015","tag-teofilo-otoni","tag-vanessa-carvalho"],"_links":{"self":[{"href":"https:\/\/aconteceunovale.com.br\/portal\/index.php?rest_route=\/wp\/v2\/posts\/52638","targetHints":{"allow":["GET"]}}],"collection":[{"href":"https:\/\/aconteceunovale.com.br\/portal\/index.php?rest_route=\/wp\/v2\/posts"}],"about":[{"href":"https:\/\/aconteceunovale.com.br\/portal\/index.php?rest_route=\/wp\/v2\/types\/post"}],"author":[{"embeddable":true,"href":"https:\/\/aconteceunovale.com.br\/portal\/index.php?rest_route=\/wp\/v2\/users\/1"}],"replies":[{"embeddable":true,"href":"https:\/\/aconteceunovale.com.br\/portal\/index.php?rest_route=%2Fwp%2Fv2%2Fcomments&post=52638"}],"version-history":[{"count":0,"href":"https:\/\/aconteceunovale.com.br\/portal\/index.php?rest_route=\/wp\/v2\/posts\/52638\/revisions"}],"wp:featuredmedia":[{"embeddable":true,"href":"https:\/\/aconteceunovale.com.br\/portal\/index.php?rest_route=\/wp\/v2\/media\/52639"}],"wp:attachment":[{"href":"https:\/\/aconteceunovale.com.br\/portal\/index.php?rest_route=%2Fwp%2Fv2%2Fmedia&parent=52638"}],"wp:term":[{"taxonomy":"category","embeddable":true,"href":"https:\/\/aconteceunovale.com.br\/portal\/index.php?rest_route=%2Fwp%2Fv2%2Fcategories&post=52638"},{"taxonomy":"post_tag","embeddable":true,"href":"https:\/\/aconteceunovale.com.br\/portal\/index.php?rest_route=%2Fwp%2Fv2%2Ftags&post=52638"}],"curies":[{"name":"wp","href":"https:\/\/api.w.org\/{rel}","templated":true}]}}