{"id":52635,"date":"2015-02-13T20:14:19","date_gmt":"2015-02-13T23:14:19","guid":{"rendered":"http:\/\/aconteceunovale.com.br\/portal\/?p=52635"},"modified":"2015-02-13T20:14:19","modified_gmt":"2015-02-13T23:14:19","slug":"novo-prefeito-de-frei-inocencio-sera-empossado-neste-sabado","status":"publish","type":"post","link":"https:\/\/aconteceunovale.com.br\/portal\/?p=52635","title":{"rendered":"Novo prefeito de Frei Inoc\u00eancio ser\u00e1 empossado neste s\u00e1bado"},"content":{"rendered":"<h4><strong><em>Jos\u00e9 Geraldo do PSDB toma posse neste s\u00e1bado (14). Ele entra no lugar de Carlos Vin\u00edcius cassado pelo TRE.<\/em><\/strong><\/h4>\n<p>Ser\u00e3o empossados neste s\u00e1bado (14), o novo prefeito de Frei Inoc\u00eancio, Jos\u00e9 Geraldo de Mattos Bicalho (PSDB) e o vice Waldivino Soares de Campos (PT do B). Eles entram no lugar de Carlos Vin\u00edcius de Carvalho Soares (PR) e Erotides Ara\u00fajo de Oliveira Filho (PMDB), que tiveram os mandatos cassados pelo Tribunal Regional Eleitoral de Minas Gerais por abuso de poder.<\/p>\n<p>A decis\u00e3o da Corte Eleitoral foi em outubro do ano passado, mas a ordem para a posse do segundo colocado nas elei\u00e7\u00f5es de 2012 foi divulgado nesta semana. A posse vai ser realizada \u00e0s 18 horas na C\u00e2mara Municipal de Frei Inoc\u00eancio. (G1)<\/p>\n","protected":false},"excerpt":{"rendered":"<p>Jos\u00e9 Geraldo do PSDB toma posse neste s\u00e1bado (14). Ele entra no lugar de Carlos Vin\u00edcius cassado pelo TRE. Ser\u00e3o empossados neste s\u00e1bado (14), o novo prefeito de Frei Inoc\u00eancio, Jos\u00e9 Geraldo de Mattos Bicalho (PSDB) e o vice Waldivino Soares de Campos (PT do B). Eles entram no lugar de Carlos Vin\u00edcius de Carvalho [&hellip;]<\/p>\n","protected":false},"author":1,"featured_media":52636,"comment_status":"open","ping_status":"closed","sticky":false,"template":"","format":"standard","meta":{"amp_status":"","footnotes":""},"categories":[121],"tags":[33505,20969,290,33507,20970,33506,33504],"class_list":["post-52635","post","type-post","status-publish","format-standard","has-post-thumbnail","hentry","category-leste","tag-carlos-vinicius-de-carvalho-soares","tag-erotides-araujo-de-oliveira-filho","tag-frei-inocencio","tag-jose-geraldo","tag-jose-geraldo-de-mattos-bicalho","tag-novo-prefeito-de-frei-inocencio-sera-empossado-neste-sabado","tag-waldivino-soares-de-campos"],"_links":{"self":[{"href":"https:\/\/aconteceunovale.com.br\/portal\/index.php?rest_route=\/wp\/v2\/posts\/52635","targetHints":{"allow":["GET"]}}],"collection":[{"href":"https:\/\/aconteceunovale.com.br\/portal\/index.php?rest_route=\/wp\/v2\/posts"}],"about":[{"href":"https:\/\/aconteceunovale.com.br\/portal\/index.php?rest_route=\/wp\/v2\/types\/post"}],"author":[{"embeddable":true,"href":"https:\/\/aconteceunovale.com.br\/portal\/index.php?rest_route=\/wp\/v2\/users\/1"}],"replies":[{"embeddable":true,"href":"https:\/\/aconteceunovale.com.br\/portal\/index.php?rest_route=%2Fwp%2Fv2%2Fcomments&post=52635"}],"version-history":[{"count":0,"href":"https:\/\/aconteceunovale.com.br\/portal\/index.php?rest_route=\/wp\/v2\/posts\/52635\/revisions"}],"wp:featuredmedia":[{"embeddable":true,"href":"https:\/\/aconteceunovale.com.br\/portal\/index.php?rest_route=\/wp\/v2\/media\/52636"}],"wp:attachment":[{"href":"https:\/\/aconteceunovale.com.br\/portal\/index.php?rest_route=%2Fwp%2Fv2%2Fmedia&parent=52635"}],"wp:term":[{"taxonomy":"category","embeddable":true,"href":"https:\/\/aconteceunovale.com.br\/portal\/index.php?rest_route=%2Fwp%2Fv2%2Fcategories&post=52635"},{"taxonomy":"post_tag","embeddable":true,"href":"https:\/\/aconteceunovale.com.br\/portal\/index.php?rest_route=%2Fwp%2Fv2%2Ftags&post=52635"}],"curies":[{"name":"wp","href":"https:\/\/api.w.org\/{rel}","templated":true}]}}