{"id":52628,"date":"2015-02-13T19:47:38","date_gmt":"2015-02-13T22:47:38","guid":{"rendered":"http:\/\/aconteceunovale.com.br\/portal\/?p=52628"},"modified":"2015-02-13T19:50:10","modified_gmt":"2015-02-13T22:50:10","slug":"incendio-destroi-caminhao-em-montes-claros","status":"publish","type":"post","link":"https:\/\/aconteceunovale.com.br\/portal\/?p=52628","title":{"rendered":"Inc\u00eandio destr\u00f3i caminh\u00e3o em Montes Claros"},"content":{"rendered":"<h4><em><strong>Ve\u00edculo estava descarregado no momento do inc\u00eandio e n\u00e3o provocou explos\u00f5es.<\/strong><\/em><\/h4>\n<p>Um caminh\u00e3o tanque ficou completamente destru\u00eddo ap\u00f3s pegar fogo na manh\u00e3 desta sexta-feira (13) na Avenida Deputado Esteves Rodrigues, em Montes Claros, no Norte de Minas. O ve\u00edculo estava vazio e ningu\u00e9m ficou ferido.<\/p>\n<p>Conforme informa\u00e7\u00f5es do Corpo de Bombeiros, por volta de 8h, o ve\u00edculo que estava estacionado come\u00e7ou a pegar fogo. O caminh\u00e3o usado para transportar produtos qu\u00edmicos estava descarregado no momento das chamas e n\u00e3o provocou explos\u00f5es. Ainda n\u00e3o se sabe o que teria provocado o in\u00edcio das chamas.<\/p>\n<p>Para apagar o fogo, foram necess\u00e1rios 2.000 litros de \u00e1gua e 20 minutos de trabalho dos bombeiros. A via ficou interditada por mais de 50 minutos para o trabalho de controle as chamas e a retirada dos ve\u00edculos. <\/p>\n<p><img decoding=\"async\" src=\"http:\/\/aconteceunovale.com.br\/portal\/wp-content\/uploads\/2015\/02\/incendio_moc_13_3.jpg\" alt=\"\" \/><em>Ve\u00edculo estava descarregado no momento do inc\u00eandio (Foto: Inter TV Grande Minas)<\/em><br \/>\n<\/br><\/p>\n<p><em><strong>(O Tempo)<\/strong><\/em><\/p>\n","protected":false},"excerpt":{"rendered":"<p>Ve\u00edculo estava descarregado no momento do inc\u00eandio e n\u00e3o provocou explos\u00f5es. Um caminh\u00e3o tanque ficou completamente destru\u00eddo ap\u00f3s pegar fogo na manh\u00e3 desta sexta-feira (13) na Avenida Deputado Esteves Rodrigues, em Montes Claros, no Norte de Minas. O ve\u00edculo estava vazio e ningu\u00e9m ficou ferido. Conforme informa\u00e7\u00f5es do Corpo de Bombeiros, por volta de 8h, [&hellip;]<\/p>\n","protected":false},"author":1,"featured_media":52629,"comment_status":"open","ping_status":"closed","sticky":false,"template":"","format":"standard","meta":{"amp_status":"","footnotes":""},"categories":[1236],"tags":[33503,210],"class_list":["post-52628","post","type-post","status-publish","format-standard","has-post-thumbnail","hentry","category-norte_de_minas","tag-incendio-destroi-caminhao-em-montes-claros","tag-montes-claros"],"_links":{"self":[{"href":"https:\/\/aconteceunovale.com.br\/portal\/index.php?rest_route=\/wp\/v2\/posts\/52628","targetHints":{"allow":["GET"]}}],"collection":[{"href":"https:\/\/aconteceunovale.com.br\/portal\/index.php?rest_route=\/wp\/v2\/posts"}],"about":[{"href":"https:\/\/aconteceunovale.com.br\/portal\/index.php?rest_route=\/wp\/v2\/types\/post"}],"author":[{"embeddable":true,"href":"https:\/\/aconteceunovale.com.br\/portal\/index.php?rest_route=\/wp\/v2\/users\/1"}],"replies":[{"embeddable":true,"href":"https:\/\/aconteceunovale.com.br\/portal\/index.php?rest_route=%2Fwp%2Fv2%2Fcomments&post=52628"}],"version-history":[{"count":0,"href":"https:\/\/aconteceunovale.com.br\/portal\/index.php?rest_route=\/wp\/v2\/posts\/52628\/revisions"}],"wp:featuredmedia":[{"embeddable":true,"href":"https:\/\/aconteceunovale.com.br\/portal\/index.php?rest_route=\/wp\/v2\/media\/52629"}],"wp:attachment":[{"href":"https:\/\/aconteceunovale.com.br\/portal\/index.php?rest_route=%2Fwp%2Fv2%2Fmedia&parent=52628"}],"wp:term":[{"taxonomy":"category","embeddable":true,"href":"https:\/\/aconteceunovale.com.br\/portal\/index.php?rest_route=%2Fwp%2Fv2%2Fcategories&post=52628"},{"taxonomy":"post_tag","embeddable":true,"href":"https:\/\/aconteceunovale.com.br\/portal\/index.php?rest_route=%2Fwp%2Fv2%2Ftags&post=52628"}],"curies":[{"name":"wp","href":"https:\/\/api.w.org\/{rel}","templated":true}]}}