{"id":52625,"date":"2015-02-13T19:34:10","date_gmt":"2015-02-13T22:34:10","guid":{"rendered":"http:\/\/aconteceunovale.com.br\/portal\/?p=52625"},"modified":"2015-02-13T19:34:10","modified_gmt":"2015-02-13T22:34:10","slug":"lagarta-afeta-plantacoes-e-mantem-estados-em-condicao-de-emergencia","status":"publish","type":"post","link":"https:\/\/aconteceunovale.com.br\/portal\/?p=52625","title":{"rendered":"Lagarta afeta planta\u00e7\u00f5es e mant\u00e9m estados em condi\u00e7\u00e3o de emerg\u00eancia"},"content":{"rendered":"<h4><em><strong>Lagarta Helicoverpa armigera\u00a0ataca a soja, o milho, o algod\u00e3o, o sorgo, o tomate e as plantas frut\u00edferas, culturas importantes para o pa\u00eds.<\/strong><\/em><\/h4>\n<p>Os estados da Bahia, de Mato Grosso, Minas Gerais, do Piau\u00ed e de Goi\u00e1s tiveram a condi\u00e7\u00e3o de emerg\u00eancia fitossanit\u00e1ria renovada por mais um ano. A causa da medida \u00e9 a presen\u00e7a da lagarta\u00a0<em>Helicoverpa armigera<\/em>, que, desde 2012, ataca as planta\u00e7\u00f5es de diversas culturas. Al\u00e9m desses estados, Alagoas e Maranh\u00e3o tamb\u00e9m est\u00e3o na condi\u00e7\u00e3o de emerg\u00eancia e integram a lista das localidades com concentra\u00e7\u00e3o da praga, que recebem do Minist\u00e9rio da Agricultura, Pecu\u00e1ria e Abastecimento orienta\u00e7\u00f5es para adotar medidas de combate.<\/p>\n<p><img decoding=\"async\" src=\"http:\/\/aconteceunovale.com.br\/portal\/wp-content\/uploads\/2015\/02\/lagarta_mg.jpg\" alt=\"\" \/><em>A lagarta Helicoverpa armigera foi identificada no pa\u00eds em 2012 &#8211; Foto: Reprodu\u00e7\u00e3o<\/em><br \/>\n<\/br><\/p>\n<p>A\u00a0<em>Helicoverpa armigera<\/em>\u00a0ataca a soja, o milho, o algod\u00e3o, o sorgo, o tomate e as plantas frut\u00edferas, culturas importantes para o pa\u00eds. O diretor de Sanidade Vegetal do Minist\u00e9rio da Agricultura, Lu\u00eds Rangel, explica que a praga n\u00e3o chega ser um risco para que outros pa\u00edses barrem os produtos brasileiros. \u201cN\u00e3o \u00e9 um risco para as exporta\u00e7\u00f5es, a n\u00e3o ser em termos de perda de produtividade, mas ela n\u00e3o \u00e9 uma barreira fitossanit\u00e1ria\u201d.<\/p>\n<p>Rangel ressalta que as condi\u00e7\u00f5es clim\u00e1ticas do oeste da Bahia s\u00e3o favor\u00e1veis \u00e0 prolifera\u00e7\u00e3o da lagarta e que a regi\u00e3o \u00e9 hoje a \u00e1rea com maiores danos. Segundo ele, o minist\u00e9rio age em tr\u00eas frentes de combate. A primeira \u00e9 quanto \u00e0 regula\u00e7\u00e3o de produtos que podem ser usados para combater a <em>Helicoverpa armigera<\/em>. O controle da lagarta \u00e9 feito por meio de produtos qu\u00edmicos e biol\u00f3gicos.<\/p>\n<p>A segunda a\u00e7\u00e3o \u00e9 a pesquisa para desenvolver tecnologias, feita pela\u00a0<a href=\"https:\/\/www.embrapa.br\/alerta-helicoverpa\" target=\"_blank\">Empresa Brasileira de Pesquisa Agropecu\u00e1ria (Embrapa)<\/a>. Em terceiro lugar, vem a educa\u00e7\u00e3o sanit\u00e1ria com a orienta\u00e7\u00e3o dos agricultores:\u00a0 \u201cexplicar que v\u00e1rias estrat\u00e9gias de manejo conjuntas \u00e9 que vai fazer a gente ter sucesso no combate \u00e0 praga. S\u00f3 o uso de defensivos ou da tecnologia transg\u00eanica n\u00e3o \u00e9 suficiente. \u00c9 preciso fazer uma s\u00e9rie de\u00a0 estrat\u00e9gias em cadeia para ter o controle.\u201d<\/p>\n<p>Entre as a\u00e7\u00f5es j\u00e1 adotadas est\u00e1 a permiss\u00e3o para importa\u00e7\u00e3o tempor\u00e1ria de agrot\u00f3xicos que contenham benzoato de emamectina como ingrediente ativo. Essa subst\u00e2ncia n\u00e3o \u00e9 registrada no Brasil, pois nenhuma empresa fez o pedido. \u201cO produto \u00e9 usado em 37 pa\u00edses, principalmente nos mais desenvolvidos, para o controle da\u00a0<em>Helicoverpa armigera<\/em>. Aproveitamos essa experi\u00eancia e, por meio de uma regula\u00e7\u00e3o espec\u00edfica, podemos autorizar apenas neste momento de emerg\u00eancia, o uso pontual emergencial desse produto\u201d. \u00c9 poss\u00edvel fazer tamb\u00e9m uso de agentes de controle biol\u00f3gico, entre outras a\u00e7\u00f5es.<\/p>\n<p>A lagarta foi identificada no pa\u00eds em 2012. Segundo o\u00a0<em>site<\/em>\u00a0do minist\u00e9rio, n\u00e3o se sabe ainda como a<em>Helicoverpa armigera\u00a0<\/em>chegou ao Brasil e estudos no DNA buscam identificar a origem da lagarta. A nova praga \u00e9 diferente de outra esp\u00e9cie j\u00e1 existente no Brasil, conhecida como lagarta da espiga de milho, e de outra encontrada na Argentina.<\/p>\n<p>Na safra 2012\/2013, s\u00f3 no oeste da Bahia, estima-se preju\u00edzo de R$ 2 bilh\u00f5es. Rangel ressalta que as medidas adotadas ainda s\u00e3o consideradas emergenciais, mas que o conhecimento adquirido tem ajudado no combate. \u201cPrecisamos fazer com que os processos definitivos sejam conclu\u00eddos para que tenhamos ferramentas dispon\u00edveis em quantidade e qualidade para poder conviver com esta praga.\u201d (Ag\u00eancia Brasil)<\/p>\n","protected":false},"excerpt":{"rendered":"<p>Lagarta Helicoverpa armigera\u00a0ataca a soja, o milho, o algod\u00e3o, o sorgo, o tomate e as plantas frut\u00edferas, culturas importantes para o pa\u00eds. Os estados da Bahia, de Mato Grosso, Minas Gerais, do Piau\u00ed e de Goi\u00e1s tiveram a condi\u00e7\u00e3o de emerg\u00eancia fitossanit\u00e1ria renovada por mais um ano. A causa da medida \u00e9 a presen\u00e7a da [&hellip;]<\/p>\n","protected":false},"author":1,"featured_media":52626,"comment_status":"open","ping_status":"closed","sticky":false,"template":"","format":"standard","meta":{"amp_status":"","footnotes":""},"categories":[6],"tags":[25577,29596,33498,33497,33496,33500,33499,33502,33501],"class_list":["post-52625","post","type-post","status-publish","format-standard","has-post-thumbnail","hentry","category-br","tag-agricultura","tag-embrapa","tag-empresa-brasileira-de-pesquisa-agropecuaria","tag-helicoverpa-armigera","tag-lagarta-afeta-plantacoes-e-mantem-estados-em-condicao-de-emergencia","tag-lagarta-helicoverpa-armigera","tag-lagartahelicoverpa-armigera","tag-ministerio-da-agricultura-pecuaria-e-abastecimento","tag-praga"],"_links":{"self":[{"href":"https:\/\/aconteceunovale.com.br\/portal\/index.php?rest_route=\/wp\/v2\/posts\/52625","targetHints":{"allow":["GET"]}}],"collection":[{"href":"https:\/\/aconteceunovale.com.br\/portal\/index.php?rest_route=\/wp\/v2\/posts"}],"about":[{"href":"https:\/\/aconteceunovale.com.br\/portal\/index.php?rest_route=\/wp\/v2\/types\/post"}],"author":[{"embeddable":true,"href":"https:\/\/aconteceunovale.com.br\/portal\/index.php?rest_route=\/wp\/v2\/users\/1"}],"replies":[{"embeddable":true,"href":"https:\/\/aconteceunovale.com.br\/portal\/index.php?rest_route=%2Fwp%2Fv2%2Fcomments&post=52625"}],"version-history":[{"count":0,"href":"https:\/\/aconteceunovale.com.br\/portal\/index.php?rest_route=\/wp\/v2\/posts\/52625\/revisions"}],"wp:featuredmedia":[{"embeddable":true,"href":"https:\/\/aconteceunovale.com.br\/portal\/index.php?rest_route=\/wp\/v2\/media\/52626"}],"wp:attachment":[{"href":"https:\/\/aconteceunovale.com.br\/portal\/index.php?rest_route=%2Fwp%2Fv2%2Fmedia&parent=52625"}],"wp:term":[{"taxonomy":"category","embeddable":true,"href":"https:\/\/aconteceunovale.com.br\/portal\/index.php?rest_route=%2Fwp%2Fv2%2Fcategories&post=52625"},{"taxonomy":"post_tag","embeddable":true,"href":"https:\/\/aconteceunovale.com.br\/portal\/index.php?rest_route=%2Fwp%2Fv2%2Ftags&post=52625"}],"curies":[{"name":"wp","href":"https:\/\/api.w.org\/{rel}","templated":true}]}}