{"id":52612,"date":"2015-02-13T18:47:17","date_gmt":"2015-02-13T21:47:17","guid":{"rendered":"http:\/\/aconteceunovale.com.br\/portal\/?p=52612"},"modified":"2015-02-13T18:47:17","modified_gmt":"2015-02-13T21:47:17","slug":"blitz-alerta-folioes-sobre-o-risco-de-acidentes-no-norte-de-minas","status":"publish","type":"post","link":"https:\/\/aconteceunovale.com.br\/portal\/?p=52612","title":{"rendered":"Blitz alerta foli\u00f5es sobre o risco de acidentes no Norte de Minas"},"content":{"rendered":"<h4><em><strong>No Norte de Minas, institui\u00e7\u00f5es p\u00fablicas realizam blitz educativa para prevenir acidentes nas estradas durante o carnaval<\/strong><\/em><\/h4>\n<p>Na manh\u00e3 desta sexta-feira, 13\/02, uma grande mobiliza\u00e7\u00e3o marcou o in\u00edcio do carnaval no Norte de Minas. O Servi\u00e7o de Atendimento M\u00f3vel de Urg\u00eancia (Samu) a, Pol\u00edcia Militar Rodovi\u00e1ria e de Meio Ambiente, Departamento de Estadas de Rodagem (DER), Sest\/Senat, Comad, Sindicato dos Corretores de Seguro e Auto Escola Ideal se uniram para realizar uma blitz educativa e orientar motoristas e foli\u00f5es quanto aos cuidados para prevenir acidentes nas estradas e dar dicas para aproveitar a festa com seguran\u00e7a e tranquilidade.<\/p>\n<p>A blitz foi realizada na LMG-635, km 14, no trevo que d\u00e1 acesso \u00e0 BR-251, sa\u00edda para os munic\u00edpios de Jana\u00faba, Capit\u00e3o Eneas, Gr\u00e3o Mogol e para o litoral.<\/p>\n<p><img decoding=\"async\" src=\"http:\/\/aconteceunovale.com.br\/portal\/wp-content\/uploads\/2015\/02\/blitz_samu_norte_mg_2.jpg\" alt=\"\" \/><em>Blitz alerta foli\u00f5es sobre o risco de acidentes no Norte de Minas &#8211; Foto: Jer\u00fasia Arruda<\/em><br \/>\n<\/br><\/p>\n<p>A blitz reuniu dezenas de profissionais das institui\u00e7\u00f5es parceiras que orientaram sobre os cuidados nas estradas para evitar acidentes, o risco do consumo excessivo de \u00e1lcool e de dirigir alcoolizado e dicas para participar da folia em locais de grande concentra\u00e7\u00e3o de p\u00fablico de forma segura.<\/p>\n<p>O coordenador do Samu Macro Norte, Enius Freire Versiani, destaca que a a\u00e7\u00e3o \u00e9 uma iniciativa volunt\u00e1ria e solid\u00e1ria de institui\u00e7\u00f5es e de pessoas que trabalham pela promo\u00e7\u00e3o e defesa da vida. \u201cMas o objetivo s\u00f3 poder\u00e1 ser alcan\u00e7ado se cada um fizer sua parte, n\u00e3o expondo a pr\u00f3pria vida e a vida de outras pessoas a riscos desnecess\u00e1rios\u201d, adverte.<\/p>\n<p>O Major Paulo Veloso, comandante da Pol\u00edcia Rodovi\u00e1ria Estadual, ressalta a import\u00e2ncia da parceria para promover a conscientiza\u00e7\u00e3o das pessoas quanto \u00e0 necessidade do autocuidado. \u201cEsta a\u00e7\u00e3o \u00e9 rotina do nosso trabalho, mas em ocasi\u00f5es em que ocorre o aumento no fluxo de ve\u00edculos nas estradas, como \u00e9 o caso do carnaval, contar com o apoio de institui\u00e7\u00f5es que estejam imbu\u00eddas do esp\u00edrito de preserva\u00e7\u00e3o e defesa da vida, como ocorreu nesta opera\u00e7\u00e3o, faz uma grande diferen\u00e7a\u201d, avalia. Segundo o militar, Montes Claros \u00e9 o segundo maior entroncamento do pa\u00eds e a expectativa \u00e9 que durante o per\u00edodo de carnaval cerca de 300 mil ve\u00edculos transitem pelas rodovias estaduais da regi\u00e3o.<\/p>\n<p><img decoding=\"async\" src=\"http:\/\/aconteceunovale.com.br\/portal\/wp-content\/uploads\/2015\/02\/blitz_samu_norte_mg_5.jpg\" alt=\"\" \/><em>Blitz alerta foli\u00f5es sobre o risco de acidentes no Norte de Minas &#8211; Foto: Jer\u00fasia Arruda<\/em><br \/>\n<\/br><\/p>\n<p><strong>Mobiliza\u00e7\u00e3o<\/strong><\/p>\n<p>A blitz foi realizada pela manh\u00e3 e durante a a\u00e7\u00e3o foram distribu\u00eddos aos motoristas folders com orienta\u00e7\u00f5es para um tr\u00e2nsito seguro, preven\u00e7\u00e3o \u00e0s doen\u00e7as sexualmente transmiss\u00edveis, com distribui\u00e7\u00e3o de preservativos masculinos.<\/p>\n<p>Os socorristas do Samu Macro Norte orientaram sobre o autocuidado e alertaram quanto \u00e0s medidas protetivas, como o uso de cadeirinha de seguran\u00e7a nos ve\u00edculos e n\u00e3o beber e dirigir, para evitar acidentes. Os socorristas tamb\u00e9m chamaram a aten\u00e7\u00e3o para os danos f\u00edsicos, psicol\u00f3gicos e materiais causados \u00e0s v\u00edtimas de acidentes, que tem sido uma dos principais motivos de acionamento do servi\u00e7o, respondendo por mais de 60% dos atendimentos por causa externa realizados na regi\u00e3o, especialmente nos feriados prolongados, como o carnaval.<\/p>\n<p>Com o objetivo de proporcionar seguran\u00e7a aos motoristas e passageiros nas rodovias estaduais, de acordo com o Tenente Magnus, a Pol\u00edcia Rodovi\u00e1ria vai manter a blitz pelas estradas da regi\u00e3o at\u00e9 o final do feriado de Carnaval, na quarta-feira de cinzas.<\/p>\n<p><img decoding=\"async\" src=\"http:\/\/aconteceunovale.com.br\/portal\/wp-content\/uploads\/2015\/02\/blitz_samu_norte_mg_1.jpg\" alt=\"\" \/><em>Blitz alerta foli\u00f5es sobre o risco de acidentes no Norte de Minas &#8211; Foto: Jer\u00fasia Arruda<\/em><br \/>\n<\/br><\/p>\n<p><img decoding=\"async\" src=\"http:\/\/aconteceunovale.com.br\/portal\/wp-content\/uploads\/2015\/02\/blitz_samu_norte_mg_3.jpg\" alt=\"\" \/><em>Blitz alerta foli\u00f5es sobre o risco de acidentes no Norte de Minas &#8211; Foto: Jer\u00fasia Arruda<\/em><br \/>\n<\/br><\/p>\n<p><img decoding=\"async\" src=\"http:\/\/aconteceunovale.com.br\/portal\/wp-content\/uploads\/2015\/02\/blitz_samu_norte_mg_4.jpg\" alt=\"\" \/><em>Blitz alerta foli\u00f5es sobre o risco de acidentes no Norte de Minas &#8211; Foto: Jer\u00fasia Arruda<\/em><br \/>\n<\/br><\/p>\n<p><em><strong>(Jer\u00fasia Arruda \/ Ascom Samu Macro Norte)<\/strong><\/em><\/p>\n","protected":false},"excerpt":{"rendered":"<p>No Norte de Minas, institui\u00e7\u00f5es p\u00fablicas realizam blitz educativa para prevenir acidentes nas estradas durante o carnaval Na manh\u00e3 desta sexta-feira, 13\/02, uma grande mobiliza\u00e7\u00e3o marcou o in\u00edcio do carnaval no Norte de Minas. O Servi\u00e7o de Atendimento M\u00f3vel de Urg\u00eancia (Samu) a, Pol\u00edcia Militar Rodovi\u00e1ria e de Meio Ambiente, Departamento de Estadas de Rodagem [&hellip;]<\/p>\n","protected":false},"author":1,"featured_media":52616,"comment_status":"open","ping_status":"closed","sticky":false,"template":"","format":"standard","meta":{"amp_status":"","footnotes":""},"categories":[1236],"tags":[33477,33469,33468,33471,33470,1429,33475,33479,33473,1018,25414,1153,204,33478,210,33472,13731,4040,29806,33474,33476],"class_list":["post-52612","post","type-post","status-publish","format-standard","has-post-thumbnail","hentry","category-norte_de_minas","tag-auto-escola-ideal","tag-blitz-alerta-folioes-de-montes-claros-sobre-o-risco-de-acidentes","tag-blitz-alerta-folioes-do-norte-de-minas-sobre-o-risco-de-acidentes","tag-blitz-alerta-folioes-sobre-o-risco-de-acidentes-no-norte-de-minas","tag-blitz-em-montes-claros-alerta-folioes-sobre-o-risco-de-acidentes","tag-capitao-eneas","tag-comad","tag-comandante-da-policia-rodoviaria-estadual","tag-departamento-de-estadas-de-rodagem","tag-destaque","tag-enius-freire-versiani","tag-grao-mogol","tag-janauba","tag-major-paulo-veloso","tag-montes-claros","tag-policia-militar-rodoviaria-e-de-meio-ambiente","tag-samu","tag-samu-macro-norte","tag-servico-de-atendimento-movel-de-urgencia","tag-sestsenat","tag-sindicato-dos-corretores-de-seguro"],"_links":{"self":[{"href":"https:\/\/aconteceunovale.com.br\/portal\/index.php?rest_route=\/wp\/v2\/posts\/52612","targetHints":{"allow":["GET"]}}],"collection":[{"href":"https:\/\/aconteceunovale.com.br\/portal\/index.php?rest_route=\/wp\/v2\/posts"}],"about":[{"href":"https:\/\/aconteceunovale.com.br\/portal\/index.php?rest_route=\/wp\/v2\/types\/post"}],"author":[{"embeddable":true,"href":"https:\/\/aconteceunovale.com.br\/portal\/index.php?rest_route=\/wp\/v2\/users\/1"}],"replies":[{"embeddable":true,"href":"https:\/\/aconteceunovale.com.br\/portal\/index.php?rest_route=%2Fwp%2Fv2%2Fcomments&post=52612"}],"version-history":[{"count":0,"href":"https:\/\/aconteceunovale.com.br\/portal\/index.php?rest_route=\/wp\/v2\/posts\/52612\/revisions"}],"wp:featuredmedia":[{"embeddable":true,"href":"https:\/\/aconteceunovale.com.br\/portal\/index.php?rest_route=\/wp\/v2\/media\/52616"}],"wp:attachment":[{"href":"https:\/\/aconteceunovale.com.br\/portal\/index.php?rest_route=%2Fwp%2Fv2%2Fmedia&parent=52612"}],"wp:term":[{"taxonomy":"category","embeddable":true,"href":"https:\/\/aconteceunovale.com.br\/portal\/index.php?rest_route=%2Fwp%2Fv2%2Fcategories&post=52612"},{"taxonomy":"post_tag","embeddable":true,"href":"https:\/\/aconteceunovale.com.br\/portal\/index.php?rest_route=%2Fwp%2Fv2%2Ftags&post=52612"}],"curies":[{"name":"wp","href":"https:\/\/api.w.org\/{rel}","templated":true}]}}